{"id":771,"date":"2021-12-18T09:54:54","date_gmt":"2021-12-18T08:54:54","guid":{"rendered":"https:\/\/hyperbate.fr\/revoyure\/?p=771"},"modified":"2021-12-18T11:49:12","modified_gmt":"2021-12-18T10:49:12","slug":"jonathan-hagard","status":"publish","type":"post","link":"https:\/\/hyperbate.fr\/revoyure\/2021\/12\/18\/jonathan-hagard\/","title":{"rendered":"Jonathan Hagard"},"content":{"rendered":"\n<figure class=\"wp-block-image size-large\"><a href=\"https:\/\/hyperbate.fr\/revoyure\/files\/2021\/12\/jonathan_hagard.jpg\"><img decoding=\"async\" width=\"1024\" height=\"768\" src=\"https:\/\/hyperbate.fr\/revoyure\/files\/2021\/12\/jonathan_hagard-1024x768.jpg\" alt=\"\" class=\"wp-image-805\" srcset=\"https:\/\/hyperbate.fr\/revoyure\/files\/2021\/12\/jonathan_hagard-1024x768.jpg 1024w, https:\/\/hyperbate.fr\/revoyure\/files\/2021\/12\/jonathan_hagard-300x225.jpg 300w, https:\/\/hyperbate.fr\/revoyure\/files\/2021\/12\/jonathan_hagard-768x576.jpg 768w, https:\/\/hyperbate.fr\/revoyure\/files\/2021\/12\/jonathan_hagard-400x300.jpg 400w, https:\/\/hyperbate.fr\/revoyure\/files\/2021\/12\/jonathan_hagard.jpg 1200w\" sizes=\"(max-width: 1024px) 100vw, 1024px\" \/><\/a><figcaption>Lieu : <em>Au P\u00e8re tranquille<\/em>, bistro bien connu du quartier des Halles \u00e0 Paris.<br>(9 d\u00e9cembre 2021)<\/figcaption><\/figure>\n\n\n\n<p>Jonathan est n\u00e9 en 1986. Il a grandi \u00e0 Survilliers, dans le Val-d&rsquo;Oise, \u00e0 la fronti\u00e8re de la Picardie. Son p\u00e8re est fran\u00e7ais, et sa m\u00e8re indon\u00e9sienne. Si personne dans sa famille n&rsquo;a eu de parcours li\u00e9 \u00e0 la cr\u00e9ation artistique et n&rsquo;a pu le guider dans son orientation, Jonathan pense que sa famille indon\u00e9sienne autant que l&rsquo;int\u00e9r\u00eat de son p\u00e8re pour les volcans ne sont pas pour rien dans la construction de sa sensibilit\u00e9 esth\u00e9tique. Il a toujours dessin\u00e9, et apr\u00e8s son bac il est entr\u00e9 en classe pr\u00e9paratoire aux \u00e9coles d&rsquo;art, sans projet pr\u00e9cis, envisageant d&rsquo;abord l&rsquo;architecture puis le graphisme. \u00c0 la m\u00eame \u00e9poque, au festival d&rsquo;Angoul\u00eame il a rencontr\u00e9 Philippe Massonnet, du studio <a rel=\"noreferrer noopener\" href=\"https:\/\/doncvoilaproductions.wordpress.com\/\" data-type=\"URL\" data-id=\"https:\/\/doncvoilaproductions.wordpress.com\/\" target=\"_blank\"><em>Doncvoil\u00e0<\/em><\/a>, o\u00f9 il a effectu\u00e9 deux stages dans le domaine qui finirait par s&rsquo;imposer dans sa pratique\u202f: le dessin anim\u00e9. Le premier stage \u00e9tait consacr\u00e9 \u00e0 une s\u00e9rie intitul\u00e9e <em>Les contes de Christophe Blain<\/em> (qui ne me semble pas \u00eatre all\u00e9e jusqu&rsquo;\u00e0 la diffusion) et le second, \u00e0 la s\u00e9rie <em>Karambolage<\/em>, sur Arte.<br>Jonathan a pass\u00e9 le concours de l&rsquo;\u00e9cole d&rsquo;art d&rsquo;Amiens et celui de Nantes, o\u00f9 il a \u00e9t\u00e9 re\u00e7u. Apr\u00e8s un an, il est pass\u00e9 de Nantes \u00e0 Rennes, dont l&rsquo;\u00e9cole l&rsquo;a accueilli en \u00e9quivalence en deuxi\u00e8me ann\u00e9e. C&rsquo;est l\u00e0 que je l&rsquo;ai rencontr\u00e9, alors qu&rsquo;il \u00e9tait en second cycle. Entra\u00een\u00e9 par son camarade <a href=\"https:\/\/hyperbate.fr\/revoyure\/2014\/07\/03\/valery-ly\/\" data-type=\"post\" data-id=\"359\">Val\u00e9ry<\/a>, il s&rsquo;\u00e9tait mis \u00e0 utiliser le logiciel Flash pour produire ses films d&rsquo;animation et rendre leur consultation interactive. \u00c9tienne Mineur, qui intervenait aussi \u00e0 l&rsquo;\u00e9poque \u00e0 l&rsquo;\u00e9cole d&rsquo;art de Rennes, lui avait sugg\u00e9r\u00e9 de rendre ces animations plus dynamiques encore en leur faisant chercher sur Internet des informations en temps r\u00e9el, des flux RSS de bulletins m\u00e9t\u00e9o par exemple. J&rsquo;avais donn\u00e9 un coup de main \u00e0 Val\u00e9ry sur ce genre de questions techniques. J&rsquo;ai le souvenir de la perplexit\u00e9 de certains de mes coll\u00e8gues enseignants en design graphique, qui appr\u00e9ciaient l&rsquo;univers d\u00e9velopp\u00e9 par Jonathan et admiraient sa minutie et son obstination \u2014 car il en faut, de l&rsquo;obstination, avec le dessin anim\u00e9 \u2014, mais ne savaient pas toujours bien comment l&rsquo;aider. Au fond, son identit\u00e9 d&rsquo;auteur \u00e9tait d\u00e9j\u00e0 bien construite. Il avait pourtant la sensation d&rsquo;\u00eatre en train de se chercher lui-m\u00eame, et l&rsquo;environnement de l&rsquo;\u00e9cole d&rsquo;art l&rsquo;avait d&rsquo;abord d\u00e9rang\u00e9 : un m\u00e9lange de libert\u00e9 et de chaos, sans enseignement acad\u00e9mique et sans orientation clairement impos\u00e9e. Il a fini par s&rsquo;y habituer et m\u00eame par l&rsquo;appr\u00e9cier. Il a obtenu son DNSEP en 2010. Ses films d&rsquo;animation \u00e9taient consacr\u00e9s aux rues de Jakarta ou de Tokyo, dont il montre \u00e0 la fois l&rsquo;architecture et les personnes. De par son p\u00e8re, employ\u00e9 chez Air France, il a pu assez longtemps profiter de tarifs avantageux pour voyager en Asie. En 2007, il a effectu\u00e9 un stage de quelques mois \u00e0 Jakarta, toujours dans le domaine de l&rsquo;animation. Il a ensuite pass\u00e9 deux ans \u00e0 Londres chez <em><a rel=\"noreferrer noopener\" href=\"https:\/\/www.unit9.com\/\" target=\"_blank\">Unit9<\/a><\/em>, dans le domaine du design interactif. C&rsquo;\u00e9tait encore la grande \u00e9poque de Flash, outil qui permettait \u00e0 des gens d&rsquo;horizons tr\u00e8s diff\u00e9rents \u2014 artistes, programmeurs, auteurs de contenu \u2014 de d\u00e9velopper des projets divers. Jonathan a vu, ann\u00e9e apr\u00e8s ann\u00e9e, les projets devenir de moins en moins int\u00e9ressants. Apr\u00e8s <em>Unit9<\/em>, il s&rsquo;\u00e9tablit comme Freelance mais l&rsquo;exp\u00e9rience n&rsquo;est pas concluante. Il repart en Indon\u00e9sie o\u00f9 il rencontre un japonais qui, s\u00e9duit par ses productions, lui propose de le rejoindre quelques mois plus tard (le temps d&rsquo;apprendre la langue) \u00e0 Kyoto, chez <em><a rel=\"noreferrer noopener\" href=\"https:\/\/www.1-10.com\/works\" target=\"_blank\">1-10 design<\/a><\/em>. Un mois avant la date, il n&rsquo;\u00e9tait plus certain que l&rsquo;invitation tienne toujours, mais si, c&rsquo;est ainsi que Jonathan d\u00e9barque au Japon, pas vraiment pr\u00e9par\u00e9, notamment du point de vue administratif (son employeur n&rsquo;ayant alors aucune exp\u00e9rience de l&#8217;embauche des \u00e9trangers), mais les fonctionnaires Kyoto\u00eftes se montreront plut\u00f4t bienveillants et il obtiendra son visa de travail. Le probl\u00e8me administratif le plus inattendu auquel il a fait face \u00e0 l&rsquo;\u00e9poque fut l&rsquo;obligation de produire l&rsquo;original de son dipl\u00f4me d&rsquo;\u00e9cole d&rsquo;art, car si un tel document n&rsquo;est jamais demand\u00e9 \u00e0 personne en France, il en va tout autrement dans bien des pays et notamment, au Japon.<br>Jonathan sera employ\u00e9 de <em>1-10 design<\/em> pendant six ans qui lui permettront d&rsquo;apprendre beaucoup de choses \u2014 notamment de se familiariser avec la R\u00e9alit\u00e9 Virtuelle, et avant \u00e7a avec l&rsquo;Intelligence artificielle, puisqu&rsquo;il a travaill\u00e9 sur l&rsquo;interface du robot <em>Pepper <\/em>\u2014, mais aussi de mettre de l&rsquo;argent de c\u00f4t\u00e9 pour, enfin, retourner \u00e0 ses travaux personnels. <\/p>\n\n\n\n<p>Pendant ses ann\u00e9es au Japon, Jonathan a gard\u00e9 contact avec l&rsquo;Indon\u00e9sie, o\u00f9 il s&rsquo;est rendu r\u00e9guli\u00e8rement. Il a vu le pays se transformer, les petites \u00e9choppes se faisant remplacer par des sup\u00e9rettes et l&rsquo;Islam, jusqu&rsquo;ici de tradition asiatique, devenir plus proches de l&rsquo;Islam international promu par les \u00e9mirats du Golfe avec leurs minarets ostentatoires et une volont\u00e9 d&rsquo;ing\u00e9rence politique (proscription de l&rsquo;alcool, du blasph\u00e8me,&#8230;). L&rsquo;Indon\u00e9sie est souvent pr\u00e9sent\u00e9 comme \u00ab\u00a0le plus grand pays musulman du monde\u00a0\u00bb, mais cela n&rsquo;avait jusqu&rsquo;ici pas d&rsquo;incidence sur la vie politique, d&rsquo;autant que la culture, comme la constitution du pays sont d&rsquo;inspiration bouddhiste-hindouiste-animiste.<br>C&rsquo;est de l&rsquo;\u00e9volution d&rsquo;un quartier de Jakarta au fil des g\u00e9n\u00e9rations, et malheureusement d&rsquo;une partielle disparition de la culture du pays, que traite <em><a rel=\"noreferrer noopener\" href=\"https:\/\/www.youtube.com\/watch?v=UtLBTi0e2y4\" target=\"_blank\">Replacements<\/a><\/em>, le film d&rsquo;animation en r\u00e9alit\u00e9 virtuelle que Jonathan a r\u00e9alis\u00e9 apr\u00e8s ses ann\u00e9es d&rsquo;agence. Cette production ambitieuse a \u00e9t\u00e9 compromise par un accident de moto. Victime d&rsquo;une infection, Jonathan est rentr\u00e9 se faire soigner en France. La situation \u00e9tait plus grave et il se souvient avoir dit aux m\u00e9decins qu&rsquo;ils pouvaient lui amputer la jambe tant qu&rsquo;on le laissait terminer son film \u2014 il lui fallait notamment retourner en Indon\u00e9sie enregistrer les sons en quatre canaux, indispensable pour pour l&rsquo;exp\u00e9rience immersive. L&rsquo;\u00e9pid\u00e9mie de covid-19 commen\u00e7ait \u00e0 s&#8217;emparer de la plan\u00e8te et c&rsquo;est \u00e0 quelques jours pr\u00e8s que Jonathan a pu retourner en Asie. En mai 2020, aid\u00e9 de sa s\u0153ur et d&rsquo;une amie, il termine le film \u00e0 temps pour l&rsquo;envoyer \u00e0 diff\u00e9rents festivals. Le succ\u00e8s est imm\u00e9diat. Il est s\u00e9lectionn\u00e9 par la Mostra de Venise, et re\u00e7oit des prix un peu partout : au festival international d&rsquo;Annecy, au festival International de Zagreb, \u00e0 Guanajuato au Mexique, \u00e0 Francfort, etc., et enfin un prix d&rsquo;excellence au prestigieux <em>Japan Media Arts Festival<\/em>.<br>\u00c0 l&rsquo;\u00e9poque, il commen\u00e7ait \u00e0 se demander comment il allait vivre \u00e0 Kyoto, se remettant de son accident et ayant, \u00e9pid\u00e9mie oblige, plut\u00f4t du mal \u00e0 trouver du travail. Les succ\u00e8s de son film dans le monde entier ont tout chang\u00e9, et il a d\u00e9sormais un emploi de directeur cr\u00e9atif \u00e0 la fois mieux r\u00e9mun\u00e9r\u00e9 et moins accaparant que son ancien travail. Il a donc le temps de travailler \u00e0 son prochain film, une uchronie balinaise o\u00f9 il s&rsquo;interroge sur ce que serait la vie quotidienne dans l&rsquo;\u00eele de sa famille maternelle si les suicides collectifs (<em>Puputan<\/em>) des souverains locaux, en 1906 et 1908, en protestation contre la mainmise des colons hollandais, n&rsquo;avait pas eu lieu. Pour le rendu des images de synth\u00e8se, il travaille avec Takuma Sakamoto, une pointure incontest\u00e9e du domaine, c\u00e9l\u00e8bre notamment pour son travail sur le film <em>Amer B\u00e9ton<\/em>. L&rsquo;histoire est belle : Takuma Sakamoto et Jonathan sont voisins, et une connaissance commune les a mis en relation puisqu&rsquo;ils faisaient tous les deux des m\u00e9tiers proches. C&rsquo;est vrai de la biographie de tout artiste, mais je suis frapp\u00e9 par la place du hasard et des opportunit\u00e9s saisies dans le parcours de Jonathan, des portes qu&rsquo;il a su emprunter lorsqu&rsquo;elles se sont ouvertes devant lui, des liens amicaux qui se transforment en collaborations professionnelles. Et s&rsquo;il semble dire lui-m\u00eame qu&rsquo;il n&rsquo;a pas vraiment de carri\u00e8re, qu&rsquo;il n&rsquo;a toujours pas l&rsquo;impression de savoir o\u00f9 il va, qu&rsquo;il ne sait pas comment nommer son m\u00e9tier (designer graphique, artiste,&#8230;), mais je remarque pour ma part une grande constance dans son travail, avec quelques grands axes : la po\u00e9sie des ensembles urbains asiatiques, l&rsquo;animation, et l&rsquo;exp\u00e9rimentation interactive.<\/p>\n\n\n\n<p>C&rsquo;est lors de son passage en France pour voir sa famille mais aussi travailler avec ses partenaires europ\u00e9ens que Jonathan a trouv\u00e9 le temps de manger un morceau avec moi.<\/p>\n\n\n\n<p>Son site Internet : <a rel=\"noreferrer noopener\" href=\"https:\/\/jonathanhagard.com\/\" target=\"_blank\">jonathanhagard.com<\/a><br><\/p>\n","protected":false},"excerpt":{"rendered":"<p>Jonathan est n\u00e9 en 1986. Il a grandi \u00e0 Survilliers, dans le Val-d&rsquo;Oise, \u00e0 la fronti\u00e8re de la Picardie. Son p\u00e8re est fran\u00e7ais, et sa m\u00e8re indon\u00e9sienne. Si personne dans sa famille n&rsquo;a eu de parcours li\u00e9 \u00e0 la cr\u00e9ation artistique et n&rsquo;a pu le guider dans son orientation, Jonathan pense que sa famille indon\u00e9sienne &hellip; <a href=\"https:\/\/hyperbate.fr\/revoyure\/2021\/12\/18\/jonathan-hagard\/\" class=\"more-link\">Continuer la lecture de <span class=\"screen-reader-text\">Jonathan Hagard<\/span><\/a><\/p>\n","protected":false},"author":1,"featured_media":0,"comment_status":"open","ping_status":"open","sticky":false,"template":"","format":"standard","meta":{"footnotes":""},"categories":[9],"tags":[],"class_list":["post-771","post","type-post","status-publish","format-standard","hentry","category-eesab"],"_links":{"self":[{"href":"https:\/\/hyperbate.fr\/revoyure\/wp-json\/wp\/v2\/posts\/771","targetHints":{"allow":["GET"]}}],"collection":[{"href":"https:\/\/hyperbate.fr\/revoyure\/wp-json\/wp\/v2\/posts"}],"about":[{"href":"https:\/\/hyperbate.fr\/revoyure\/wp-json\/wp\/v2\/types\/post"}],"author":[{"embeddable":true,"href":"https:\/\/hyperbate.fr\/revoyure\/wp-json\/wp\/v2\/users\/1"}],"replies":[{"embeddable":true,"href":"https:\/\/hyperbate.fr\/revoyure\/wp-json\/wp\/v2\/comments?post=771"}],"version-history":[{"count":3,"href":"https:\/\/hyperbate.fr\/revoyure\/wp-json\/wp\/v2\/posts\/771\/revisions"}],"predecessor-version":[{"id":817,"href":"https:\/\/hyperbate.fr\/revoyure\/wp-json\/wp\/v2\/posts\/771\/revisions\/817"}],"wp:attachment":[{"href":"https:\/\/hyperbate.fr\/revoyure\/wp-json\/wp\/v2\/media?parent=771"}],"wp:term":[{"taxonomy":"category","embeddable":true,"href":"https:\/\/hyperbate.fr\/revoyure\/wp-json\/wp\/v2\/categories?post=771"},{"taxonomy":"post_tag","embeddable":true,"href":"https:\/\/hyperbate.fr\/revoyure\/wp-json\/wp\/v2\/tags?post=771"}],"curies":[{"name":"wp","href":"https:\/\/api.w.org\/{rel}","templated":true}]}}