{"id":591,"date":"2016-04-18T11:40:45","date_gmt":"2016-04-18T10:40:45","guid":{"rendered":"http:\/\/hyperbate.fr\/revoyure\/?p=591"},"modified":"2016-04-18T20:27:34","modified_gmt":"2016-04-18T19:27:34","slug":"jean-michel-geridan","status":"publish","type":"post","link":"https:\/\/hyperbate.fr\/revoyure\/2016\/04\/18\/jean-michel-geridan\/","title":{"rendered":"Jean-Michel G\u00e9ridan"},"content":{"rendered":"<figure id=\"attachment_656\" aria-describedby=\"caption-attachment-656\" style=\"width: 1200px\" class=\"wp-caption alignnone\"><img decoding=\"async\" class=\"size-full wp-image-656\" src=\"https:\/\/hyperbate.fr\/revoyure\/files\/2016\/04\/jean-michel_geridan.jpg\" alt=\"Le 15 avril 2016 dans la caf\u00e9t\u00e9ria du Palais de Tokyo, o\u00f9 Jean-Michel \u00e9tait venu pr\u00e9senter le travail de recherche de l'\u00e9cole d'art de Cambrai, qu'il dirige depuis deux ans.\" width=\"1200\" height=\"900\" srcset=\"https:\/\/hyperbate.fr\/revoyure\/files\/2016\/04\/jean-michel_geridan.jpg 1200w, https:\/\/hyperbate.fr\/revoyure\/files\/2016\/04\/jean-michel_geridan-300x225.jpg 300w, https:\/\/hyperbate.fr\/revoyure\/files\/2016\/04\/jean-michel_geridan-768x576.jpg 768w, https:\/\/hyperbate.fr\/revoyure\/files\/2016\/04\/jean-michel_geridan-1024x768.jpg 1024w, https:\/\/hyperbate.fr\/revoyure\/files\/2016\/04\/jean-michel_geridan-400x300.jpg 400w\" sizes=\"(max-width: 1200px) 100vw, 1200px\" \/><figcaption id=\"caption-attachment-656\" class=\"wp-caption-text\">Le 15 avril 2016 dans la caf\u00e9t\u00e9ria du <em>Palais de Tokyo<\/em>, o\u00f9 se tenait l&rsquo;\u00e9v\u00e9nement <em>Vision-recherche en art et design.<\/em>\u00a0Jean-Michel y \u00e9tait venu pr\u00e9senter les r\u00e9alisations de l&rsquo;\u00e9cole sup\u00e9rieure d&rsquo;art de Cambrai, qu&rsquo;il dirige depuis un peu plus de deux ans.<\/figcaption><\/figure>\n<p>Jean-Michel est n\u00e9 en 1977, l&rsquo;ann\u00e9e de la sortie de <em>Star Wars<\/em> et,\u00a0me signale-t-il rigolard, de la chanson <em>Big Bisou<\/em>.<br \/>\nSes anc\u00eatres sont des paysans\u00a0des Antilles : Guadeloupe du c\u00f4t\u00e9 de\u00a0sa m\u00e8re, Martinique pour son p\u00e8re. Et plus loin encore, des Indes fran\u00e7aises. Il\u00a0a grandi entre Paris, o\u00f9 travaillait son p\u00e8re, ing\u00e9nieur, et un minuscule village pr\u00e8s de Reims<sup><a href=\"#footnote_1_591\" id=\"identifier_1_591\" class=\"footnote-link footnote-identifier-link\" title=\"&laquo;&nbsp;une sympathique bourgade m&eacute;di&eacute;vale du 13e si&egrave;cle de 800 &acirc;mes&nbsp;&raquo;.\">1<\/a><\/sup>, o\u00f9 vivait sa m\u00e8re,\u00a0employ\u00e9e de la fonction publique hospitali\u00e8re. Il a toujours aim\u00e9\u00a0dessiner. Il se souvient qu&rsquo;enfant, il aimait\u00a0faire des exp\u00e9riences avec son mini-projecteur de cin\u00e9ma, pour lequel il n&rsquo;avait qu&rsquo;une s\u00e9quence d&rsquo;une vingtaine de secondes : la mort de Bambi. Ce sont un peu ses d\u00e9buts dans le domaine des dispositifs multim\u00e9dia. Dans sa famille de descendants d&rsquo;esclaves, d&rsquo;ouvriers agricoles, d&rsquo;\u00e9leveurs de ch\u00e8vres ou de b\u0153ufs, ne b\u00e9n\u00e9ficiant pas d&rsquo;un capital culturel important, la\u00a0voie logique de la\u00a0promotion sociale aurait \u00e9t\u00e9 qu&rsquo;il devienne\u00a0fonctionnaire de l&rsquo;\u00c9ducation nationale, ou bien militaire. \u00c0 la maison, la France\u00a0n&rsquo;est pas une abstraction, on ne parle pas hindi ou cr\u00e9ole, on est\u00a0\u00ab\u00a0enfant de la R\u00e9publique\u00a0\u00bb. Jean-Michel m&rsquo;a au passage confi\u00e9 qu&rsquo;il a vite appris que, quand on\u00a0est un jeune \u00e0\u00a0la peau un peu fonc\u00e9e dans un petit village de Champagne, il faut sans cesse prouver sa l\u00e9gitimit\u00e9, en faire deux fois plus, ne pas avoir de mauvaises fr\u00e9quentations et \u00e9viter toute source d&rsquo;ennuis\u00a0: m\u00eame s&rsquo;il \u00e9coutait Nirvana adolescent, pas question de s&rsquo;habiller comme Kurt Cobain.<br \/>\nMalgr\u00e9 le d\u00e9calage culturel,\u00a0personne ne l&rsquo;a d\u00e9courag\u00e9 de s&rsquo;int\u00e9resser aux arts\u00a0et de s&rsquo;engager dans des \u00e9tudes en rapport. Il faut dire qu&rsquo;il a tr\u00e8s t\u00f4t \u00e9t\u00e9 capable de financer son autonomie, gr\u00e2ce \u00e0 des emplois divers : agent de s\u00e9curit\u00e9, portier ou vigneron. Jean-Michel est entr\u00e9\u00a0dans un lyc\u00e9e d&rsquo;arts appliqu\u00e9s, \u00e0 Reims. Il se souvient avoir \u00e9t\u00e9 frapp\u00e9 par une conf\u00e9rence\u00a0au Centre Pompidou, donn\u00e9e par\u00a0\u00c9ric Such\u00e8re, historien et th\u00e9oricien de l&rsquo;art, po\u00e8te, et enseignant, qui lui a donn\u00e9 envie d&rsquo;entrer \u00e0 l&rsquo;\u00e9cole d&rsquo;art de Reims. Ce qu&rsquo;il a fait. L\u00e0, outre \u00c9ric Such\u00e8re, il a notamment rencontr\u00e9 Jeff Rian, gr\u00e2ce \u00e0 qui il d\u00e9couvre l&rsquo;existence d&rsquo;une sc\u00e8ne artistique new-yorkaise contemporaine, et Bernard Gerboud<sup><a href=\"#footnote_2_591\" id=\"identifier_2_591\" class=\"footnote-link footnote-identifier-link\" title=\"N&eacute; en&nbsp;1949, Bernard Gerboud nous a quitt&eacute;s en&nbsp;2014. Je l&rsquo;ai eu comme coll&egrave;gue &agrave; Paris 8, et&nbsp;avant cela, comme enseignant.\">2<\/a><\/sup>. Il se souvient d&rsquo;une r\u00e9flexion que lui a fait \u00e0 l&rsquo;\u00e9poque\u00a0J\u00e9r\u00f4me Rigaud, \u00e9tudiant comme lui : <em>\u00ab\u00a0ce ne sont pas les profs qui font la qualit\u00e9 d&rsquo;une \u00e9cole d&rsquo;art, ce sont ses \u00e9tudiants\u00a0\u00bb<\/em>. Apr\u00e8s trois ans, titulaire d&rsquo;un <a href=\"https:\/\/hyperbate.fr\/revoyure\/glossaire\/#dnap\">dipl\u00f4me national d&rsquo;arts plastiques<\/a>, Jean-Michel a eu envie de changer d&rsquo;air. Nettement focalis\u00e9e sur le design, la direction de l&rsquo;\u00e9poque ne cherchait pas sp\u00e9cialement \u00e0 retenir les \u00e9tudiants ou les enseignants marqu\u00e9s \u00ab\u00a0art\u00a0\u00bb, discipline \u00e0 laquelle Jean-Michel \u00e9tait tr\u00e8s attach\u00e9, m\u00eame s&rsquo;il se consid\u00e8re aussi autant comme\u00a0designer et n&rsquo;a pas eu une carri\u00e8re d&rsquo;artiste, comme on le verra un peu plus loin.<\/p>\n<p>Jean-Michel est arriv\u00e9 \u00e0 l&rsquo;Universit\u00e9 Paris 8 en 1999, orient\u00e9 vers ce lieu par son professeur de Reims, Bernard Gerboud, pour y entamer un\u00a0Master. Il y a eu comme enseignants\u00a0des gens tr\u00e8s port\u00e9s sur les nouveaux m\u00e9dias tels que Jean-Louis Boissier, Liliane Terrier, \u00a0Aline Giron, Fabien Vandame, Anthony Keyeux, et moi-m\u00eame, et s&rsquo;est lui-m\u00eame engag\u00e9 dans le domaine. Lorsqu&rsquo;il est arriv\u00e9 \u00e0 Saint-Denis, le propri\u00e9taire de son logement\u00a0a remarqu\u00e9 son pantalon tach\u00e9 de peinture et lui a fait jurer de ne pas salir l&rsquo;appartement. Il n&rsquo;a plus peint d\u00e8s lors, et s&rsquo;est engag\u00e9 intensivement dans les nouveaux m\u00e9dias et l&rsquo;interactivit\u00e9.<br \/>\nUn jour, lors du vernissage d&rsquo;une exposition, Jean-Louis Boissier lui a dit (\u00e7a l&rsquo;a marqu\u00e9) : <em>\u00ab\u00a0je n&rsquo;aime pas ce que tu fais, mais \u00e7a me semble quand m\u00eame int\u00e9ressant, veux-tu rejoindre l&rsquo;\u00e9quipe ?\u00a0\u00bb<\/em>. Ce qui lui \u00e9tait propos\u00e9 l\u00e0 \u00e9tait en fait d&rsquo;int\u00e9grer le post-dipl\u00f4me <em>Atelier de recherches interactives<\/em>, aux arts d\u00e9coratifs de Paris, mais allait aussi signifier assez vite pour lui d&rsquo;int\u00e9grer\u00a0l&rsquo;\u00e9quipe de recherches <em>Esth\u00e9tique des nouveaux m\u00e9dias<\/em>, et, comme charg\u00e9 de cours, l&rsquo;\u00e9quipe p\u00e9dagogique de l&rsquo;universit\u00e9 Paris 8. Jean-Michel, comme nombre de ses camarades de promotion \u00e0 l&rsquo;Atelier de recherches interactives, avait d\u00e9j\u00e0 une activit\u00e9 professionnelle soutenue\u00a0dans la communication ou le web, mais \u00e7a ne l&rsquo;a pas emp\u00each\u00e9 de s&rsquo;engager s\u00e9rieusement\u00a0dans ses \u00e9tudes, et de participer, dans ce cadre, au projet <a href=\"http:\/\/www.ciren.org\/ciren\/productions\/jouable_3\/\"><em>Jouable<\/em><\/a>,\u00a0consacr\u00e9 \u00e0 l&rsquo;invention de dispositifs interactifs et f\u00e9d\u00e9rant des \u00e9nergies \u00e0\u00a0Paris, Kyoto et Gen\u00e8ve.<br \/>\nLors d&rsquo;une conf\u00e9rence \u00e0 <em>Paris 8<\/em>, Pierre Bismuth \u2014 qui avait d\u00e9j\u00e0 particip\u00e9 au film <em>Eternal sunshine of the spotless mind<\/em> mais n&rsquo;\u00e9tait pas encore aur\u00e9ol\u00e9 de son oscar\u00a0\u2014 a dit : <em>\u00ab\u00a0tout le monde est artiste, mais \u00e7a, seul l&rsquo;artiste le sait\u00a0\u00bb<\/em>, phrase qui a\u00a0beaucoup marqu\u00e9 Jean-Michel et l&rsquo;a m\u00eame convaincu de ne plus chercher \u00e0 \u00eatre artiste lui-m\u00eame. Exposer des travaux, donner des moyens de production \u00e0 des auteurs, former des artistes, oui, mais plus se consid\u00e9rer comme un\u00a0artiste. Toujours vers cette \u00e9poque \u00e0 l&rsquo;universit\u00e9, il passe un DEA et s&rsquo;inscrit en th\u00e8se (th\u00e8se qui est \u00e0 pr\u00e9sent en suspens).<\/p>\n<p>Il d\u00e9missionne de sa charge de cours \u00e0 l&rsquo;universit\u00e9 apr\u00e8s deux ans (et juge r\u00e9trospectivement\u00a0avoir \u00e9t\u00e9\u00a0un peu jeune \u00e0 ce poste \u2014 il \u00e9tait dans sa petite vingtaine lorsqu&rsquo;il a commenc\u00e9), et est aussit\u00f4t embauch\u00e9 par l&rsquo;\u00e9cole des arts d\u00e9coratifs.\u00a0Certains traits de l&rsquo;\u00e9cole lui d\u00e9plaisent, notamment le rejet par les enseignants plus \u00e2g\u00e9s de l&rsquo;identit\u00e9 graphique imagin\u00e9e par le duo M\/M Paris. Apr\u00e8s deux ans, il quitte les Arts d\u00e9coratifs (o\u00f9 il sera tout de m\u00eame r\u00e9guli\u00e8rement rappel\u00e9 pour organiser des workshops) et entre \u00e0 l&rsquo;\u00e9cole des Beaux-Arts de Paris, o\u00f9 il s&rsquo;occupe du p\u00f4le nouveaux m\u00e9dias. Il y passe quelques ann\u00e9es, mais\u00a0il voit rouge le jour o\u00f9 l&rsquo;on rechigne \u00e0 lui accorder\u00a0un cong\u00e9 paternit\u00e9. Il d\u00e9cide alors de quitter l&rsquo;\u00e9cole. Au m\u00eame moment, il apprend\u00a0que l&rsquo;\u00e9cole d&rsquo;art du Havre recrute\u00a0un enseignant d&rsquo;un profil correspondant au sien.\u00a0Il\u00a0connaissait d\u00e9j\u00e0 quelqu&rsquo;un dans la place\u00a0\u2014 \u00e0 savoir moi.<br \/>\nLorsqu&rsquo;il s&rsquo;est pr\u00e9sent\u00e9 \u00e0 l&rsquo;audition, \u00e0 laquelle j&rsquo;ai particip\u00e9, j&rsquo;ai tent\u00e9 d&rsquo;\u00eatre impartial et de ne pas influencer le directeur : les trois autres postulants avaient de vraies qualit\u00e9s, et sur le coup, j&rsquo;ai m\u00eame plac\u00e9 Jean-Michel ex-\u00e6quo avec une autre personne, mais je n&rsquo;ai pas d\u00fb le dire d&rsquo;une mani\u00e8re tr\u00e8s convaincante, car ceux qui se trouvaient l\u00e0 sont aujourd&rsquo;hui encore persuad\u00e9s que je favorisais franchement Jean-Michel. De fait, je n&rsquo;ai pas \u00e9t\u00e9 malheureux que ce soit lui qui soit s\u00e9lectionn\u00e9. Pendant l&rsquo;entretien, le directeur de l&rsquo;\u00e9cole d&rsquo;art du Havre avait\u00a0demand\u00e9 \u00e0 Jean-Michel, s&rsquo;il \u00e9tait choisi, comment il comptait s&rsquo;organiser, puisqu&rsquo;il vivait en r\u00e9gion parisienne. Jean-Michel a r\u00e9pondu du tac au tac\u00a0: <em>\u00ab\u00a0je viendrai habiter au Havre\u00a0\u00bb<\/em>. Je me souviens m&rsquo;\u00eatre dit qu&rsquo;il en faisait un peu trop, sachant notamment qu&rsquo;il avait son atelier et la\u00a0soci\u00e9t\u00e9 qu&rsquo;il avait fond\u00e9e avec Thomas Cimola\u00ef \u00e0 Paris. Mais d\u00e8s son embauche, il s&rsquo;est effectivement mis en qu\u00eate d&rsquo;un appartement, et\u00a0s&rsquo;est vite install\u00e9 dans la ville avec sa petite famille : son \u00e9pouse, que je compte bien interviewer \u00e0 son tour un jour puisque je l&rsquo;ai aussi connue \u00e9tudiante, et leur fils. La premi\u00e8re mission de Jean-Michel, arriv\u00e9 au printemps, a \u00e9t\u00e9 d&rsquo;accompagner les \u00e9tudiants de cinqui\u00e8me ann\u00e9e pour la derni\u00e8re ligne droite de leur dipl\u00f4me, ce qu&rsquo;il a fait avec succ\u00e8s.\u00a0Puisqu&rsquo;il est tr\u00e8s sociable, il\u00a0est rapidement devenu l&rsquo;ami de toute la ville, et c&rsquo;est gr\u00e2ce \u00e0 lui que j&rsquo;ai pu \u00e0 mon tour conna\u00eetre vraiment toute la\u00a0partie de l&rsquo;\u00e9quipe p\u00e9dagogique que je ne fr\u00e9quentais que tr\u00e8s \u00e9pisodiquement, puisque j&rsquo;\u00e9tais \u00e0 mi-temps. Bref, tout\u00a0nouveau venu qu&rsquo;il ait \u00e9t\u00e9, Jean-Michel m&rsquo;a aid\u00e9 \u00e0 m&rsquo;int\u00e9grer dans une ville o\u00f9 j&rsquo;\u00e9tais d\u00e9j\u00e0 prof depuis quatre ans lorsqu&rsquo;il y est arriv\u00e9. Avec lui, aussi, dans le cadre du laboratoire de recherche de l&rsquo;\u00e9cole, j&rsquo;ai \u00e9crit un livre sur le langage <em>Processing\u00a0<\/em>qui continue d&rsquo;\u00eatre vendu au m\u00eame rythme trois ans apr\u00e8s sa sortie et a m\u00eame d\u00fb \u00eatre <a href=\"https:\/\/hyperbate.fr\/dernier\/?p=34882\">r\u00e9\u00e9dit\u00e9<\/a>, ce qui constitue un exemple de long\u00e9vit\u00e9 peu typique dans le domaine des manuels informatiques. Nous avons aussi publi\u00e9, avec Bruno Affagard,\u00a0un troisi\u00e8me\u00a0coll\u00e8gue, <a href=\"https:\/\/hyperbate.fr\/dernier\/?p=31086\">un livre consacr\u00e9 \u00e0 la plate-forme Arduino<\/a>. Jean-Michel a par ailleurs activement particip\u00e9 \u00e0 la manifestation <a href=\"http:\/\/www.unesaisongraphique.fr\/\"><em>Une saison graphique<\/em><\/a>. Son\u00a0dernier grand d\u00e9fi au Havre aura \u00e9t\u00e9 de fonder les \u00e9ditions <em><a href=\"http:\/\/www.franciscopolis.com\/\" target=\"_blank\">Franciscopolis<\/a><\/em>\u00a0avec notre coll\u00e8gue commun Yann Owens. L\u00e0 encore, un beau succ\u00e8s.<\/p>\n<p>Alors qu&rsquo;il \u00e9tait dans\u00a0sa\u00a0derni\u00e8re ann\u00e9e au Havre, Jean-Michel s&rsquo;est senti un peu lass\u00e9 de la routine de l&rsquo;enseignement et, pire, s&rsquo;est dit qu&rsquo;il remplissait moins bien la t\u00e2che\u00a0qu&rsquo;il ne l&rsquo;aurait voulu, ce que lui a d&rsquo;ailleurs confirm\u00e9 une \u00e9tudiante\u00a0\u2014 certains \u00e9tudiants savent \u00eatre directs, comme \u00e7a\u00a0\u2014, qui lui a dit qu&rsquo;il n&rsquo;\u00e9tait plus le prof qu&rsquo;elle avait appr\u00e9ci\u00e9 deux ans plus t\u00f4t. Il aurait bien \u00e9t\u00e9 tent\u00e9 par la\u00a0direction des \u00e9tudes de l&rsquo;\u00e9cole d&rsquo;art du Havre (entre temps fusionn\u00e9e avec celle de Rouen, et devenue un \u00e9tablissement de taille importante), mais il a surtout postul\u00e9 pour le poste de directeur\u00a0de l&rsquo;\u00c9cole sup\u00e9rieure d&rsquo;art et de communication de Cambrai, que\u00a0l&rsquo;ancienne directrice,\u00a0Christelle Kirchstetter, quittait pr\u00e9matur\u00e9ment pour prendre des fonctions identique aux Beaux-Arts de N\u00eemes.\u00a0Je dois dire que j&rsquo;imaginais d\u00e9sormais mal l&rsquo;\u00e9cole sans Jean-Michel, et lorsque la nouvelle\u00a0de son possible d\u00e9part\u00a0s&rsquo;est diffus\u00e9e, j&rsquo;ai pu constater que je n&rsquo;\u00e9tais pas le seul dans mon cas. Mais en m\u00eame temps, comment lui souhaiter autre chose que d&rsquo;\u00e9voluer dans le sens qui l&rsquo;int\u00e9ressait et pour lequel sa comp\u00e9tence ne faisait pas de doute ?<\/p>\n<p>Jean-Michel\u00a0a \u00e9t\u00e9 choisi\u00a0pour le poste et\u00a0il est, depuis 2014 (\u00e0 trente-sept ans !), le directeur dynamique de cette \u00e9cole bicentenaire. Il a entre autres d\u00fb mettre au point un programme de recherche coh\u00e9rent, imprimer sa marque sur le programme p\u00e9dagogique et accompagner l&rsquo;installation de l&rsquo;\u00e9cole dans ses\u00a0nouveaux locaux. Le budget de l&rsquo;\u00e9tablissement est modeste, et Jean-Michel doit courir dans tous les sens\u00a0pour obtenir des \u00e9quipements et des fournitures aux plus bas tarifs, et s&rsquo;occupe lui-m\u00eame de la communication de l&rsquo;\u00e9cole sur\u00a0Internet<sup><a href=\"#footnote_3_591\" id=\"identifier_3_591\" class=\"footnote-link footnote-identifier-link\" title=\"On peut suivre l&rsquo;actualit&eacute; de l&rsquo;&eacute;cole sur Twitter, sur Facebook et bien entendu sur son site officiel.\">3<\/a><\/sup>. Quand il raconte ses histoires de directeur, avec ses entretiens avec les personnalit\u00e9s politiques ou institutionnelles de divers niveaux (jusqu&rsquo;\u00e0 la ministre de la culture Fleur Pellerin, qui est venue visiter l&rsquo;\u00e9cole), on sent qu&rsquo;il a un peu chang\u00e9 de monde. Ce qui ne l&#8217;emp\u00eache pas de suivre de pr\u00e8s ses \u00e9tudiants\u00a0et leurs travaux, peut-\u00eatre avec une petite nostalgie de ses ann\u00e9es d&rsquo;enseignement \u2014 il anime d&rsquo;ailleurs ponctuellement des workshops dans d&rsquo;autres \u00e9coles. Avec les chantiers qui se profilent \u00e0 l&rsquo;avenir\u00a0\u2014 et notamment le projet de rapprochement des \u00e9coles d&rsquo;art de la r\u00e9gion\u00a0\u2014, mais aussi avec son engagement au sein de l&rsquo;Association des \u00e9coles d&rsquo;art (Andea), dont il est un des administrateurs \u00e9lus, j&rsquo;imagine qu&rsquo;il passera un peu de temps avant que Jean-Michel s&rsquo;ennuie et ait envie de partir \u00e0 la conqu\u00eate d&rsquo;autres d\u00e9fis.<br \/>\nJean-Michel a une vision compl\u00e8te des \u00e9coles d&rsquo;art puisqu&rsquo;il y a \u00e9tudi\u00e9, enseign\u00e9 et encadr\u00e9. Sa conclusion, c&rsquo;est qu&rsquo;il ne conna\u00eet pas de meilleur endroit pour apprendre ce qu&rsquo;on y apprend.<\/p>\n<p>Le site des \u00e9ditions <em>Franciscopolis<\/em>, fond\u00e9es avec Yann Owens : <a href=\"http:\/\/www.franciscopolis.com\/\">franciscopolis<br \/>\n<\/a>Jean-Michel n&rsquo;a plus\u00a0de site web personnel mais on peut le suivre\u00a0<a href=\"https:\/\/twitter.com\/jm_geridan\">sur Twitter<\/a><\/p>\n<ol class=\"footnotes\"><li id=\"footnote_1_591\" class=\"footnote\"><em>\u00ab\u00a0une sympathique bourgade m\u00e9di\u00e9vale du 13e si\u00e8cle de 800 \u00e2mes\u00a0\u00bb<\/em>. <span class=\"footnote-back-link-wrapper\"> [<a href=\"#identifier_1_591\" class=\"footnote-link footnote-back-link\">&#8617;<\/a>]<\/span><\/li><li id=\"footnote_2_591\" class=\"footnote\">N\u00e9 en\u00a01949, Bernard Gerboud nous a quitt\u00e9s en\u00a02014. Je l&rsquo;ai eu comme coll\u00e8gue \u00e0 Paris 8, et\u00a0avant cela, comme enseignant.<span class=\"footnote-back-link-wrapper\"> [<a href=\"#identifier_2_591\" class=\"footnote-link footnote-back-link\">&#8617;<\/a>]<\/span><\/li><li id=\"footnote_3_591\" class=\"footnote\">On peut suivre l&rsquo;actualit\u00e9 de l&rsquo;\u00e9cole <a href=\"https:\/\/twitter.com\/esac__\">sur Twitter<\/a>, <a href=\"https:\/\/www.facebook.com\/esac.cambrai\/\">sur Facebook<\/a> et bien entendu <a href=\"http:\/\/www.esac-cambrai.net\/wordpress\/\">sur son site officiel<\/a>.<span class=\"footnote-back-link-wrapper\"> [<a href=\"#identifier_3_591\" class=\"footnote-link footnote-back-link\">&#8617;<\/a>]<\/span><\/li><\/ol>","protected":false},"excerpt":{"rendered":"<p>Jean-Michel est n\u00e9 en 1977, l&rsquo;ann\u00e9e de la sortie de Star Wars et,\u00a0me signale-t-il rigolard, de la chanson Big Bisou. Ses anc\u00eatres sont des paysans\u00a0des Antilles : Guadeloupe du c\u00f4t\u00e9 de\u00a0sa m\u00e8re, Martinique pour son p\u00e8re. Et plus loin encore, des Indes fran\u00e7aises. Il\u00a0a grandi entre Paris, o\u00f9 travaillait son p\u00e8re, ing\u00e9nieur, et un minuscule &hellip; <a href=\"https:\/\/hyperbate.fr\/revoyure\/2016\/04\/18\/jean-michel-geridan\/\" class=\"more-link\">Continuer la lecture de <span class=\"screen-reader-text\">Jean-Michel G\u00e9ridan<\/span><\/a><\/p>\n","protected":false},"author":1,"featured_media":0,"comment_status":"open","ping_status":"open","sticky":false,"template":"","format":"standard","meta":{"footnotes":""},"categories":[4],"tags":[],"class_list":["post-591","post","type-post","status-publish","format-standard","hentry","category-paris-8"],"_links":{"self":[{"href":"https:\/\/hyperbate.fr\/revoyure\/wp-json\/wp\/v2\/posts\/591","targetHints":{"allow":["GET"]}}],"collection":[{"href":"https:\/\/hyperbate.fr\/revoyure\/wp-json\/wp\/v2\/posts"}],"about":[{"href":"https:\/\/hyperbate.fr\/revoyure\/wp-json\/wp\/v2\/types\/post"}],"author":[{"embeddable":true,"href":"https:\/\/hyperbate.fr\/revoyure\/wp-json\/wp\/v2\/users\/1"}],"replies":[{"embeddable":true,"href":"https:\/\/hyperbate.fr\/revoyure\/wp-json\/wp\/v2\/comments?post=591"}],"version-history":[{"count":3,"href":"https:\/\/hyperbate.fr\/revoyure\/wp-json\/wp\/v2\/posts\/591\/revisions"}],"predecessor-version":[{"id":667,"href":"https:\/\/hyperbate.fr\/revoyure\/wp-json\/wp\/v2\/posts\/591\/revisions\/667"}],"wp:attachment":[{"href":"https:\/\/hyperbate.fr\/revoyure\/wp-json\/wp\/v2\/media?parent=591"}],"wp:term":[{"taxonomy":"category","embeddable":true,"href":"https:\/\/hyperbate.fr\/revoyure\/wp-json\/wp\/v2\/categories?post=591"},{"taxonomy":"post_tag","embeddable":true,"href":"https:\/\/hyperbate.fr\/revoyure\/wp-json\/wp\/v2\/tags?post=591"}],"curies":[{"name":"wp","href":"https:\/\/api.w.org\/{rel}","templated":true}]}}