{"id":359,"date":"2014-07-03T23:43:32","date_gmt":"2014-07-03T22:43:32","guid":{"rendered":"http:\/\/hyperbate.fr\/revoyure\/?p=359"},"modified":"2014-07-03T23:43:32","modified_gmt":"2014-07-03T22:43:32","slug":"valery-ly","status":"publish","type":"post","link":"https:\/\/hyperbate.fr\/revoyure\/2014\/07\/03\/valery-ly\/","title":{"rendered":"Val\u00e9ry Ly"},"content":{"rendered":"<figure id=\"attachment_382\" aria-describedby=\"caption-attachment-382\" style=\"width: 1200px\" class=\"wp-caption alignnone\"><a href=\"https:\/\/hyperbate.fr\/revoyure\/files\/2014\/07\/Valery_Ly.jpg\"><img decoding=\"async\" class=\"size-full wp-image-382\" src=\"https:\/\/hyperbate.fr\/revoyure\/files\/2014\/07\/Valery_Ly.jpg\" alt=\"Lieu : la Quincaillerie g\u00e9n\u00e9rale, bistrot \u00e0 Montrouge.\" width=\"1200\" height=\"900\" srcset=\"https:\/\/hyperbate.fr\/revoyure\/files\/2014\/07\/Valery_Ly.jpg 1200w, https:\/\/hyperbate.fr\/revoyure\/files\/2014\/07\/Valery_Ly-300x225.jpg 300w, https:\/\/hyperbate.fr\/revoyure\/files\/2014\/07\/Valery_Ly-1024x768.jpg 1024w, https:\/\/hyperbate.fr\/revoyure\/files\/2014\/07\/Valery_Ly-400x300.jpg 400w\" sizes=\"(max-width: 1200px) 100vw, 1200px\" \/><\/a><figcaption id=\"caption-attachment-382\" class=\"wp-caption-text\">Lieu : la Quincaillerie g\u00e9n\u00e9rale, en\u00a0face de la mairie de\u00a0Montrouge.<\/figcaption><\/figure>\n<p>Val\u00e9ry est n\u00e9 en 1986. Il a grandi dans un quartier pavillonnaire de\u00a0Saint-Brice-sous-For\u00eat, dans le Val-d&rsquo;Oise, entre \u00c9couen, Sarcelles, Villiers-le-Bel et la for\u00eat de Montmorency.\u00a0Sans se consid\u00e9rer comme particuli\u00e8rement dou\u00e9\u00a0pour \u00e7a, il a toujours aim\u00e9 dessiner,\u00a0et son p\u00e8re l&rsquo;a pouss\u00e9 \u00e0 suivre\u00a0des cours\u00a0artistiques. Il est ensuite entr\u00e9 dans un lyc\u00e9e d&rsquo;arts appliqu\u00e9s, Sainte Genevi\u00e8ve (priv\u00e9), dans le sixi\u00e8me arrondissement de Paris. L&rsquo;ambiance y \u00e9tait\u00a0stricte et peu satisfaisante sur le plan de la cr\u00e9ativit\u00e9, mais il ne regrette pas ces ann\u00e9es qui sont aussi celles de la d\u00e9couverte de la capitale et des m\u00e9tiers des arts appliqu\u00e9s.<\/p>\n<p>Apr\u00e8s son bac, Val\u00e9ry s&rsquo;inscrit en BTS de communication visuelle et de multim\u00e9dia\u00a0\u00e0 Chaumont, en Haute-Marne, la ville du festival international de l&rsquo;affiche. Il s&rsquo;y plait bien. Inscrit \u00e0 un cours de kung-fu, il remarque en parlant aux\u00a0habitants de la ville qui n&rsquo;ont pas de lien avec l&rsquo;\u00e9cole que ces derniers consid\u00e8rent le prestigieux festival avec une bonne dose de circonspection : ils ne\u00a0comprennent, en fait, rien du tout aux passions de la nu\u00e9e d&rsquo;amateurs de graphisme qui envahit leur ville trois semaines\u00a0l&rsquo;an.<br \/>\nApr\u00e8s son dipl\u00f4me, Val\u00e9ry postule dans quelques \u00e9coles : les Arts d\u00e9coratifs de Paris (sans y croire), une formation des Gobelins, les Beaux-Arts de Besan\u00e7on, l&rsquo;IUT de Montreuil,&#8230; et l&rsquo;\u00e9cole des Beaux-Arts de Rennes, o\u00f9 il est accept\u00e9 en deuxi\u00e8me ann\u00e9e. C&rsquo;est l\u00e0 que je l&rsquo;ai rencontr\u00e9, deux ans plus tard. Il y a eu, entre autres enseignants, J\u00e9r\u00f4me Saint-Loubert Bi\u00e9 et \u00c9tienne Mineur, deux graphistes particuli\u00e8rement\u00a0int\u00e9ress\u00e9s par le design num\u00e9rique.<\/p>\n<p>\u00c0 son arriv\u00e9e\u00a0\u00e0 l&rsquo;\u00e9cole d&rsquo;art, apr\u00e8s un lyc\u00e9e rigoureux et un BTS, Val\u00e9ry a l&rsquo;impression d&rsquo;\u00eatre compl\u00e8tement l\u00e2ch\u00e9 dans la nature, presque en vacances. Il\u00a0ne perd pas pied pour autant et fait l&rsquo;apprentissage de l&rsquo;autonomie. La ville est vivante et son amie ne tarde pas \u00e0 l&rsquo;y rejoindre pour int\u00e9grer une \u00e9cole d&rsquo;ing\u00e9nieur. Il garde d&rsquo;excellents souvenirs des quatre ann\u00e9es pass\u00e9es, et en retient notamment la table de ping-pong bricol\u00e9e par les \u00e9tudiants de sa promotion, qui permettait de se d\u00e9fouler r\u00e9guli\u00e8rement, en marquant bien la distinction entre les s\u00e9quences de travail et les moments de d\u00e9tente. La force et la faiblesse des \u00e9coles d&rsquo;art, pour Val\u00e9ry, c&rsquo;est qu&rsquo;elles n&rsquo;imposent pas de moule : les profils d&rsquo;\u00e9tudiants qui en sortent sont extr\u00eamement divers et personnalis\u00e9s, mais ceux qui ne tirent pas parti de cette libert\u00e9 peuvent se retrouver perdus.<br \/>\nJe me souviens de lui comme un \u00e9tudiant mod\u00e9r\u00e9ment <em>geek<\/em>, c&rsquo;est \u00e0 dire tr\u00e8s \u00e0 l&rsquo;aise avec l&rsquo;outil informatique, jusqu&rsquo;\u00e0 la programmation, mais n&rsquo;y voyant\u00a0pas\u00a0une fin en soi : il \u00e9tait d&rsquo;abord graphiste.<\/p>\n<p>Son dipl\u00f4me, soutenu en 2010 (la premi\u00e8re ann\u00e9e o\u00f9 la r\u00e9daction d&rsquo;un m\u00e9moire a \u00e9t\u00e9 impos\u00e9e \u00e0 tous les \u00e9tudiants en \u00e9cole d&rsquo;art) et obtenu avec les f\u00e9licitations, portait sur les mutations de la lecture et de l&rsquo;\u00e9criture li\u00e9es au num\u00e9rique. Il a \u00e9t\u00e9 remarqu\u00e9 par la revue <em>\u00c9tapes<\/em>, qui a inclus ce\u00a0travail \u00e0 sa s\u00e9lection du num\u00e9ro \u00ab\u00a0\u00e9tudiants\u00a0\u00bb. Il ne sait pas si cette distinction, qui se trouve sur son <em>curiculum vitae<\/em>, l&rsquo;a aid\u00e9 \u00e0 \u00eatre pris au s\u00e9rieux par les entreprises qui l&rsquo;ont embauch\u00e9, mais elle aura permis \u00e0 ses anciens professeurs de Chaumont de retrouver sa trace et d&rsquo;exposer son travail durant le festival.<\/p>\n<p>Val\u00e9ry aurait eu plaisir \u00e0\u00a0prolonger\u00a0ses recherches dans le cadre d&rsquo;un post-dipl\u00f4me, mais il s&rsquo;est dit qu&rsquo;il \u00e9tait temps de se mettre \u00e0 gagner sa vie. \u00c0 peine revenu \u00e0 Paris, il a accept\u00e9 un poste d&rsquo;ing\u00e9nieur-informaticien dans une SSII<sup><a href=\"#footnote_1_359\" id=\"identifier_1_359\" class=\"footnote-link footnote-identifier-link\" title=\"Une&nbsp;SSII est une &laquo;&nbsp;soci&eacute;t&eacute; de services en ing&eacute;nierie informatique&nbsp;&raquo;.\">1<\/a><\/sup> o\u00f9 il devait d\u00e9velopper\u00a0des interfaces pour des bo\u00eetiers de t\u00e9l\u00e9vision Sagem, avec le\u00a0logiciel Flash.\u00a0Il a appr\u00e9ci\u00e9 le travail en \u00e9quipe, mais les t\u00e2ches \u00e9taient parfois\u00a0ingrates \u2014 passer des journ\u00e9es enti\u00e8res \u00e0 faire du \u00ab\u00a0d\u00e9bugging\u00a0\u00bb, par exemple.\u00a0Alors qu&rsquo;il venait de renouveler sa p\u00e9riode d&rsquo;essai, quelqu&rsquo;un\u00a0qu&rsquo;il avait connu lors d&rsquo;un stage chez <em>Orange Vall\u00e9e<\/em> l&rsquo;a contact\u00e9 pour lui conseiller\u00a0un autre emploi, beaucoup\u00a0plus cr\u00e9atif, \u00e0 deux pas de chez lui, et il l&rsquo;a aussit\u00f4t accept\u00e9.<\/p>\n<p>Cela fait trois ans et demi que Val\u00e9ry travaille chez <a href=\"http:\/\/www.usabilis.com\/\" target=\"_blank\"><em>Usabilis<\/em><\/a>, une soci\u00e9t\u00e9 sp\u00e9cialis\u00e9e dans la conception d&rsquo;interfaces. Ce travail sur le design ergonomique\u00a0le passionne, car il est tr\u00e8s concret : il faut comprendre ce dont le client a besoin et y r\u00e9pondre\u00a0de mani\u00e8re pertinente,\u00a0effectuer des tests d&rsquo;utilisation, etc.<br \/>\nIl se sent chanceux de n&rsquo;avoir\u00a0jamais connu le ch\u00f4mage et consid\u00e8re, malgr\u00e9 l&rsquo;apparente coh\u00e9rence de son cursus et de sa vie professionnelle, pouvoir r\u00e9sumer son parcours \u00e0 la phrase <em>\u00ab\u00a0on verra bien\u00a0\u00bb<\/em>.<\/p>\n<ol class=\"footnotes\"><li id=\"footnote_1_359\" class=\"footnote\">Une\u00a0SSII est une \u00ab\u00a0soci\u00e9t\u00e9 de services en ing\u00e9nierie informatique\u00a0\u00bb.<span class=\"footnote-back-link-wrapper\"> [<a href=\"#identifier_1_359\" class=\"footnote-link footnote-back-link\">&#8617;<\/a>]<\/span><\/li><\/ol>","protected":false},"excerpt":{"rendered":"<p>Val\u00e9ry est n\u00e9 en 1986. Il a grandi dans un quartier pavillonnaire de\u00a0Saint-Brice-sous-For\u00eat, dans le Val-d&rsquo;Oise, entre \u00c9couen, Sarcelles, Villiers-le-Bel et la for\u00eat de Montmorency.\u00a0Sans se consid\u00e9rer comme particuli\u00e8rement dou\u00e9\u00a0pour \u00e7a, il a toujours aim\u00e9 dessiner,\u00a0et son p\u00e8re l&rsquo;a pouss\u00e9 \u00e0 suivre\u00a0des cours\u00a0artistiques. Il est ensuite entr\u00e9 dans un lyc\u00e9e d&rsquo;arts appliqu\u00e9s, Sainte Genevi\u00e8ve (priv\u00e9), &hellip; <a href=\"https:\/\/hyperbate.fr\/revoyure\/2014\/07\/03\/valery-ly\/\" class=\"more-link\">Continuer la lecture de <span class=\"screen-reader-text\">Val\u00e9ry Ly<\/span><\/a><\/p>\n","protected":false},"author":1,"featured_media":0,"comment_status":"open","ping_status":"open","sticky":false,"template":"","format":"standard","meta":{"footnotes":""},"categories":[9],"tags":[],"class_list":["post-359","post","type-post","status-publish","format-standard","hentry","category-eesab"],"_links":{"self":[{"href":"https:\/\/hyperbate.fr\/revoyure\/wp-json\/wp\/v2\/posts\/359","targetHints":{"allow":["GET"]}}],"collection":[{"href":"https:\/\/hyperbate.fr\/revoyure\/wp-json\/wp\/v2\/posts"}],"about":[{"href":"https:\/\/hyperbate.fr\/revoyure\/wp-json\/wp\/v2\/types\/post"}],"author":[{"embeddable":true,"href":"https:\/\/hyperbate.fr\/revoyure\/wp-json\/wp\/v2\/users\/1"}],"replies":[{"embeddable":true,"href":"https:\/\/hyperbate.fr\/revoyure\/wp-json\/wp\/v2\/comments?post=359"}],"version-history":[{"count":3,"href":"https:\/\/hyperbate.fr\/revoyure\/wp-json\/wp\/v2\/posts\/359\/revisions"}],"predecessor-version":[{"id":387,"href":"https:\/\/hyperbate.fr\/revoyure\/wp-json\/wp\/v2\/posts\/359\/revisions\/387"}],"wp:attachment":[{"href":"https:\/\/hyperbate.fr\/revoyure\/wp-json\/wp\/v2\/media?parent=359"}],"wp:term":[{"taxonomy":"category","embeddable":true,"href":"https:\/\/hyperbate.fr\/revoyure\/wp-json\/wp\/v2\/categories?post=359"},{"taxonomy":"post_tag","embeddable":true,"href":"https:\/\/hyperbate.fr\/revoyure\/wp-json\/wp\/v2\/tags?post=359"}],"curies":[{"name":"wp","href":"https:\/\/api.w.org\/{rel}","templated":true}]}}