{"id":299,"date":"2014-06-16T11:26:46","date_gmt":"2014-06-16T10:26:46","guid":{"rendered":"http:\/\/hyperbate.fr\/revoyure\/?p=299"},"modified":"2024-12-19T16:23:31","modified_gmt":"2024-12-19T15:23:31","slug":"julien-vieira","status":"publish","type":"post","link":"https:\/\/hyperbate.fr\/revoyure\/2014\/06\/16\/julien-vieira\/","title":{"rendered":"Julien Vieira"},"content":{"rendered":"<div class=\"wp-block-image\">\n<figure class=\"aligncenter size-large\"><a href=\"https:\/\/hyperbate.fr\/revoyure\/files\/2014\/06\/julien_sandra.jpg\"><img decoding=\"async\" width=\"1024\" height=\"768\" src=\"https:\/\/hyperbate.fr\/revoyure\/files\/2014\/06\/julien_sandra-1024x768.jpg\" alt=\"\" class=\"wp-image-939\" srcset=\"https:\/\/hyperbate.fr\/revoyure\/files\/2014\/06\/julien_sandra-1024x768.jpg 1024w, https:\/\/hyperbate.fr\/revoyure\/files\/2014\/06\/julien_sandra-300x225.jpg 300w, https:\/\/hyperbate.fr\/revoyure\/files\/2014\/06\/julien_sandra-768x576.jpg 768w, https:\/\/hyperbate.fr\/revoyure\/files\/2014\/06\/julien_sandra.jpg 1200w\" sizes=\"(max-width: 1024px) 100vw, 1024px\" \/><\/a><figcaption class=\"wp-element-caption\">Julien et Sandra, dans mon jardin.<\/figcaption><\/figure>\n<\/div>\n\n\n<p>Julien est n\u00e9 en 1988 \u00e0 Enghien-les-Bains. Il a grandi \u00e0 Pierrefitte, dans la m\u00eame cit\u00e9 que Joey Starr, puis a \u00c9couen, il a donc v\u00e9cu, jusque r\u00e9cemment, au Nord de Paris, entre l&rsquo;Ouest de la Seine-Saint-Denis et l&rsquo;Est du Val-d&rsquo;Oise. Ses parents sont, respectivement, chef comptable et secr\u00e9taire de direction. Authentique \u00ab\u00a0Digital native\u00a0\u00bb, il a toujours eu un ordinateur familial, et ne sait pas vraiment dater l&rsquo;arriv\u00e9e d&rsquo;Internet \u00e0 la maison.<\/p>\n\n\n\n<p>Apr\u00e8s un bac scientifique, sur le conseil d&rsquo;un ami de la famille, il d\u00e9cide d&rsquo;entrer \u00e0 l&rsquo;IUT de Cergy-Pontoise (site de Sarcelles), dans une formation intitul\u00e9e \u00e0 l&rsquo;\u00e9poque&nbsp;<em>Services de r\u00e9seaux de communication<\/em>, devenue depuis&nbsp;<em>M\u00e9tiers du multim\u00e9dia et de l&rsquo;internet<\/em>. Il y fait du graphisme et de l&rsquo;audiovisuel. Assez rapidement, il d\u00e9cide que sa voie sera le \u00ab\u00a0num\u00e9rique\u00a0\u00bb. Au bout de&nbsp;deux ann\u00e9es, qui lui ont beaucoup apport\u00e9 et dont il garde un bon souvenir, il obtient son&nbsp;DUT. Il d\u00e9cide alors de compl\u00e9ter cette formation&nbsp;en cherchant une \u00e9cole de communication.<\/p>\n\n\n\n<p>Il se renseigne sur des salons, par Internet, par le t\u00e9moignage d&rsquo;anciens \u00e9l\u00e8ves, et finit par choisir l&rsquo;\u00e9cole priv\u00e9e <em>e-Artsup<\/em>, qu&rsquo;il int\u00e8gre directement en troisi\u00e8me ann\u00e9e. Ses parents lui offrent les frais d&rsquo;inscription, dont le montant est assez&nbsp;\u00e9lev\u00e9. Les deux ann\u00e9es suivantes sont gratuites, si l&rsquo;on peut dire, puisque pay\u00e9es par l&rsquo;entreprise o\u00f9 il travaille&nbsp;en alternance. Pour sa quatri\u00e8me et sa cinqui\u00e8me ann\u00e9e, Julien choisit le tout nouveau d\u00e9partement \u00ab\u00a0design interactif\u00a0\u00bb, fond\u00e9 cette ann\u00e9e-l\u00e0 par \u00c9tienne Mineur. C&rsquo;est dans ce cadre&nbsp;que je l&rsquo;ai eu comme \u00e9tudiant, avec un groupe r\u00e9duit mais soud\u00e9 et dynamique dont, apparemment, tous les dipl\u00f4m\u00e9s ont r\u00e9ussi avec succ\u00e8s \u00e0 entamer le genre de carri\u00e8re professionnelle qu&rsquo;ils voulaient.<br>Julien profite des cours, mais aussi et surtout du travail en alternance, au sein de l&rsquo;agence <em>5\u00e8me gauche<\/em>, qui l&rsquo;am\u00e8ne tout de suite \u00e0 travailler sur des projets concrets. Il aime r\u00e9soudre des probl\u00e8mes, concevoir des services, r\u00e9fl\u00e9chir \u00e0 leur ergonomie, mais ne revendique pas sp\u00e9cialement une d\u00e9marche d&rsquo;auteur ou d&rsquo;artiste.<\/p>\n\n\n\n<p>Tout juste&nbsp;dipl\u00f4m\u00e9, Julien postule pour&nbsp;un emploi propos\u00e9 par&nbsp;l&rsquo;agence <em>Pschhh<\/em>, qu&rsquo;il int\u00e8gre aussit\u00f4t. L\u00e0, il continue d&rsquo;apprendre beaucoup et travaille sur des projets plut\u00f4t gratifiants et sur lesquels on lui accorde beaucoup de confiance et de libert\u00e9, ce dont il reste reconnaissant, mais l&rsquo;\u00e9quipe change beaucoup et sa mani\u00e8re de voir les choses \u00e9volue, il veut s&rsquo;investir dans des projets personnels&nbsp;sur la dur\u00e9e et&nbsp;d\u00e9cide de se lancer en ind\u00e9pendant. Il aura ses horaires, son rythme, et lorsqu&rsquo;il prendra de l&rsquo;avance sur son travail (Julien travaille plut\u00f4t vite), c&rsquo;est \u00e0 lui, directement, que cela profitera.&nbsp;Il travaillera sans doute avec des agences, avec d&rsquo;anciens coll\u00e8gues ou d&rsquo;anciens camarades d&rsquo;\u00e9tudes, et il travaillera aussi pour lui-m\u00eame&nbsp;\u2014 il s&rsquo;est notamment lanc\u00e9 dans deux projets d&rsquo;applications\/services pour t\u00e9l\u00e9phones mobiles qui pourraient rencontrer du succ\u00e8s. L&rsquo;un des deux, <em><a href=\"http:\/\/vieira-julien.fr\/lappli-du-mardi-kura\/\" target=\"_blank\" rel=\"noopener\">Kura<\/a><\/em>, est bien avanc\u00e9 puisqu&rsquo;il s&rsquo;agit d&rsquo;une \u00e9volution de son projet de dipl\u00f4me de fin d&rsquo;\u00e9tudes et qu&rsquo;il en a prot\u00e9g\u00e9 juridiquement le principe : un r\u00e9seau social anonyme. L&rsquo;autre, dont je ne peux pas parler, est tr\u00e8s prometteur mais sera un peu plus complexe \u00e0 monter.<br>Cette \u00e9volution vers l&rsquo;ind\u00e9pendance et l&rsquo;entrepreneuriat est toute r\u00e9cente : apr\u00e8s avoir quitt\u00e9 son agence (avec l&rsquo;accord de son employeur), Julien a eu le temps de refondre son site Internet et de faire un voyage \u00e0 Cuba avec son amie, dont ils rentrent tout juste. C&rsquo;est donc maintenant qu&rsquo;il se lance r\u00e9ellement.<\/p>\n\n\n\n<p>Je dois justement parler de l&rsquo;amie de Julien, Sandra, car m\u00eame si je ne l&rsquo;ai jamais eue comme \u00e9tudiante, nous avons eu plusieurs occasions de nous croiser. Alors que je venais d&rsquo;arriver \u00e0 <em>e-artsup<\/em>, Julien m&rsquo;a dit un jour qu&rsquo;il avait vu mon nom \u00e0 l&rsquo;\u00e9cole des Beaux-Arts de Rennes, o\u00f9 j&rsquo;enseignais effectivement et o\u00f9 Sandra \u00e9tait \u00e9tudiante. Il y avait deux sections \u00ab\u00a0communication\u00a0\u00bb \u00e0 Rennes, et j&rsquo;enseignais dans&nbsp;celle o\u00f9 Sandra n&rsquo;\u00e9tait pas, mais je l&rsquo;ai crois\u00e9e l\u00e0-bas malgr\u00e9 tout. Plus \u00e9tonnant encore, j&rsquo;ai d\u00e9couvert que nous \u00e9tions voisins, dans le village de Cormeilles-en-Parisis ! Sandra est un peu plus \u00e2g\u00e9e que ma fille a\u00een\u00e9e, mais leurs m\u00e8res, sans \u00eatre intimes,&nbsp;se c\u00f4toyaient&nbsp;\u00e0 la sortie de l&rsquo;\u00e9cole, et on d\u00e9couvert avec surprise ces connexions lors du vernissage d&rsquo;une exposition de Sandra. Ma fille cadette, par ailleurs, a le m\u00eame professeur de piano qu&rsquo;elle.<\/p>\n\n\n\n<p>J&rsquo;ai profit\u00e9 de mon interview pour demander \u00e0 Sandra et \u00e0 Julien&nbsp;comment ils voyaient la diff\u00e9rence entre les \u00e9coles d&rsquo;art telles que l&rsquo;\u00e9cole de Rennes, et les \u00e9coles de communication, comme <em>e-artsup<\/em>. Il est amusant, au passage, de constater que malgr\u00e9 des formations aux philosophies bien diff\u00e9rentes, Sandra et Julien font aujourd&rsquo;hui&nbsp;le m\u00eame m\u00e9tier. Comme employ\u00e9e, Sandra&nbsp;a pass\u00e9 un peu plus d&rsquo;un an&nbsp;chez <em>Publicis<\/em> et est actuellement Directrice artistique junior dans&nbsp;une agence \u00e0 taille plus humaine. Parall\u00e8lement, elle est aussi illustratrice et auteure de bande dessin\u00e9e, notamment au sein du collectif <a href=\"http:\/\/www.nekomix.com\/\" target=\"_blank\" rel=\"noopener\">Nekomix<\/a>.<br>Sandra juge que certains des profs qu&rsquo;elle a eu, bien que comp\u00e9tents, disponibles et attentifs dans leur&nbsp;suivi des projets,&nbsp;manquaient parfois de conscience de la vie professionnelle \u00e0 venir de leurs \u00e9tudiants, et ne d\u00e9trompaient&nbsp;pas assez ceux qui se reposaient&nbsp;uniquement&nbsp;sur les \u00e9tudes. Elle leur est reconnaissante de lui avoir appris \u00e0 r\u00e9fl\u00e9chir \u00e0 ce qu&rsquo;elle faisait&nbsp;et&nbsp;\u00e0 justifier ses id\u00e9es sur le mode de la discussion plut\u00f4t que sur un mode d\u00e9fensif, ce qui lui donne \u00e0 pr\u00e9sent&nbsp;beaucoup d&rsquo;assurance lorsqu&rsquo;elle est amen\u00e9e \u00e0 pr\u00e9senter&nbsp;son travail. La jeune fille r\u00e9serv\u00e9e qu&rsquo;elle \u00e9tait en entrant aux Beaux-Arts ne la reconna\u00eetrait pas.<br>Elle n&rsquo;en consid\u00e8re pas moins que les \u00e9tudiants doivent faire des choses \u00e0 c\u00f4t\u00e9 de l&rsquo;\u00e9cole. Pour sa part, elle a choisi tr\u00e8s t\u00f4t d&rsquo;effectuer pl\u00e9thore de stages (un an de stage cumul\u00e9s, sur ses cinq ann\u00e9es d&rsquo;\u00e9tudes) dans des agences de communication tr\u00e8s orient\u00e9es vers le num\u00e9rique. De ces ann\u00e9es, elle appr\u00e9cie l&rsquo;autonomie qu&rsquo;elle a acquis autant que&nbsp;la multiplicit\u00e9 des techniques auxquelles on l&rsquo;a sensibilis\u00e9e ou form\u00e9e. En consid\u00e9rant les parcours de ses camarades, elle constate que ce genre d&rsquo;\u00e9tudes peut mener \u00e0 une grande diversit\u00e9 de m\u00e9tiers.<\/p>\n\n\n\n<p><a href=\"http:\/\/vieira-julien.fr\/\" target=\"_blank\" rel=\"noopener\">Le site de Julien Vieira<\/a>&nbsp;| <a href=\"http:\/\/vieira-julien.fr\/blog\/\" target=\"_blank\" rel=\"noopener\">Son blog<\/a>&nbsp;<\/p>\n","protected":false},"excerpt":{"rendered":"<p>Julien est n\u00e9 en 1988 \u00e0 Enghien-les-Bains. Il a grandi \u00e0 Pierrefitte, dans la m\u00eame cit\u00e9 que Joey Starr, puis a \u00c9couen, il a donc v\u00e9cu, jusque r\u00e9cemment, au Nord de Paris, entre l&rsquo;Ouest de la Seine-Saint-Denis et l&rsquo;Est du Val-d&rsquo;Oise. Ses parents sont, respectivement, chef comptable et secr\u00e9taire de direction. Authentique \u00ab\u00a0Digital native\u00a0\u00bb, il &hellip; <a href=\"https:\/\/hyperbate.fr\/revoyure\/2014\/06\/16\/julien-vieira\/\" class=\"more-link\">Continuer la lecture de <span class=\"screen-reader-text\">Julien Vieira<\/span><\/a><\/p>\n","protected":false},"author":1,"featured_media":0,"comment_status":"open","ping_status":"open","sticky":false,"template":"","format":"standard","meta":{"footnotes":""},"categories":[6],"tags":[],"class_list":["post-299","post","type-post","status-publish","format-standard","hentry","category-e-artsup"],"_links":{"self":[{"href":"https:\/\/hyperbate.fr\/revoyure\/wp-json\/wp\/v2\/posts\/299","targetHints":{"allow":["GET"]}}],"collection":[{"href":"https:\/\/hyperbate.fr\/revoyure\/wp-json\/wp\/v2\/posts"}],"about":[{"href":"https:\/\/hyperbate.fr\/revoyure\/wp-json\/wp\/v2\/types\/post"}],"author":[{"embeddable":true,"href":"https:\/\/hyperbate.fr\/revoyure\/wp-json\/wp\/v2\/users\/1"}],"replies":[{"embeddable":true,"href":"https:\/\/hyperbate.fr\/revoyure\/wp-json\/wp\/v2\/comments?post=299"}],"version-history":[{"count":3,"href":"https:\/\/hyperbate.fr\/revoyure\/wp-json\/wp\/v2\/posts\/299\/revisions"}],"predecessor-version":[{"id":940,"href":"https:\/\/hyperbate.fr\/revoyure\/wp-json\/wp\/v2\/posts\/299\/revisions\/940"}],"wp:attachment":[{"href":"https:\/\/hyperbate.fr\/revoyure\/wp-json\/wp\/v2\/media?parent=299"}],"wp:term":[{"taxonomy":"category","embeddable":true,"href":"https:\/\/hyperbate.fr\/revoyure\/wp-json\/wp\/v2\/categories?post=299"},{"taxonomy":"post_tag","embeddable":true,"href":"https:\/\/hyperbate.fr\/revoyure\/wp-json\/wp\/v2\/tags?post=299"}],"curies":[{"name":"wp","href":"https:\/\/api.w.org\/{rel}","templated":true}]}}