{"id":18,"date":"2014-05-15T09:33:50","date_gmt":"2014-05-15T08:33:50","guid":{"rendered":"http:\/\/hyperbate.fr\/revoyure\/?p=18"},"modified":"2019-06-16T19:20:19","modified_gmt":"2019-06-16T18:20:19","slug":"kevin-cadinot","status":"publish","type":"post","link":"https:\/\/hyperbate.fr\/revoyure\/2014\/05\/15\/kevin-cadinot\/","title":{"rendered":"Kevin Cadinot"},"content":{"rendered":"<figure id=\"attachment_32\" aria-describedby=\"caption-attachment-32\" style=\"width: 1200px\" class=\"wp-caption aligncenter\"><img decoding=\"async\" class=\"wp-image-32 size-full\" src=\"https:\/\/hyperbate.fr\/revoyure\/files\/2014\/05\/kevin_cadinot.jpg\" alt=\"kevin_cadinot\" width=\"1200\" height=\"900\" srcset=\"https:\/\/hyperbate.fr\/revoyure\/files\/2014\/05\/kevin_cadinot.jpg 1200w, https:\/\/hyperbate.fr\/revoyure\/files\/2014\/05\/kevin_cadinot-300x225.jpg 300w, https:\/\/hyperbate.fr\/revoyure\/files\/2014\/05\/kevin_cadinot-1024x768.jpg 1024w, https:\/\/hyperbate.fr\/revoyure\/files\/2014\/05\/kevin_cadinot-400x300.jpg 400w\" sizes=\"(max-width: 1200px) 100vw, 1200px\" \/><figcaption id=\"caption-attachment-32\" class=\"wp-caption-text\">Lieu : bar-h\u00f4tel <i>Les Capucines<\/i>, cours de la R\u00e9publique, Le Havre<\/figcaption><\/figure>\n<p>Kevin est entr\u00e9 \u00e0 l\u2019\u00e9cole sup\u00e9rieure d\u2019art du Havre en 2008 et en est sorti en 2013. Il est n\u00e9 en 1980, ce qui a fait de lui un \u00ab vieil \u00e9tudiant \u00bb, puisqu\u2019\u00e2g\u00e9 d\u2019une dizaine d\u2019ann\u00e9es de plus que la plupart de ses camarades de promotion. Ce d\u00e9calage peut \u00eatre probl\u00e9matique \u2014 \u00e7a s\u2019est d\u00e9j\u00e0 vu \u2014 mais lorsque les \u00e9tudiants sont d\u00e9termin\u00e9s, lorsqu\u2019ils jouent le jeu, c\u2019est au contraire une chance pour l\u2019\u00e9cole. Ils am\u00e8nent avec eux une exp\u00e9rience de la vie un peu plus \u00e9tendue que celle des \u00e9tudiants tout juste sortis du lyc\u00e9e, ils savent ce qu\u2019ils cherchent et ils sont \u00e9mancip\u00e9s de l\u2019attitude plut\u00f4t passive qui est encourag\u00e9e tout au long de l\u2019\u00e9ducation secondaire.<\/p>\n<p>Il fait partie des \u00e9tudiants qui \u00e9taient plus faits pour l\u2019ind\u00e9pendance et l\u2019exigence des \u00e9tudes sup\u00e9rieures que pour le cursus pr\u00e9c\u00e9dent : apr\u00e8s la premi\u00e8re, il s\u2019est orient\u00e9 vers une professionnalisation par un apprentissage, se sentant mal adapt\u00e9 au syst\u00e8me.<br \/>\nIl n\u2019a pas le bac.<\/p>\n<p>Kevin a envisag\u00e9 la m\u00e9canique et la carrosserie, mais est finalement devenu couvreur, passant par le compagnonnage, qu&rsquo;il n&rsquo;a jamais achev\u00e9. Je dois dire que je me projette un peu dans cette description : je n\u2019ai pas le bac non plus, j\u2019ai pass\u00e9 trois ans dans un lyc\u00e9e professionnel, dont je n\u2019ai pas valid\u00e9 le CAP, et ce n\u2019est qu\u2019une fois arriv\u00e9 dans le sup\u00e9rieur que j\u2019ai commenc\u00e9 \u00e0 avoir envie de faire et d\u2019apprendre parce que, enfin, j\u2019\u00e9tudiais pour moi-m\u00eame et non pour me fondre dans un moule aux buts plus ou moins incompr\u00e9hensibles.<\/p>\n<p>Il\u00a0a ensuite \u00e9t\u00e9 chauffeur routier pendant six ans, en France et en Grande-Bretagne. Parall\u00e8lement, il s&rsquo;est toujours int\u00e9ress\u00e9 \u00e0 la photographie, et a tent\u00e9 de se faire financer une formation dans le domaine par le Fongecif, qui la lui a refus\u00e9. Sur le conseil du photographe Olivier Roche, qui avait \u00e9t\u00e9 le technicien-photo de l&rsquo;\u00e9cole d&rsquo;art, il s&rsquo;est inscrit aux cours p\u00e9ri-scolaires afin d&rsquo;y pr\u00e9parer le concours d&rsquo;entr\u00e9e, pour lequelle ma coll\u00e8gue \u00c9lise Parr\u00e9 l&rsquo;a soutenu et s&rsquo;est d\u00e9men\u00e9e pour qu&rsquo;il puisse int\u00e9grer le cursus avec une d\u00e9rogation, condition n\u00e9c\u00e9ssaire pour les \u00e9tudiants au parcours atypique, non-bacheliers et ayant atteint ou d\u00e9pass\u00e9 vingt-six ans.<\/p>\n<p>M\u00eame si je l&rsquo;ai beaucoup crois\u00e9, je n&rsquo;ai pas eu Kevin comme \u00e9tudiant pendant ses quatre premi\u00e8res ann\u00e9es\u00a0d&rsquo;\u00e9tudes, puisqu&rsquo;il avait choisi la section art (j&rsquo;enseigne en\u00a0design graphique), mais il est souvent venu me voir, pendant son ann\u00e9e de dipl\u00f4me, pour discuter de son m\u00e9moire \u2014 un m\u00e9moire tr\u00e8s peu scolaire, comme on s&rsquo;en doute, et tr\u00e8s int\u00e9ressant.<\/p>\n<p>De ses ann\u00e9es d&rsquo;\u00e9tudes, Kevin retient la rencontre avec des gens qui se posent des questions proches des siennes\u00a0sur le monde et la cr\u00e9ation, et qui le confortent dans la voie qu&rsquo;il a choisie. \u00c0 peine arriv\u00e9 dans le \u00ab\u00a0grand bain\u00a0\u00bb, il compte montrer son travail autant que possible, mais r\u00e9fl\u00e9chit aussi \u00e0 pousser encore un peu plus loin ses \u00e9tudes par le biais d&rsquo;un post-dipl\u00f4me.<\/p>\n<p>Il a \u00e9t\u00e9 s\u00e9lectionn\u00e9 pour\u00a0la prestigieuse exposition de la <a href=\"http:\/\/www.jeunecreation.org\/\" target=\"_blank\" rel=\"noopener noreferrer\">Jeune cr\u00e9ation<\/a>, en octobre prochain.<\/p>\n<p>Son site :\u00a0<a href=\"http:\/\/kevincadinot.fr\/\" target=\"_blank\" rel=\"noopener noreferrer\">kevincadinot.fr<\/a><br \/>\n\u00c0\u00a0propos de son travail :\u00a0<a href=\"http:\/\/www.arpla.fr\/mu\/lebourdon\/2015\/04\/16\/kevin-cadinot-dans-linachevement-la-forme\/\" target=\"_blank\" rel=\"noopener noreferrer\">K\u00e9vin Cadinot, dans l&rsquo;inach\u00e8vement de la forme<\/a><br \/>\n<em>Mise \u00e0 jour : depuis la publication de cet article, K\u00e9vin a \u00e9t\u00e9 charg\u00e9 de sc\u00e9nographier un certain nombre d&rsquo;expositions \u00e0 la Biblioth\u00e8que universitaire et \u00e0 l&rsquo;\u00e9cole d&rsquo;art du Havre, \u00e0 la Fiac, \u00e0 l&rsquo;Esam de Caen ou encore au centre national du graphisme \u00e0 Chaumont.<\/em><\/p>\n","protected":false},"excerpt":{"rendered":"<p>Kevin est entr\u00e9 \u00e0 l\u2019\u00e9cole sup\u00e9rieure d\u2019art du Havre en 2008 et en est sorti en 2013. Il est n\u00e9 en 1980, ce qui a fait de lui un \u00ab vieil \u00e9tudiant \u00bb, puisqu\u2019\u00e2g\u00e9 d\u2019une dizaine d\u2019ann\u00e9es de plus que la plupart de ses camarades de promotion. Ce d\u00e9calage peut \u00eatre probl\u00e9matique \u2014 \u00e7a s\u2019est &hellip; <a href=\"https:\/\/hyperbate.fr\/revoyure\/2014\/05\/15\/kevin-cadinot\/\" class=\"more-link\">Continuer la lecture de <span class=\"screen-reader-text\">Kevin Cadinot<\/span><\/a><\/p>\n","protected":false},"author":1,"featured_media":0,"comment_status":"open","ping_status":"open","sticky":false,"template":"","format":"standard","meta":{"footnotes":""},"categories":[2],"tags":[],"class_list":["post-18","post","type-post","status-publish","format-standard","hentry","category-esadhar"],"_links":{"self":[{"href":"https:\/\/hyperbate.fr\/revoyure\/wp-json\/wp\/v2\/posts\/18","targetHints":{"allow":["GET"]}}],"collection":[{"href":"https:\/\/hyperbate.fr\/revoyure\/wp-json\/wp\/v2\/posts"}],"about":[{"href":"https:\/\/hyperbate.fr\/revoyure\/wp-json\/wp\/v2\/types\/post"}],"author":[{"embeddable":true,"href":"https:\/\/hyperbate.fr\/revoyure\/wp-json\/wp\/v2\/users\/1"}],"replies":[{"embeddable":true,"href":"https:\/\/hyperbate.fr\/revoyure\/wp-json\/wp\/v2\/comments?post=18"}],"version-history":[{"count":3,"href":"https:\/\/hyperbate.fr\/revoyure\/wp-json\/wp\/v2\/posts\/18\/revisions"}],"predecessor-version":[{"id":723,"href":"https:\/\/hyperbate.fr\/revoyure\/wp-json\/wp\/v2\/posts\/18\/revisions\/723"}],"wp:attachment":[{"href":"https:\/\/hyperbate.fr\/revoyure\/wp-json\/wp\/v2\/media?parent=18"}],"wp:term":[{"taxonomy":"category","embeddable":true,"href":"https:\/\/hyperbate.fr\/revoyure\/wp-json\/wp\/v2\/categories?post=18"},{"taxonomy":"post_tag","embeddable":true,"href":"https:\/\/hyperbate.fr\/revoyure\/wp-json\/wp\/v2\/tags?post=18"}],"curies":[{"name":"wp","href":"https:\/\/api.w.org\/{rel}","templated":true}]}}