{"id":87,"date":"2017-07-20T23:14:47","date_gmt":"2017-07-20T21:14:47","guid":{"rendered":"http:\/\/hyperbate.fr\/legendefamilale\/?p=87"},"modified":"2017-07-21T00:28:33","modified_gmt":"2017-07-20T22:28:33","slug":"lenfance-dameyna","status":"publish","type":"post","link":"https:\/\/hyperbate.fr\/legendefamiliale\/2017\/07\/20\/lenfance-dameyna\/","title":{"rendered":"L&rsquo;enfance d&rsquo;Ameyna"},"content":{"rendered":"<p>Marie Andr\u00e9e (dite Am\u00e9na\u00efde ou Ameyna) Fressinaud-Mas de Feix, ma grand-m\u00e8re paternelle en 1923 et en 1925, donc aux \u00e2ges de 5 et 7 ans. Sur la premi\u00e8re photographie, elle se trouve avec sa m\u00e8re,\u00a0Marie-Th\u00e9r\u00e8se de Font-Reaulx (1893-1950), qui a \u00e9pous\u00e9 Henri Fressinaud-Mas de Feix (1886-1935) en 1917.<\/p>\n<p><img decoding=\"async\" class=\"aligncenter size-full wp-image-89\" src=\"https:\/\/hyperbate.fr\/legendefamilale\/files\/2017\/07\/Marie-th\u00e9r\u00e8se-et-sa-fille-Ameyna.jpg\" alt=\"\" width=\"500\" height=\"708\" srcset=\"https:\/\/hyperbate.fr\/legendefamiliale\/files\/2017\/07\/Marie-th\u00e9r\u00e8se-et-sa-fille-Ameyna.jpg 500w, https:\/\/hyperbate.fr\/legendefamiliale\/files\/2017\/07\/Marie-th\u00e9r\u00e8se-et-sa-fille-Ameyna-212x300.jpg 212w\" sizes=\"(max-width: 500px) 100vw, 500px\" \/><\/p>\n<p>\u00c9lev\u00e9e parmi des cousins dans le Limousin, Ameyna aimait dire qu&rsquo;elle avait eu une enfance de gar\u00e7on manqu\u00e9. Si je ne fais pas d&rsquo;erreur, c&rsquo;est un cousin de sa m\u00e8re, Marcel de Font-R\u00e9aulx, qui a h\u00e9rit\u00e9 du titre de comte.\u00a0Il semble que ce monsieur fut le premier pr\u00e9sident d&rsquo;une association de petits patrons destin\u00e9e \u00e0 <em>\u00ab\u00a0consolider la situation l\u00e9gale des acqu\u00e9rieurs de biens juifs\u00a0\u00bb<\/em> sous l&rsquo;occupation : pas tr\u00e8s glorieux !<\/p>\n<p><img decoding=\"async\" class=\"aligncenter size-full wp-image-90\" src=\"https:\/\/hyperbate.fr\/legendefamilale\/files\/2017\/07\/Ameyna_Fressinaud-1923.jpg\" alt=\"\" width=\"697\" height=\"978\" srcset=\"https:\/\/hyperbate.fr\/legendefamiliale\/files\/2017\/07\/Ameyna_Fressinaud-1923.jpg 697w, https:\/\/hyperbate.fr\/legendefamiliale\/files\/2017\/07\/Ameyna_Fressinaud-1923-214x300.jpg 214w\" sizes=\"(max-width: 697px) 100vw, 697px\" \/><\/p>\n<p>Henri Fressinaud-Mas de Feix \u00e9tait entrepreneur. Ma grand-m\u00e8re me disait qu&rsquo;il \u00e9tait anticl\u00e9rical en diable, et qu&rsquo;il est mort assomm\u00e9 par la chute d&rsquo;une sculpture de Christ en croix en entrant dans une \u00e9glise.\u00a0Un destin ironique, mais l&rsquo;histoire est apocryphe, voire douteuse, ou en tout cas tr\u00e8s certainement incompl\u00e8te.<\/p>\n<p><img decoding=\"async\" class=\"aligncenter size-full wp-image-91\" src=\"https:\/\/hyperbate.fr\/legendefamilale\/files\/2017\/07\/Ameyna819258-6-7ans.jpg\" alt=\"\" width=\"493\" height=\"800\" srcset=\"https:\/\/hyperbate.fr\/legendefamiliale\/files\/2017\/07\/Ameyna819258-6-7ans.jpg 493w, https:\/\/hyperbate.fr\/legendefamiliale\/files\/2017\/07\/Ameyna819258-6-7ans-185x300.jpg 185w\" sizes=\"(max-width: 493px) 100vw, 493px\" \/><\/p>\n<p>Son grand p\u00e8re, Th\u00e9ophile de Font-Reaulx (1835-1898), avait eu deux filles d&rsquo;un premier mariage. L&rsquo;\u00e2n\u00e9e, Marthe (1861) avait \u00e9pous\u00e9 Auguste Merle (1855-1940), qui fut maire de\u00a0Saint-Junien de 1904 \u00e0 1919. Avant son mandat, il avait \u00e9t\u00e9 m\u00e9diateur entre gr\u00e9vistes et patrons. Sa ville, tr\u00e8s ancr\u00e9e \u00e0 gauche, a longtemps d\u00e9tenu le record du plus long \u00ab\u00a0r\u00e8gne\u00a0\u00bb par une majorit\u00e9 communiste, mais ce n&rsquo;est qu&rsquo;apr\u00e8s son administration.\u00a0Il a d\u00fb compter dans la vie d&rsquo;Ameyna puisqu&rsquo;\u00e0 l&rsquo;en entendre parler, je pensais qu&rsquo;il \u00e9tait son grand-p\u00e8re ! (les liens familiaux \u00e9taient quelque chose de tr\u00e8s difficile \u00e0 comprendre, avec elle).<br \/>\nAmeyna a \u00e9t\u00e9 inhum\u00e9e dans le caveau familial \u00e0 Saint-Junien.<\/p>\n","protected":false},"excerpt":{"rendered":"<p>Marie Andr\u00e9e (dite Am\u00e9na\u00efde ou Ameyna) Fressinaud-Mas de Feix, ma grand-m\u00e8re paternelle en 1923 et en 1925, donc aux \u00e2ges de 5 et 7 ans. Sur la premi\u00e8re photographie, elle se trouve avec sa m\u00e8re,\u00a0Marie-Th\u00e9r\u00e8se de Font-Reaulx (1893-1950), qui a \u00e9pous\u00e9 Henri Fressinaud-Mas de Feix (1886-1935) en 1917. \u00c9lev\u00e9e parmi des cousins dans le Limousin, &hellip; <a href=\"https:\/\/hyperbate.fr\/legendefamiliale\/2017\/07\/20\/lenfance-dameyna\/\" class=\"more-link\">Continuer la lecture de <span class=\"screen-reader-text\">L&rsquo;enfance d&rsquo;Ameyna<\/span> <span class=\"meta-nav\">&rarr;<\/span><\/a><\/p>\n","protected":false},"author":1,"featured_media":0,"comment_status":"open","ping_status":"open","sticky":false,"template":"","format":"standard","meta":{"footnotes":""},"categories":[5],"tags":[],"class_list":["post-87","post","type-post","status-publish","format-standard","hentry","category-genealogie"],"_links":{"self":[{"href":"https:\/\/hyperbate.fr\/legendefamiliale\/wp-json\/wp\/v2\/posts\/87","targetHints":{"allow":["GET"]}}],"collection":[{"href":"https:\/\/hyperbate.fr\/legendefamiliale\/wp-json\/wp\/v2\/posts"}],"about":[{"href":"https:\/\/hyperbate.fr\/legendefamiliale\/wp-json\/wp\/v2\/types\/post"}],"author":[{"embeddable":true,"href":"https:\/\/hyperbate.fr\/legendefamiliale\/wp-json\/wp\/v2\/users\/1"}],"replies":[{"embeddable":true,"href":"https:\/\/hyperbate.fr\/legendefamiliale\/wp-json\/wp\/v2\/comments?post=87"}],"version-history":[{"count":3,"href":"https:\/\/hyperbate.fr\/legendefamiliale\/wp-json\/wp\/v2\/posts\/87\/revisions"}],"predecessor-version":[{"id":112,"href":"https:\/\/hyperbate.fr\/legendefamiliale\/wp-json\/wp\/v2\/posts\/87\/revisions\/112"}],"wp:attachment":[{"href":"https:\/\/hyperbate.fr\/legendefamiliale\/wp-json\/wp\/v2\/media?parent=87"}],"wp:term":[{"taxonomy":"category","embeddable":true,"href":"https:\/\/hyperbate.fr\/legendefamiliale\/wp-json\/wp\/v2\/categories?post=87"},{"taxonomy":"post_tag","embeddable":true,"href":"https:\/\/hyperbate.fr\/legendefamiliale\/wp-json\/wp\/v2\/tags?post=87"}],"curies":[{"name":"wp","href":"https:\/\/api.w.org\/{rel}","templated":true}]}}