{"id":86,"date":"2017-07-21T00:05:50","date_gmt":"2017-07-20T22:05:50","guid":{"rendered":"http:\/\/hyperbate.fr\/legendefamilale\/?p=86"},"modified":"2017-07-21T00:05:50","modified_gmt":"2017-07-20T22:05:50","slug":"plus-de-peur-que-de-mal","status":"publish","type":"post","link":"https:\/\/hyperbate.fr\/legendefamiliale\/2017\/07\/21\/plus-de-peur-que-de-mal\/","title":{"rendered":"Plus de peur que de mal"},"content":{"rendered":"<p>Un jour, Am\u00e9na\u00efde marchait dans Paris avec son beau-fr\u00e8re Claude, et tous deux \u00e9taient charg\u00e9s d&rsquo;exemplaires du journal <em>R\u00e9sistance<\/em>. \u00a0Leur sang s&rsquo;est glac\u00e9 en entendant derri\u00e8re eux des bruits de botte et une voix qui leur a cri\u00e9 en allemand <em>\u00ab\u00a0Halt !\u00a0\u00bb<\/em>.<br \/>\nIls pensaient que leur heure \u00e9tait venue, mais un des deux agents de la Gestapo qui se trouvaient derri\u00e8re eux a salu\u00e9 ma grand-m\u00e8re en lui demandant de mani\u00e8re tr\u00e8s polie la direction de la gare de l&rsquo;Est ou du Nord.<br \/>\nUne autre fois, elle a r\u00e9ussi \u00e0 cacher des journaux aux allemands venus chez elle : ils se trouvaient sous elle, qui \u00e9tait alit\u00e9e, car en fin de grossesse. Elle ne s&rsquo;est pas content\u00e9e de rester sur les journaux, elle a vertement engueul\u00e9 ceux qui \u00e9taient en train de perquisitionner l&rsquo;appartement, les obligeant \u00e0 s&rsquo;excuser d&rsquo;\u00eatre l\u00e0.<br \/>\nUn peu plus tard, alors que son mari venait d&rsquo;\u00eatre arr\u00eat\u00e9, elle est parvenue \u00e0 \u00e9chapper aux allemands venus l&rsquo;arr\u00eater \u00e0 son tour en se cachant dans une poubelle, puis \u00e0 quitter Paris et \u00e0 accoucher \u00e0 Ch\u00e2teauroux de Daniel, mon p\u00e8re.<\/p>\n<p>Les r\u00e9cits de guerre d&rsquo;Ameyna \u00e9taient des r\u00e9cits d&rsquo;aventure qu&rsquo;elle racontait avec l\u00e9geret\u00e9. Son mari a v\u00e9cu cette p\u00e9riode bien diff\u00e9remment, en tout cas apr\u00e8s son arrestation. M\u00eame s&rsquo;il y a bien d&rsquo;autres raisons sans doute, c&rsquo;est peut-\u00eatre ce qui les a le plus s\u00e9par\u00e9s.<\/p>\n","protected":false},"excerpt":{"rendered":"<p>Un jour, Am\u00e9na\u00efde marchait dans Paris avec son beau-fr\u00e8re Claude, et tous deux \u00e9taient charg\u00e9s d&rsquo;exemplaires du journal R\u00e9sistance. \u00a0Leur sang s&rsquo;est glac\u00e9 en entendant derri\u00e8re eux des bruits de botte et une voix qui leur a cri\u00e9 en allemand \u00ab\u00a0Halt !\u00a0\u00bb. Ils pensaient que leur heure \u00e9tait venue, mais un des deux agents de &hellip; <a href=\"https:\/\/hyperbate.fr\/legendefamiliale\/2017\/07\/21\/plus-de-peur-que-de-mal\/\" class=\"more-link\">Continuer la lecture de <span class=\"screen-reader-text\">Plus de peur que de mal<\/span> <span class=\"meta-nav\">&rarr;<\/span><\/a><\/p>\n","protected":false},"author":1,"featured_media":0,"comment_status":"open","ping_status":"open","sticky":false,"template":"","format":"standard","meta":{"footnotes":""},"categories":[3],"tags":[],"class_list":["post-86","post","type-post","status-publish","format-standard","hentry","category-guerre"],"_links":{"self":[{"href":"https:\/\/hyperbate.fr\/legendefamiliale\/wp-json\/wp\/v2\/posts\/86","targetHints":{"allow":["GET"]}}],"collection":[{"href":"https:\/\/hyperbate.fr\/legendefamiliale\/wp-json\/wp\/v2\/posts"}],"about":[{"href":"https:\/\/hyperbate.fr\/legendefamiliale\/wp-json\/wp\/v2\/types\/post"}],"author":[{"embeddable":true,"href":"https:\/\/hyperbate.fr\/legendefamiliale\/wp-json\/wp\/v2\/users\/1"}],"replies":[{"embeddable":true,"href":"https:\/\/hyperbate.fr\/legendefamiliale\/wp-json\/wp\/v2\/comments?post=86"}],"version-history":[{"count":3,"href":"https:\/\/hyperbate.fr\/legendefamiliale\/wp-json\/wp\/v2\/posts\/86\/revisions"}],"predecessor-version":[{"id":108,"href":"https:\/\/hyperbate.fr\/legendefamiliale\/wp-json\/wp\/v2\/posts\/86\/revisions\/108"}],"wp:attachment":[{"href":"https:\/\/hyperbate.fr\/legendefamiliale\/wp-json\/wp\/v2\/media?parent=86"}],"wp:term":[{"taxonomy":"category","embeddable":true,"href":"https:\/\/hyperbate.fr\/legendefamiliale\/wp-json\/wp\/v2\/categories?post=86"},{"taxonomy":"post_tag","embeddable":true,"href":"https:\/\/hyperbate.fr\/legendefamiliale\/wp-json\/wp\/v2\/tags?post=86"}],"curies":[{"name":"wp","href":"https:\/\/api.w.org\/{rel}","templated":true}]}}