{"id":752,"date":"2021-12-11T15:07:40","date_gmt":"2021-12-11T14:07:40","guid":{"rendered":"https:\/\/hyperbate.fr\/legendefamiliale\/?p=752"},"modified":"2021-12-16T13:11:52","modified_gmt":"2021-12-16T12:11:52","slug":"genealogie-croate","status":"publish","type":"post","link":"https:\/\/hyperbate.fr\/legendefamiliale\/2021\/12\/11\/genealogie-croate\/","title":{"rendered":"G\u00e9n\u00e9alogie croate"},"content":{"rendered":"\n<p>Le p\u00e8re de Nathalie est n\u00e9 et mort \u00e0 Zadar, en Dalmatie. Sa famille est \u00e9tablie dans un village de p\u00eacheurs, Kali, sur l&rsquo;\u00cele d&rsquo;Ugljan, en face de Zadar. Je ne lis pas le croate et j&rsquo;ai mis longtemps \u00e0 trouver les archives d&rsquo;\u00c9tat-civil croates en ligne, mais elles existent, jusqu&rsquo;au d\u00e9but du XXe si\u00e8cle, et sont accessibles gratuitement, comme en France ou en Norv\u00e8ge, et contrairement au Royaume-uni ou aux \u00c9tats australiens. <br>Pour les archives publiques de la r\u00e9gion de Zadar, <a rel=\"noreferrer noopener\" href=\"https:\/\/www.dazd.hr\/en\/books\/register-books\" target=\"_blank\">on doit aller ici<\/a>. J&rsquo;imagine que les archives des autres comt\u00e9s fonctionnent de la m\u00eame mani\u00e8re. Le visionnage des pages fonctionne assez bien, mais sans indexation ni annotation, et surtout, sans possibilit\u00e9 de t\u00e9l\u00e9charger les documents  (ni m\u00eame d&rsquo;enregistrer les images d&rsquo;un clic)\u2014 enfin il y a une astuce qui permet d&rsquo;y acc\u00e9der tout de m\u00eame.<\/p>\n\n\n\n<figure class=\"wp-block-image size-large\"><a href=\"https:\/\/hyperbate.fr\/legendefamiliale\/files\/2021\/12\/image-3.png\"><img decoding=\"async\" width=\"1024\" height=\"697\" src=\"https:\/\/hyperbate.fr\/legendefamiliale\/files\/2021\/12\/image-3-1024x697.png\" alt=\"\" class=\"wp-image-769\" srcset=\"https:\/\/hyperbate.fr\/legendefamiliale\/files\/2021\/12\/image-3-1024x697.png 1024w, https:\/\/hyperbate.fr\/legendefamiliale\/files\/2021\/12\/image-3-300x204.png 300w, https:\/\/hyperbate.fr\/legendefamiliale\/files\/2021\/12\/image-3-768x523.png 768w, https:\/\/hyperbate.fr\/legendefamiliale\/files\/2021\/12\/image-3.png 1200w\" sizes=\"(max-width: 1024px) 100vw, 1024px\" \/><\/a><\/figure>\n\n\n\n<p>Ces archives sont assez passionnantes comme t\u00e9moins d&rsquo;une longue histoire : la r\u00e9gion a longtemps \u00e9t\u00e9 sous administration italienne<sup><a href=\"#footnote_1_752\" id=\"identifier_1_752\" class=\"footnote-link footnote-identifier-link\" title=\"La ville de Zadar elle-m&ecirc;me n&rsquo;est devenue Yougoslave qu&rsquo;en 1949, ce qui fait que de son vivant, mon beau-p&egrave;re Franko a vu sa ville natale &ecirc;tre successivement italienne, yougoslave et croate !\">1<\/a><\/sup>, et les registres sont r\u00e9dig\u00e9s dans un curieux m\u00e9lange linguistique qui varie selon les ann\u00e9es. Les formulaires imprim\u00e9s sont en italien. Les nombres sont \u00e9crits en chiffres arabes et en serbo-croate, mais les mois sont \u00e9crit, selon les p\u00e9riodes, en serbo-croate, en italien, ou encore en italien phon\u00e9tique. Ainsi je suis tomb\u00e9 sur un myst\u00e9rieux mois nomm\u00e9 \u00ab\u00a0\u017dunja\u00a0\u00bb (mais sans la diacritique) qui est en fait le moins de juin, \u00ab\u00a0giugno\u00a0\u00bb en italien, auquel est appliqu\u00e9 une d\u00e9clinaison (d&rsquo;o\u00f9 le \u00ab\u00a0a\u00a0\u00bb), et qui est transcrit en croate.<\/p>\n\n\n\n<figure class=\"wp-block-image size-full\"><img decoding=\"async\" width=\"680\" height=\"594\" src=\"https:\/\/hyperbate.fr\/legendefamiliale\/files\/2021\/12\/image-1.png\" alt=\"\" class=\"wp-image-763\" srcset=\"https:\/\/hyperbate.fr\/legendefamiliale\/files\/2021\/12\/image-1.png 680w, https:\/\/hyperbate.fr\/legendefamiliale\/files\/2021\/12\/image-1-300x262.png 300w\" sizes=\"(max-width: 680px) 100vw, 680px\" \/><figcaption>au centre : \u00ab\u00a0rodgena 3\u00b7tri\u00b7Zunja 1819\u00a0\u00bb (\u00ab\u00a0n\u00e9e le 3\u00b7trois\u00b7juin 1819\u00a0\u00bb)<\/figcaption><\/figure>\n\n\n\n<p>On voit au passage les villes changer de nom : Zadar, sous administration italienne, s&rsquo;appelait Zara, tandis que Kali a eu les noms successifs Calle, Kalle, Kale et Kali.<br>Les documents sont de bonne qualit\u00e9, plut\u00f4t lisibles, parfois \u00e9tonnamment complets. Les mentions marginales (ajouter la date de d\u00e9c\u00e8s \u00e0 un acte de naissance, typiquement) apparaissent bien plus t\u00f4t qu&rsquo;en France (apr\u00e8s guerre !) et \u00e9taient m\u00eame pr\u00e9vues dans les formulaires. <\/p>\n\n\n\n<figure class=\"wp-block-image size-large\"><a href=\"https:\/\/hyperbate.fr\/legendefamiliale\/?attachment_id=766\"><img decoding=\"async\" width=\"1024\" height=\"707\" src=\"https:\/\/hyperbate.fr\/legendefamiliale\/files\/2021\/12\/image-2-1024x707.png\" alt=\"\" class=\"wp-image-766\" srcset=\"https:\/\/hyperbate.fr\/legendefamiliale\/files\/2021\/12\/image-2-1024x707.png 1024w, https:\/\/hyperbate.fr\/legendefamiliale\/files\/2021\/12\/image-2-300x207.png 300w, https:\/\/hyperbate.fr\/legendefamiliale\/files\/2021\/12\/image-2-768x530.png 768w, https:\/\/hyperbate.fr\/legendefamiliale\/files\/2021\/12\/image-2.png 1200w\" sizes=\"(max-width: 1024px) 100vw, 1024px\" \/><\/a><\/figure>\n\n\n\n<p>De mani\u00e8re tr\u00e8s variable selon les p\u00e9riodes, certains actes peuvent \u00eatre extr\u00eamement d\u00e9taill\u00e9s, comme c&rsquo;est le cas les actes de d\u00e9c\u00e8s o\u00f9 sont parfois signal\u00e9e l&rsquo;identit\u00e9 et m\u00eame la date de naissance des parents du d\u00e9funt. Contrairement \u00e0 ce que j&rsquo;ai vu dans plein d&rsquo;autre pays, les mentions de veuvages et de remariages n&rsquo;apparaissent jamais \u2014 \u00e0 moins que \u00e7a soit moi qui n&rsquo;arrive pas \u00e0 les comprendre. <br>Je note que les r\u00e8gles de nommage des personnes changent avec le temps : parfois les patronymes se voyaient appliquer des d\u00e9clinaisons ( Mi\u0161lov \u2014  Mi\u0161lova).  <\/p>\n\n\n\n<figure class=\"wp-block-image size-large\"><a href=\"https:\/\/hyperbate.fr\/legendefamiliale\/files\/2021\/12\/image-4.png\"><img decoding=\"async\" width=\"1024\" height=\"643\" src=\"https:\/\/hyperbate.fr\/legendefamiliale\/files\/2021\/12\/image-4-1024x643.png\" alt=\"\" class=\"wp-image-773\" srcset=\"https:\/\/hyperbate.fr\/legendefamiliale\/files\/2021\/12\/image-4-1024x643.png 1024w, https:\/\/hyperbate.fr\/legendefamiliale\/files\/2021\/12\/image-4-300x189.png 300w, https:\/\/hyperbate.fr\/legendefamiliale\/files\/2021\/12\/image-4-768x483.png 768w, https:\/\/hyperbate.fr\/legendefamiliale\/files\/2021\/12\/image-4.png 1200w\" sizes=\"(max-width: 1024px) 100vw, 1024px\" \/><\/a><\/figure>\n\n\n\n<p>Le village de Kali est \u00e9tonnamment  homog\u00e8ne en termes de noms de famille et ce sont les m\u00eames qui reviennent ann\u00e9e apr\u00e8s ann\u00e9e dans les registres. Il y a notamment beaucoup de noms en \u00ab\u00a0ov\u00a0\u00bb : Mi\u0161lov, Dundov, Franov, Vitlov, Vidov, Blaslov, Grzunov. Cette terminaison en \u00ab\u00a0ov\u00a0\u00bb, qui sonne russe ou bulgare, n&rsquo;est pas du tout typique de la Yougoslavie, o\u00f9 les noms se finissent souvent en \u00ab\u00a0i\u0107\u00a0\u00bb (itch), comme c&rsquo;\u00e9tait le cas de la grand-m\u00e8re de Nathalie, Krstina Zelen\u010di\u0107, dont la famille, disait-on, venait d&rsquo;une \u00eele plus recul\u00e9e de l&rsquo;archipel, I\u017e \u2014 origine g\u00e9ographique qui daterait alors d&rsquo;avant les documents d&rsquo;\u00e9tat-civil auxquels j&rsquo;ai acc\u00e8s<sup><a href=\"#footnote_2_752\" id=\"identifier_2_752\" class=\"footnote-link footnote-identifier-link\" title=\"On sait que dans les soci&eacute;t&eacute;s traditionnelles, on reste souvent &laquo;&nbsp;l&rsquo;&eacute;tranger&nbsp;&raquo; quand c&rsquo;est un arri&egrave;re-arri&egrave;re-arri&egrave;re grand parent qui est venu s&rsquo;&eacute;tablir dans un village situ&eacute; &agrave; huit kilom&egrave;tres de celui o&ugrave; il est n&eacute; !\">2<\/a><\/sup><sup><a href=\"#footnote_3_752\" id=\"identifier_3_752\" class=\"footnote-link footnote-identifier-link\" title=\"Mise-&agrave;-jour du 16\/12\/2021 : en fait non, les Zelen\u010di\u0107 &eacute;taient bien de Kali, c&rsquo;est d&rsquo;un autre c&ocirc;t&eacute; &mdash; Govor\u010din que la famille venait de  I\u017e.\">3<\/a><\/sup>. Le \u00ab\u00a0ov\u00a0\u00bb bulgare est en tout cas intriguant : les habitants de Kali, qui ont leur propre dialecte du dalmate, distinct de celui de la ville voisine, Preko, viennent-ils de loin ?<br>Il me semble que certains noms ont \u00e9volu\u00e9, perdant leur derni\u00e8re syllabe en \u00ab\u00a0ov\u00a0\u00bb (je dois enqu\u00eater pour v\u00e9rifier que j&rsquo;ai bien compris, mais il me semble que c&rsquo;est le cas des patronymes se terminant par \u00ab\u00a0in\u00a0\u00bb : Perin, Lukin, Gobin, Jurin, Kurtin, Govor\u010din, \u0160imin, \u0160arin. Un des patronymes redondants se d\u00e9tache des autres : Kolega. J&rsquo;imagine qu&rsquo;il d\u00e9rive du mot latin col(l)ega, qui existe au Portugal, en Espagne, en Italie.<\/p>\n\n\n\n<figure class=\"wp-block-image size-full is-resized\"><img decoding=\"async\" src=\"https:\/\/hyperbate.fr\/legendefamiliale\/files\/2021\/12\/image-5.png\" alt=\"\" class=\"wp-image-781\" width=\"633\" height=\"681\" srcset=\"https:\/\/hyperbate.fr\/legendefamiliale\/files\/2021\/12\/image-5.png 700w, https:\/\/hyperbate.fr\/legendefamiliale\/files\/2021\/12\/image-5-279x300.png 279w\" sizes=\"(max-width: 633px) 100vw, 633px\" \/><figcaption>On voit le tr\u00e8s faible nombre de patronymes diff\u00e9rents sur le monument aux morts de Kali. Et il y a plus de vari\u00e9t\u00e9 dans cette liste du XXe si\u00e8cle que dans les registres du si\u00e8cle pr\u00e9c\u00e9dent.<\/figcaption><\/figure>\n\n\n\n<p>Je ne parle ni croate ni italien, et je n&rsquo;ai jamais \u00e9t\u00e9 tr\u00e8s bon pour lire des documents manuscrits, alors la redondance patronymes mais aussi le faible nombre de pr\u00e9noms (\u0160ime, Ante, Bo\u017ee, Josip, Ive, Marija, Mande,&#8230;) est une bonne clef de d\u00e9chiffrage. En revanche c&rsquo;est aussi une source de confusion potentielle : j&rsquo;ai d\u00fb tomber sur une vingtaine de \u0160ime Mi\u0161lov \u2014 dont deux sont dans l&rsquo;ascendance de Nathalie. Il n&rsquo;est pas rare que la m\u00eame ann\u00e9e trois ou quatre enfants portent le m\u00eame nom et le m\u00eame pr\u00e9nom !<sup><a href=\"#footnote_4_752\" id=\"identifier_4_752\" class=\"footnote-link footnote-identifier-link\" title=\"En revanche, les origines communes des diff&eacute;rentes familles du m&ecirc;me nom se perdent assez loin et jusqu&rsquo;ici je ne suis pas tomb&eacute; sur des &laquo;&nbsp;implexes&nbsp;&raquo;, c&rsquo;est &agrave; dire des anc&ecirc;tres qui se trouvent dans l&rsquo;ascendance d&rsquo;une personne par plusieurs branches. Nathalie me disait que les anciennes de son village veillaient au grain et signalaient aux jeunes gens que tel ou tel &eacute;tait un cousin afin d&rsquo;&eacute;viter des alliances consanguines&hellip;\">4<\/a><\/sup><br>Enfin on se d\u00e9brouille, et tout allait bien jusqu&rsquo;\u00e0 ce que j&rsquo;ouvre le registre des naissances le plus ancien, celui qui commence en 1683 et s&rsquo;interrompt en 1825. L\u00e0, le texte, pourtant clairement trac\u00e9, devient totalement illisible :<\/p>\n\n\n\n<figure class=\"wp-block-image size-large\"><img decoding=\"async\" width=\"1024\" height=\"832\" src=\"https:\/\/hyperbate.fr\/legendefamiliale\/files\/2021\/12\/image-6-1024x832.png\" alt=\"\" class=\"wp-image-791\" srcset=\"https:\/\/hyperbate.fr\/legendefamiliale\/files\/2021\/12\/image-6-1024x832.png 1024w, https:\/\/hyperbate.fr\/legendefamiliale\/files\/2021\/12\/image-6-300x244.png 300w, https:\/\/hyperbate.fr\/legendefamiliale\/files\/2021\/12\/image-6-768x624.png 768w, https:\/\/hyperbate.fr\/legendefamiliale\/files\/2021\/12\/image-6.png 1200w\" sizes=\"(max-width: 1024px) 100vw, 1024px\" \/><\/figure>\n\n\n\n<p>Ce n&rsquo;est pas \u00e9crit avec l&rsquo;alphabet romain, ce n&rsquo;est pas non plus du cyrillique, ni du grec&#8230; De loin, cet alphabet m&rsquo;a fait penser au georgien, mais ce n&rsquo;est pas \u00e7a non plus, il s&rsquo;agit de l&rsquo;alphabet glagolitique. L&rsquo;alphabet glagolitique, cr\u00e9\u00e9 par les missionnaires byzantins Cyrille et M\u00e9thode pour traduire la bible en vieux slave (langue qui est \u00e0 l&rsquo;origine du mac\u00e9donien et du bulgare), a \u00e9t\u00e9 accept\u00e9 par la papaut\u00e9 comme langue liturgique dans les Balkans, et a m\u00eame \u00e9t\u00e9 utilis\u00e9 aussi loin qu&rsquo;en Hongrie et en Slovaquie<sup><a href=\"#footnote_5_752\" id=\"identifier_5_752\" class=\"footnote-link footnote-identifier-link\" title=\"On m&rsquo;apprend au passage que le jeu vid&eacute;o Witcher 3, produit en Pologne, regorge d&rsquo;inscriptions en glagolitique, qui devient l&rsquo;&eacute;quivalent slave des runes nordiques.\">5<\/a><\/sup>. La Croatie, o\u00f9 on croyait (\u00e0 tort) que le glagolitique \u00e9tait l&rsquo;\u00e9criture employ\u00e9e par Saint J\u00e9r\u00f4me pour traduire la Bible, a persist\u00e9 \u00e0 utiliser le glagolitique pour la liturgie mais aussi pour les actes administratifs jusqu&rsquo;\u00e0 la fin du XVIIIe si\u00e8cle, et m\u00eame un peu apr\u00e8s comme on le voit ici. Pour tout arranger, la langue employ\u00e9e n&rsquo;est pas du croate mais du slavon liturgique, langue employ\u00e9e par les \u00e9glises orthodoxes et par certaines \u00e9glises catholiques de rite byzantin. <\/p>\n\n\n\n<figure class=\"wp-block-image size-large\"><a href=\"https:\/\/hyperbate.fr\/legendefamiliale\/?attachment_id=793\"><img decoding=\"async\" width=\"1024\" height=\"506\" src=\"https:\/\/hyperbate.fr\/legendefamiliale\/files\/2021\/12\/image-7-1024x506.png\" alt=\"\" class=\"wp-image-793\" srcset=\"https:\/\/hyperbate.fr\/legendefamiliale\/files\/2021\/12\/image-7-1024x506.png 1024w, https:\/\/hyperbate.fr\/legendefamiliale\/files\/2021\/12\/image-7-300x148.png 300w, https:\/\/hyperbate.fr\/legendefamiliale\/files\/2021\/12\/image-7-768x380.png 768w, https:\/\/hyperbate.fr\/legendefamiliale\/files\/2021\/12\/image-7.png 1200w\" sizes=\"(max-width: 1024px) 100vw, 1024px\" \/><\/a><figcaption>Le \u00ab\u00a0Notre-p\u00e8re\u00a0\u00bb dans les trois variantes de l&rsquo;alphabet glagolitique : rond, angulaire, et manuscrit. L&rsquo;alphabet angulaire est aussi nomm\u00e9 \u00ab\u00a0glagolitique croate\u00a0\u00bb. Le glagolitique croate n&rsquo;est pas seulement angulaire, il a des variantes qui s&rsquo;\u00e9cartent du glagolitique d&rsquo;origine. On f\u00eate le glagolitique croate les 22 f\u00e9vrier (je n&rsquo;invente pas cette information incongrue).<\/figcaption><\/figure>\n\n\n\n<p>L\u00e0, les choses commencent \u00e0 devenir difficiles : j&rsquo;ai un mal fou \u00e0 reconna\u00eetre les lettres et les chiffres (qui vont au del\u00e0 de 9 : il y a des signes sp\u00e9cifiques pour les dizaines, les centaines, les milliers&#8230; Et pas de z\u00e9ro) dans une page \u00e9crite en glagolitique.<br>Comme me le disait Nathalie, on peut se prendre pour le biblioth\u00e9caire Giles et le Scooby-gang de la s\u00e9rie Buffy-contre-les-vampires lorsque ceux-ci tentent de d\u00e9chiffrer des proph\u00e9ties ou des sorts d\u00e9moniaques dans des grimoires hors d&rsquo;\u00e2ge.<br>J&rsquo;ai trouv\u00e9 un logiciel en ligne qui transcrit le glagolitique script, mais j&rsquo;ai du mal \u00e0 savoir s&rsquo;il fonctionne : il faudrait que je connaisse le slavon liturgique pour le dire !<\/p>\n\n\n\n<figure class=\"wp-block-image size-large is-resized\"><a href=\"https:\/\/hyperbate.fr\/legendefamiliale\/?attachment_id=757\"><img decoding=\"async\" src=\"https:\/\/hyperbate.fr\/legendefamiliale\/files\/2021\/12\/image-1024x599.png\" alt=\"\" class=\"wp-image-757\" width=\"634\" height=\"370\" srcset=\"https:\/\/hyperbate.fr\/legendefamiliale\/files\/2021\/12\/image-1024x599.png 1024w, https:\/\/hyperbate.fr\/legendefamiliale\/files\/2021\/12\/image-300x176.png 300w, https:\/\/hyperbate.fr\/legendefamiliale\/files\/2021\/12\/image-768x449.png 768w, https:\/\/hyperbate.fr\/legendefamiliale\/files\/2021\/12\/image.png 1135w\" sizes=\"(max-width: 634px) 100vw, 634px\" \/><\/a><figcaption><a href=\"https:\/\/readcoop.eu\/model\/glagolitic-handwritten-14th-and-15th-century\/\" target=\"_blank\" rel=\"noreferrer noopener\">https:\/\/readcoop.eu\/model\/glagolitic-handwritten-14th-and-15th-century\/<\/a><\/figcaption><\/figure>\n\n\n\n<p>Mais il n&rsquo;est jamais trop tard pour apprendre de nouvelles langues !<\/p>\n<ol class=\"footnotes\"><li id=\"footnote_1_752\" class=\"footnote\">La ville de Zadar elle-m\u00eame n&rsquo;est devenue Yougoslave qu&rsquo;en 1949, ce qui fait que de son vivant, mon beau-p\u00e8re Franko a vu sa ville natale \u00eatre successivement italienne, yougoslave et croate !<span class=\"footnote-back-link-wrapper\"> [<a href=\"#identifier_1_752\" class=\"footnote-link footnote-back-link\">&#8617;<\/a>]<\/span><\/li><li id=\"footnote_2_752\" class=\"footnote\">On sait que dans les soci\u00e9t\u00e9s traditionnelles, on reste souvent \u00ab\u00a0l&rsquo;\u00e9tranger\u00a0\u00bb quand c&rsquo;est un arri\u00e8re-arri\u00e8re-arri\u00e8re grand parent qui est venu s&rsquo;\u00e9tablir dans un village situ\u00e9 \u00e0 huit kilom\u00e8tres de celui o\u00f9 il est n\u00e9 !<span class=\"footnote-back-link-wrapper\"> [<a href=\"#identifier_2_752\" class=\"footnote-link footnote-back-link\">&#8617;<\/a>]<\/span><\/li><li id=\"footnote_3_752\" class=\"footnote\">Mise-\u00e0-jour du 16\/12\/2021 : en fait non, les Zelen\u010di\u0107 \u00e9taient bien de Kali, c&rsquo;est d&rsquo;un autre c\u00f4t\u00e9 \u2014 Govor\u010din que la famille venait de  I\u017e. <span class=\"footnote-back-link-wrapper\"> [<a href=\"#identifier_3_752\" class=\"footnote-link footnote-back-link\">&#8617;<\/a>]<\/span><\/li><li id=\"footnote_4_752\" class=\"footnote\">En revanche, les origines communes des diff\u00e9rentes familles du m\u00eame nom se perdent assez loin et jusqu&rsquo;ici je ne suis pas tomb\u00e9 sur des \u00ab\u00a0implexes\u00a0\u00bb, c&rsquo;est \u00e0 dire des anc\u00eatres qui se trouvent dans l&rsquo;ascendance d&rsquo;une personne par plusieurs branches. Nathalie me disait que les anciennes de son village veillaient au grain et signalaient aux jeunes gens que tel ou tel \u00e9tait un cousin afin d&rsquo;\u00e9viter des alliances consanguines&#8230; <span class=\"footnote-back-link-wrapper\"> [<a href=\"#identifier_4_752\" class=\"footnote-link footnote-back-link\">&#8617;<\/a>]<\/span><\/li><li id=\"footnote_5_752\" class=\"footnote\">On m&rsquo;apprend au passage que le jeu vid\u00e9o Witcher 3, produit en Pologne, regorge d&rsquo;inscriptions en glagolitique, qui devient l&rsquo;\u00e9quivalent slave des runes nordiques. <span class=\"footnote-back-link-wrapper\"> [<a href=\"#identifier_5_752\" class=\"footnote-link footnote-back-link\">&#8617;<\/a>]<\/span><\/li><\/ol>","protected":false},"excerpt":{"rendered":"<p>Le p\u00e8re de Nathalie est n\u00e9 et mort \u00e0 Zadar, en Dalmatie. Sa famille est \u00e9tablie dans un village de p\u00eacheurs, Kali, sur l&rsquo;\u00cele d&rsquo;Ugljan, en face de Zadar. Je ne lis pas le croate et j&rsquo;ai mis longtemps \u00e0 trouver les archives d&rsquo;\u00c9tat-civil croates en ligne, mais elles existent, jusqu&rsquo;au d\u00e9but du XXe si\u00e8cle, &hellip; <a href=\"https:\/\/hyperbate.fr\/legendefamiliale\/2021\/12\/11\/genealogie-croate\/\" class=\"more-link\">Continuer la lecture de <span class=\"screen-reader-text\">G\u00e9n\u00e9alogie croate<\/span> <span class=\"meta-nav\">&rarr;<\/span><\/a><\/p>\n","protected":false},"author":1,"featured_media":0,"comment_status":"open","ping_status":"open","sticky":false,"template":"","format":"standard","meta":{"footnotes":""},"categories":[14],"tags":[],"class_list":["post-752","post","type-post","status-publish","format-standard","hentry","category-kali"],"_links":{"self":[{"href":"https:\/\/hyperbate.fr\/legendefamiliale\/wp-json\/wp\/v2\/posts\/752","targetHints":{"allow":["GET"]}}],"collection":[{"href":"https:\/\/hyperbate.fr\/legendefamiliale\/wp-json\/wp\/v2\/posts"}],"about":[{"href":"https:\/\/hyperbate.fr\/legendefamiliale\/wp-json\/wp\/v2\/types\/post"}],"author":[{"embeddable":true,"href":"https:\/\/hyperbate.fr\/legendefamiliale\/wp-json\/wp\/v2\/users\/1"}],"replies":[{"embeddable":true,"href":"https:\/\/hyperbate.fr\/legendefamiliale\/wp-json\/wp\/v2\/comments?post=752"}],"version-history":[{"count":2,"href":"https:\/\/hyperbate.fr\/legendefamiliale\/wp-json\/wp\/v2\/posts\/752\/revisions"}],"predecessor-version":[{"id":809,"href":"https:\/\/hyperbate.fr\/legendefamiliale\/wp-json\/wp\/v2\/posts\/752\/revisions\/809"}],"wp:attachment":[{"href":"https:\/\/hyperbate.fr\/legendefamiliale\/wp-json\/wp\/v2\/media?parent=752"}],"wp:term":[{"taxonomy":"category","embeddable":true,"href":"https:\/\/hyperbate.fr\/legendefamiliale\/wp-json\/wp\/v2\/categories?post=752"},{"taxonomy":"post_tag","embeddable":true,"href":"https:\/\/hyperbate.fr\/legendefamiliale\/wp-json\/wp\/v2\/tags?post=752"}],"curies":[{"name":"wp","href":"https:\/\/api.w.org\/{rel}","templated":true}]}}