{"id":623,"date":"2020-10-23T13:31:21","date_gmt":"2020-10-23T11:31:21","guid":{"rendered":"http:\/\/hyperbate.fr\/legendefamiliale\/?p=623"},"modified":"2020-10-24T15:43:37","modified_gmt":"2020-10-24T13:43:37","slug":"antoine-chamier","status":"publish","type":"post","link":"https:\/\/hyperbate.fr\/legendefamiliale\/2020\/10\/23\/antoine-chamier\/","title":{"rendered":"Antoine Chamier"},"content":{"rendered":"\n<p>Cousin d&rsquo;un de mes lointains anc\u00eatres, Antoine Chamier (~1655-1683) a eu une vie br\u00e8ve et une mort qui reste dans l&rsquo;Histoire comme une des trois injustices<sup><a href=\"#footnote_1_623\" id=\"identifier_1_623\" class=\"footnote-link footnote-identifier-link\" title=\"J&rsquo;ignore ce que sont les deux autres injustices, et je ne sais pas qui a d&eacute;cid&eacute; de leur nombre et de leur s&eacute;lection.\">1<\/a><\/sup> qui ont pr\u00e9c\u00e9d\u00e9 la R\u00e9vocation de l&rsquo;\u00c9dit de Nantes (1685). Les nombreux ouvrages consacr\u00e9s \u00e0 l&rsquo;Histoire du protestantisme qui le mentionnent ne fournissent pas \u00e9norm\u00e9ment de d\u00e9tails au sujet de sa vie. On sait qu&rsquo;il \u00e9tait, comme son p\u00e8re, avocat \u00e0 Mont\u00e9limar.<\/p>\n\n\n\n<figure class=\"wp-block-image\"><img decoding=\"async\" width=\"792\" height=\"562\" src=\"https:\/\/hyperbate.fr\/legendefamiliale\/files\/2020\/10\/rue_du_lion_d_or_montelimar.jpg\" alt=\"\" class=\"wp-image-646\" srcset=\"https:\/\/hyperbate.fr\/legendefamiliale\/files\/2020\/10\/rue_du_lion_d_or_montelimar.jpg 792w, https:\/\/hyperbate.fr\/legendefamiliale\/files\/2020\/10\/rue_du_lion_d_or_montelimar-300x213.jpg 300w, https:\/\/hyperbate.fr\/legendefamiliale\/files\/2020\/10\/rue_du_lion_d_or_montelimar-768x545.jpg 768w\" sizes=\"(max-width: 792px) 100vw, 792px\" \/><figcaption>La rue du Lion d&rsquo;or, \u00e0 Mont\u00e9limar, o\u00f9 vivaient Jacques Chamier et Marie Bourserie, les parents d&rsquo;Antoine Chamier, et o\u00f9 ce dernier a \u00e9t\u00e9 tu\u00e9.<\/figcaption><\/figure>\n\n\n\n<p>L&rsquo;\u00c9dit de Nantes (1598) avait permis un relatif apaisement des guerres de religion, mais tout au long du si\u00e8cle qui a suivi, sous le r\u00e8gne de Louis XIII puis sous celui de Louis XIV, les droits des Huguenots ont \u00e9t\u00e9 r\u00e9guli\u00e8rement r\u00e9duits par des lois d&rsquo;exception. Au cours du dernier quart du XVIIe si\u00e8cle, le ph\u00e9nom\u00e8ne s&rsquo;aggrave et les r\u00e9form\u00e9s voient interdites leurs assembl\u00e9es locales ou nationales, voient un temple sur deux \u00eatre d\u00e9truit. Dans les temples restants, ils doivent accepter d&rsquo;\u00eatre surveill\u00e9s par un agent catholique qui v\u00e9rifie le contenu des pr\u00eaches. Enfin, les \u00e9tablissements d&rsquo;enseignement secondaire protestants sont ferm\u00e9s afin que les jeunes ne puissent b\u00e9n\u00e9ficier que d&rsquo;une \u00e9ducation catholique. Ces tracasseries ne sont pas encore des pers\u00e9cutions violents mais la volont\u00e9 de faire dispara\u00eetre le calvinisme en France est manifeste. Le pouvoir royal alloue par ailleurs un budget \u00e0 la Caisse des conversions de l&rsquo;ancien r\u00e9form\u00e9 Paul Pellisson, qui s&rsquo;est vant\u00e9 aupr\u00e8s du roi d&rsquo;avoir obtenu l&rsquo;abjuration de pr\u00e8s de 60 000 protestants, en \u00e9change de primes, d&rsquo;avantages et de faveurs pour eux et leurs familles<sup><a href=\"#footnote_2_623\" id=\"identifier_2_623\" class=\"footnote-link footnote-identifier-link\" title=\"Ce syst&egrave;me est rapidement devenu un business douteux : les &laquo;&nbsp;acheteurs de conscience&nbsp;&raquo;, eux-m&ecirc;mes pay&eacute;s &agrave; la pi&egrave;ce, n&rsquo;&eacute;taient pas tr&egrave;s regardants et ont accept&eacute; la conversion au catholicisme de catholiques mentant sur leur religion, ou accept&eacute; que les m&ecirc;mes personnes abjurent plusieurs fois de suite. On estime que le nombre de conversions v&eacute;ritables tourne plut&ocirc;t autour de 10 000.\">2<\/a><\/sup>.<\/p>\n\n\n\n<figure class=\"wp-block-image\"><img decoding=\"async\" width=\"792\" height=\"706\" src=\"https:\/\/hyperbate.fr\/legendefamiliale\/files\/2020\/10\/dragon.jpg\" alt=\"\" class=\"wp-image-632\" srcset=\"https:\/\/hyperbate.fr\/legendefamiliale\/files\/2020\/10\/dragon.jpg 792w, https:\/\/hyperbate.fr\/legendefamiliale\/files\/2020\/10\/dragon-300x267.jpg 300w, https:\/\/hyperbate.fr\/legendefamiliale\/files\/2020\/10\/dragon-768x685.jpg 768w\" sizes=\"(max-width: 792px) 100vw, 792px\" \/><\/figure>\n\n\n\n<p>\u00c0 partir de 1679, Louis XIV acc\u00e9l\u00e8re le mouvement, et envoie ses dragons<sup><a href=\"#footnote_3_623\" id=\"identifier_3_623\" class=\"footnote-link footnote-identifier-link\" title=\"Les dragons sont des soldats se d&eacute;pla&ccedil;ant &agrave; cheval mais combattant &agrave; pied.\">3<\/a><\/sup> aux quatre coins de la France pour convertir \u00ab\u00a0pacifiquement\u00a0\u00bb les protestants. Autoris\u00e9s \u00e0 loger chez ces derniers, les dragons se rendent vite coupables de toutes les brutalit\u00e9s et exactions qu&rsquo;on imagine.<\/p>\n\n\n\n<p>La suppression de temples et la surveillance des autres poussent les Protestants \u00e0 se regrouper pour assister \u00e0 des pr\u00eaches clandestins. Le 29 ao\u00fbt 1683, dans la for\u00eat de Saou (Dr\u00f4me), 300 (ou 200 selon les r\u00e9cits) protestants qui se sont eux-m\u00eames nomm\u00e9s \u00ab\u00a0camp de l&rsquo;\u00c9ternel\u00a0\u00bb sont assembl\u00e9s ill\u00e9galement. On vient les avertir que quatre r\u00e9giments de dragons command\u00e9s par le marquis de Saint Ruth sont entr\u00e9s dans Bourdeaux et pillent la ville. Les protestants se mettent en route pour d\u00e9fendre la ville, mais ils tombent vite nez-\u00e0-nez avec un r\u00e9giment dont le capitaine leur ordonne de poser les armes et de se rendre s&rsquo;ils souhaitent garder la vie sauve. Les protestants affirment ne pas \u00eatre arm\u00e9s, disent que leur religion leur interdit la violence et jurent \u00eatre fid\u00e8les au Roi. En r\u00e9ponse, le capitaine tire alors sur un des protestants, qui meurt sur le coup. Le combat est lanc\u00e9. Le capitaine sera le premier dragon tu\u00e9. La bataille qui s&rsquo;ensuit au lieu-dit \u00ab\u00a0Les Bourelles\u00a0\u00bb o\u00f9 les protestants sont retranch\u00e9s est meurtri\u00e8re (120 morts dont un dixi\u00e8me de dragons). Apr\u00e8s le combat, les soldats du Roy-tr\u00e8s-chrestien s&rsquo;acharnent sur les visages des protestants qu&rsquo;ils ont tu\u00e9s pour les d\u00e9figurer : il ne faut pas qu&rsquo;on puisse les identifier. Les dragons avaient fait quatre prisonniers, ils leur ont demand\u00e9 d&rsquo;abjurer leur religion mais face au refus manifest\u00e9, ils ont forc\u00e9 l&rsquo;un d&rsquo;entre eux \u00e0 pendre ses compagnons.<br>Pour achever de mater la R.P.R. (\u00ab\u00a0religion pr\u00e9tendue r\u00e9form\u00e9e\u00a0\u00bb) dans la r\u00e9gion, le roi fera raser, aux d\u00e9pens des protestants, les temples de Bourdeaux et B\u00e9zaudun. Des protestants soup\u00e7onn\u00e9s d&rsquo;avoir assist\u00e9 \u00e0 des pr\u00eaches clandestins du \u00ab\u00a0Camp de l&rsquo;\u00c9ternel\u00a0\u00bb sont envoy\u00e9s aux gal\u00e8res ou condamn\u00e9s \u00e0 l&rsquo;exil. De nombreux villages protestants des alentours se convertissent alors \u00ab\u00a0spontan\u00e9ment\u00a0\u00bb au Catholicisme, mais on sait que cette conversion \u00e9tait souvent feinte car la religion r\u00e9form\u00e9e a tout aussi spontan\u00e9ment r\u00e9apparu au m\u00eame endroit par la suite.<\/p>\n\n\n\n<figure class=\"wp-block-image\"><img decoding=\"async\" width=\"700\" height=\"481\" src=\"https:\/\/hyperbate.fr\/legendefamiliale\/files\/2020\/10\/supplice_de_la_roue.jpg\" alt=\"\" class=\"wp-image-655\" srcset=\"https:\/\/hyperbate.fr\/legendefamiliale\/files\/2020\/10\/supplice_de_la_roue.jpg 700w, https:\/\/hyperbate.fr\/legendefamiliale\/files\/2020\/10\/supplice_de_la_roue-300x206.jpg 300w\" sizes=\"(max-width: 700px) 100vw, 700px\" \/><figcaption>Le supplice de la roue<\/figcaption><\/figure>\n\n\n\n<p>Antoine Chamier, avocat de 28 ans, avait \u00e9t\u00e9 arr\u00eat\u00e9 dans la for\u00eat de Saou. Assimil\u00e9 aux fugitifs du \u00ab\u00a0Camp de l&rsquo;\u00c9ternel\u00a0\u00bb, il a pour sa part affirm\u00e9 qu&rsquo;il s&rsquo;\u00e9tait trouv\u00e9 l\u00e0 par le hasard d&rsquo;une partie de chasse. Peu importe la r\u00e9alit\u00e9 des faits : son statut de notable protestant de Mont\u00e9limar, fils de l&rsquo;avocat Jacques Chamier, petit-fils du pasteur Adrien Chamier<sup><a href=\"#footnote_4_623\" id=\"identifier_4_623\" class=\"footnote-link footnote-identifier-link\" title=\"Adrien Chamier, curieusement, &eacute;tait ami du Cardinal de Richelieu. Il est mort &agrave; l&rsquo;&acirc;ge respectable de 81 ans.\">4<\/a><\/sup> et arri\u00e8re-petit fils du grand Chamier<sup><a href=\"#footnote_5_623\" id=\"identifier_5_623\" class=\"footnote-link footnote-identifier-link\" title=\"Daniel Chamier (1565-1621) dit &laquo;&nbsp;Le grand Chamier&nbsp;&raquo;, pasteur c&eacute;l&egrave;bre pour avoir n&eacute;goci&eacute; l&rsquo;&Eacute;dit de Nantes aupr&egrave;s d&rsquo;Henri IV et pour &ecirc;tre mort en martyr lors du si&egrave;ge de Montauban (o&ugrave; les r&eacute;form&eacute;s ont pourtant obtenu la victoire, malgr&eacute; une disproportion des forces en pr&eacute;sence).\">5<\/a><\/sup>, justifiait qu&rsquo;il soit puni de fa\u00e7on exemplaire. Il est alors rou\u00e9 devant la porte de la maison de ses parents le 11 septembre 1683. Son agonie durera trois jours.<br>Si ce genre d&rsquo;histoire poussa des protestants \u00e0 l&rsquo;exil, la clandestinit\u00e9 ou le renoncement, elle cr\u00e9e aussi des vocations, comme celle de la jeune Blanche Gomont, qui en entendant le r\u00e9cit du martyre d&rsquo;Antoine Chamier s&rsquo;est sentie pr\u00eate \u00e0 vivre le m\u00eame supplice : <\/p>\n\n\n\n<blockquote class=\"wp-block-quote is-layout-flow wp-block-quote-is-layout-flow\"><p>Quelque temps apr\u00e8s cella on fit ro\u00fcer M. Chamier \u00e0 Mont\u00e9limar pour la religion et je disois \u00e0 moy m\u00eame : \u00ab\u00a0Pourrois tu bien souffrir la roue ou le feu si Dieu t&rsquo;appelloit \u00e0 cella. Comme la semence de l&rsquo;Eglise ce sont les martyrs quel bonheur si Dieu te faisoit la gr\u00e2ce d&rsquo;\u00eatre du nombre\u00a0\u00bb.<\/p><cite>Journal de Blanche Gaumont, dans <em>Une h\u00e9ro\u00efne protestante<\/em> (Th\u00e9odore Clapar\u00e8de, Paris 1867) <\/cite><\/blockquote>\n\n\n\n<p>&#8230;Elle sera exauc\u00e9e, la pauvre, apr\u00e8s avoir \u00e9t\u00e9 confi\u00e9e \u00e0 21 ans \u00e0 un trouble personnage, d&rsquo;H\u00e9rapine<sup><a href=\"#footnote_6_623\" id=\"identifier_6_623\" class=\"footnote-link footnote-identifier-link\" title=\"Henri Guichard, au pass&eacute; d&rsquo;escroc et de criminel avait d&eacute;cid&eacute; de se faire appeler d&rsquo;H&eacute;rapine, en &eacute;cho &agrave; son surnom, &laquo;&nbsp;la rapine&nbsp;&raquo;. L&rsquo;&eacute;v&egrave;que de Valence, qui l&rsquo;avait pris en amiti&eacute;, lui avait confi&eacute; la direction de l&rsquo;h&ocirc;pital de la ville.\">6<\/a><\/sup>, qui se chargeait de ramener \u00e0 la foi catholique les protestants d\u00e9tenus dans l&rsquo;H\u00f4pital de Valence en les soumettant \u00e0 des mois de torture dont la cruaut\u00e9 et le raffinement soul\u00e8vent le c\u0153ur. Tous ne survivaient pas au traitements inflig\u00e9s par les sbires de d&rsquo;H\u00e9rapine et sa terrible adjointe, s\u0153ur Marie. Blanche Gomont en est rentr\u00e9e boiteuse.<\/p>\n\n\n\n<figure class=\"wp-block-image\"><img decoding=\"async\" width=\"723\" height=\"859\" src=\"https:\/\/hyperbate.fr\/legendefamiliale\/files\/2020\/10\/antoine_chamier.png\" alt=\"\" class=\"wp-image-624\" srcset=\"https:\/\/hyperbate.fr\/legendefamiliale\/files\/2020\/10\/antoine_chamier.png 723w, https:\/\/hyperbate.fr\/legendefamiliale\/files\/2020\/10\/antoine_chamier-253x300.png 253w\" sizes=\"(max-width: 723px) 100vw, 723px\" \/><figcaption>Le lien familial&#8230;<\/figcaption><\/figure>\n\n\n\n<p>Apr\u00e8s la r\u00e9vocation de l&rsquo;\u00c9dit de Nantes, la plupart des membres de la famille Chamier se sont exil\u00e9s \u00e0 Gen\u00e8ve, puis \u00e0 Londres.<\/p>\n<ol class=\"footnotes\"><li id=\"footnote_1_623\" class=\"footnote\">J&rsquo;ignore ce que sont les deux autres injustices, et je ne sais pas qui a d\u00e9cid\u00e9 de leur nombre et de leur s\u00e9lection. <span class=\"footnote-back-link-wrapper\"> [<a href=\"#identifier_1_623\" class=\"footnote-link footnote-back-link\">&#8617;<\/a>]<\/span><\/li><li id=\"footnote_2_623\" class=\"footnote\">Ce syst\u00e8me est rapidement devenu un business douteux : les \u00ab\u00a0acheteurs de conscience\u00a0\u00bb, eux-m\u00eames pay\u00e9s \u00e0 la pi\u00e8ce, n&rsquo;\u00e9taient pas tr\u00e8s regardants et ont accept\u00e9 la conversion au catholicisme de catholiques mentant sur leur religion, ou accept\u00e9 que les m\u00eames personnes abjurent plusieurs fois de suite. On estime que le nombre de conversions v\u00e9ritables tourne plut\u00f4t autour de 10 000.<span class=\"footnote-back-link-wrapper\"> [<a href=\"#identifier_2_623\" class=\"footnote-link footnote-back-link\">&#8617;<\/a>]<\/span><\/li><li id=\"footnote_3_623\" class=\"footnote\">Les dragons sont des soldats se d\u00e9pla\u00e7ant \u00e0 cheval mais combattant \u00e0 pied. <span class=\"footnote-back-link-wrapper\"> [<a href=\"#identifier_3_623\" class=\"footnote-link footnote-back-link\">&#8617;<\/a>]<\/span><\/li><li id=\"footnote_4_623\" class=\"footnote\">Adrien Chamier, curieusement, \u00e9tait ami du Cardinal de Richelieu. Il est mort \u00e0 l&rsquo;\u00e2ge respectable de 81 ans. <span class=\"footnote-back-link-wrapper\"> [<a href=\"#identifier_4_623\" class=\"footnote-link footnote-back-link\">&#8617;<\/a>]<\/span><\/li><li id=\"footnote_5_623\" class=\"footnote\">Daniel Chamier (1565-1621) dit \u00ab\u00a0Le grand Chamier\u00a0\u00bb, pasteur c\u00e9l\u00e8bre pour avoir n\u00e9goci\u00e9 l&rsquo;\u00c9dit de Nantes aupr\u00e8s d&rsquo;Henri IV et pour \u00eatre mort en martyr lors du si\u00e8ge de Montauban (o\u00f9 les r\u00e9form\u00e9s ont pourtant obtenu la victoire, malgr\u00e9 une disproportion des forces en pr\u00e9sence). <span class=\"footnote-back-link-wrapper\"> [<a href=\"#identifier_5_623\" class=\"footnote-link footnote-back-link\">&#8617;<\/a>]<\/span><\/li><li id=\"footnote_6_623\" class=\"footnote\">Henri Guichard, au pass\u00e9 d&rsquo;escroc et de criminel avait d\u00e9cid\u00e9 de se faire appeler d&rsquo;H\u00e9rapine, en \u00e9cho \u00e0 son surnom, \u00ab\u00a0la rapine\u00a0\u00bb. L&rsquo;\u00e9v\u00e8que de Valence, qui l&rsquo;avait pris en amiti\u00e9, lui avait confi\u00e9 la direction de l&rsquo;h\u00f4pital de la ville. <span class=\"footnote-back-link-wrapper\"> [<a href=\"#identifier_6_623\" class=\"footnote-link footnote-back-link\">&#8617;<\/a>]<\/span><\/li><\/ol>","protected":false},"excerpt":{"rendered":"<p>Cousin d&rsquo;un de mes lointains anc\u00eatres, Antoine Chamier (~1655-1683) a eu une vie br\u00e8ve et une mort qui reste dans l&rsquo;Histoire comme une des trois injustices1 qui ont pr\u00e9c\u00e9d\u00e9 la R\u00e9vocation de l&rsquo;\u00c9dit de Nantes (1685). Les nombreux ouvrages consacr\u00e9s \u00e0 l&rsquo;Histoire du protestantisme qui le mentionnent ne fournissent pas \u00e9norm\u00e9ment de d\u00e9tails au sujet &hellip; <a href=\"https:\/\/hyperbate.fr\/legendefamiliale\/2020\/10\/23\/antoine-chamier\/\" class=\"more-link\">Continuer la lecture de <span class=\"screen-reader-text\">Antoine Chamier<\/span> <span class=\"meta-nav\">&rarr;<\/span><\/a><\/p>\n","protected":false},"author":1,"featured_media":0,"comment_status":"open","ping_status":"open","sticky":false,"template":"","format":"standard","meta":{"footnotes":""},"categories":[10],"tags":[],"class_list":["post-623","post","type-post","status-publish","format-standard","hentry","category-famille-chamier"],"_links":{"self":[{"href":"https:\/\/hyperbate.fr\/legendefamiliale\/wp-json\/wp\/v2\/posts\/623","targetHints":{"allow":["GET"]}}],"collection":[{"href":"https:\/\/hyperbate.fr\/legendefamiliale\/wp-json\/wp\/v2\/posts"}],"about":[{"href":"https:\/\/hyperbate.fr\/legendefamiliale\/wp-json\/wp\/v2\/types\/post"}],"author":[{"embeddable":true,"href":"https:\/\/hyperbate.fr\/legendefamiliale\/wp-json\/wp\/v2\/users\/1"}],"replies":[{"embeddable":true,"href":"https:\/\/hyperbate.fr\/legendefamiliale\/wp-json\/wp\/v2\/comments?post=623"}],"version-history":[{"count":3,"href":"https:\/\/hyperbate.fr\/legendefamiliale\/wp-json\/wp\/v2\/posts\/623\/revisions"}],"predecessor-version":[{"id":660,"href":"https:\/\/hyperbate.fr\/legendefamiliale\/wp-json\/wp\/v2\/posts\/623\/revisions\/660"}],"wp:attachment":[{"href":"https:\/\/hyperbate.fr\/legendefamiliale\/wp-json\/wp\/v2\/media?parent=623"}],"wp:term":[{"taxonomy":"category","embeddable":true,"href":"https:\/\/hyperbate.fr\/legendefamiliale\/wp-json\/wp\/v2\/categories?post=623"},{"taxonomy":"post_tag","embeddable":true,"href":"https:\/\/hyperbate.fr\/legendefamiliale\/wp-json\/wp\/v2\/tags?post=623"}],"curies":[{"name":"wp","href":"https:\/\/api.w.org\/{rel}","templated":true}]}}