{"id":58,"date":"2017-07-20T11:01:46","date_gmt":"2017-07-20T09:01:46","guid":{"rendered":"http:\/\/hyperbate.fr\/legendefamilale\/?p=58"},"modified":"2017-09-18T17:15:31","modified_gmt":"2017-09-18T15:15:31","slug":"les-derniers-jours-de-mauthausen","status":"publish","type":"post","link":"https:\/\/hyperbate.fr\/legendefamiliale\/2017\/07\/20\/les-derniers-jours-de-mauthausen\/","title":{"rendered":"Les derniers jours de Mauthausen"},"content":{"rendered":"<p>Lorsqu&rsquo;il a \u00e9t\u00e9 clair que la guerre \u00e9tait perdue pour les Nazis, les responsables du komando d&rsquo;Ebensee (annexe du \u00ab\u00a0camp d&rsquo;extermination par le travail\u00a0\u00bb de Mauthausen, non loin de Linz en Autriche), ont annonc\u00e9 aux prisonniers qu&rsquo;ils \u00e9taient en train de n\u00e9gocier les conditions de leur reddition. Ils leur ont dit, en attendant leur lib\u00e9ration, de se rendre dans une mine o\u00f9 ils seraient \u00e0 l&rsquo;abri.<\/p>\n<p><img decoding=\"async\" class=\"aligncenter size-full wp-image-109\" src=\"https:\/\/hyperbate.fr\/legendefamilale\/files\/2017\/07\/cartes_deporte.jpg\" alt=\"\" width=\"640\" height=\"466\" srcset=\"https:\/\/hyperbate.fr\/legendefamiliale\/files\/2017\/07\/cartes_deporte.jpg 640w, https:\/\/hyperbate.fr\/legendefamiliale\/files\/2017\/07\/cartes_deporte-300x218.jpg 300w\" sizes=\"(max-width: 640px) 100vw, 640px\" \/><\/p>\n<p>Mais les prisonniers se sont rebell\u00e9s, ils avaient compris ce que les historiens ont prouv\u00e9 depuis : l&rsquo;ordre avait \u00e9t\u00e9 donn\u00e9 depuis Berlin<sup><a href=\"#footnote_1_58\" id=\"identifier_1_58\" class=\"footnote-link footnote-identifier-link\" title=\"Lire : http:\/\/www.jewishgen.org\/ForgottenCamps\/Camps\/MauthausenFr.html.\">1<\/a><\/sup> de faire dispara\u00eetre le camp, ses annexes et leurs occupants en d\u00e9truisant les installations et en ensevelissant les hommes sous les d\u00e9combres d&rsquo;une mine que l&rsquo;on ferait exploser. Le plan n&rsquo;a pas pu \u00eatre mis \u00e0 ex\u00e9cution.<\/p>\n<ol class=\"footnotes\"><li id=\"footnote_1_58\" class=\"footnote\">Lire : <a href=\"http:\/\/www.jewishgen.org\/ForgottenCamps\/Camps\/MauthausenFr.html\" target=\"_blank\" rel=\"noopener\">http:\/\/www.jewishgen.org\/ForgottenCamps\/Camps\/MauthausenFr.html<\/a>. <span class=\"footnote-back-link-wrapper\"> [<a href=\"#identifier_1_58\" class=\"footnote-link footnote-back-link\">&#8617;<\/a>]<\/span><\/li><\/ol>","protected":false},"excerpt":{"rendered":"<p>Lorsqu&rsquo;il a \u00e9t\u00e9 clair que la guerre \u00e9tait perdue pour les Nazis, les responsables du komando d&rsquo;Ebensee (annexe du \u00ab\u00a0camp d&rsquo;extermination par le travail\u00a0\u00bb de Mauthausen, non loin de Linz en Autriche), ont annonc\u00e9 aux prisonniers qu&rsquo;ils \u00e9taient en train de n\u00e9gocier les conditions de leur reddition. Ils leur ont dit, en attendant leur lib\u00e9ration, &hellip; <a href=\"https:\/\/hyperbate.fr\/legendefamiliale\/2017\/07\/20\/les-derniers-jours-de-mauthausen\/\" class=\"more-link\">Continuer la lecture de <span class=\"screen-reader-text\">Les derniers jours de Mauthausen<\/span> <span class=\"meta-nav\">&rarr;<\/span><\/a><\/p>\n","protected":false},"author":1,"featured_media":0,"comment_status":"open","ping_status":"open","sticky":false,"template":"","format":"standard","meta":{"footnotes":""},"categories":[11,3],"tags":[],"class_list":["post-58","post","type-post","status-publish","format-standard","hentry","category-andre-lafargue","category-guerre"],"_links":{"self":[{"href":"https:\/\/hyperbate.fr\/legendefamiliale\/wp-json\/wp\/v2\/posts\/58","targetHints":{"allow":["GET"]}}],"collection":[{"href":"https:\/\/hyperbate.fr\/legendefamiliale\/wp-json\/wp\/v2\/posts"}],"about":[{"href":"https:\/\/hyperbate.fr\/legendefamiliale\/wp-json\/wp\/v2\/types\/post"}],"author":[{"embeddable":true,"href":"https:\/\/hyperbate.fr\/legendefamiliale\/wp-json\/wp\/v2\/users\/1"}],"replies":[{"embeddable":true,"href":"https:\/\/hyperbate.fr\/legendefamiliale\/wp-json\/wp\/v2\/comments?post=58"}],"version-history":[{"count":3,"href":"https:\/\/hyperbate.fr\/legendefamiliale\/wp-json\/wp\/v2\/posts\/58\/revisions"}],"predecessor-version":[{"id":110,"href":"https:\/\/hyperbate.fr\/legendefamiliale\/wp-json\/wp\/v2\/posts\/58\/revisions\/110"}],"wp:attachment":[{"href":"https:\/\/hyperbate.fr\/legendefamiliale\/wp-json\/wp\/v2\/media?parent=58"}],"wp:term":[{"taxonomy":"category","embeddable":true,"href":"https:\/\/hyperbate.fr\/legendefamiliale\/wp-json\/wp\/v2\/categories?post=58"},{"taxonomy":"post_tag","embeddable":true,"href":"https:\/\/hyperbate.fr\/legendefamiliale\/wp-json\/wp\/v2\/tags?post=58"}],"curies":[{"name":"wp","href":"https:\/\/api.w.org\/{rel}","templated":true}]}}