{"id":538,"date":"2020-08-18T16:07:46","date_gmt":"2020-08-18T14:07:46","guid":{"rendered":"http:\/\/hyperbate.fr\/legendefamiliale\/?p=538"},"modified":"2020-08-18T18:06:50","modified_gmt":"2020-08-18T16:06:50","slug":"etudes-de-jean-2-service-militaire","status":"publish","type":"post","link":"https:\/\/hyperbate.fr\/legendefamiliale\/2020\/08\/18\/etudes-de-jean-2-service-militaire\/","title":{"rendered":"\u00c9tudes de Jean (2) : service militaire"},"content":{"rendered":"\n<p>Nouvel <em>extrait des m\u00e9moires de mon arri\u00e8re grand-p\u00e8re, Jean Lafargue (1884-1974).&nbsp;<\/em> En 1904, d\u00e9vast\u00e9 par son \u00e9chec au concours d&rsquo;entr\u00e9e de l&rsquo;\u00e9cole Polytechnique, il effectue son service militaire.<\/p>\n\n\n\n<p>Ne sachant o\u00f9 me diriger, je d\u00e9cidai de faire mon service militaire. C&rsquo;\u00e9tait la derni\u00e8re ann\u00e9e du service de trois ans, r\u00e9duit \u00e0 une ann\u00e9e pour les \u00e9tudiants munis de certains dipl\u00f4mes, les instituteurs, les fils de veuves, etc&#8230; Si j&rsquo;avais demand\u00e9 un sursis \u00e0 l&rsquo;appel, j&rsquo;aurais eu \u00e0 faire deux ans de service au lieu d&rsquo;un. Je fus envoy\u00e9 \u00e0 Angoul\u00eame, o\u00f9 habitaient mes grands-parents maternels. Ce fut une ann\u00e9e horrible pour moi, bien que j&rsquo;ai \u00e9t\u00e9 mis dans le peloton sp\u00e9cial des \u00e9l\u00e8ves officiers. Les sous-officiers \u00e9taient, pour la plupart, des brutes. Les lieutenants, sp\u00e9cialement choisis pour ce peloton, \u00e9taient tr\u00e8s \u00e9l\u00e9gants et tr\u00e8s snobs. Ils faisaient acte de pr\u00e9sence pendant deux ou trois heures le martin, ne jetaient qu&rsquo;un regard d\u00e9sabus\u00e9 et d\u00e9go\u00fbt\u00e9 sur les soldats, bavardaient entre eux des r\u00e9ceptions de la marquise de &#8230;, de la comtesse de &#8230;, de leurs succ\u00e8s aupr\u00e8s de telle ou telle jeune femme. Il ne s&rsquo;int\u00e9ressaient \u00e0 aucun de leurs soldats.  <\/p>\n\n\n\n<figure class=\"wp-block-image\"><img decoding=\"async\" width=\"700\" height=\"362\" src=\"https:\/\/hyperbate.fr\/legendefamiliale\/files\/2020\/08\/soldat_galant.jpg\" alt=\"\" class=\"wp-image-581\" srcset=\"https:\/\/hyperbate.fr\/legendefamiliale\/files\/2020\/08\/soldat_galant.jpg 700w, https:\/\/hyperbate.fr\/legendefamiliale\/files\/2020\/08\/soldat_galant-300x155.jpg 300w\" sizes=\"(max-width: 700px) 100vw, 700px\" \/><\/figure>\n\n\n\n<p> Le capitaine seul \u00e9tait un homme tr\u00e8s sympathique. Malheureusement, officier d&rsquo;\u00e9tat major perdu au milieu de ces officiers mondains, timide et isol\u00e9 car il n&rsquo;\u00e9tait dans ce r\u00e9giment que pour deux ans, il se montrait peu et \u00e9vitait de faire des observations \u00e0 ses inf\u00e9rieurs, comme s&rsquo;il avait ignor\u00e9 le r\u00f4le r\u00e9el d&rsquo;un capitaine dans une compagnie. Le hasard me mit un jour en rapport avec lui. Apprenant que j&rsquo;avais \u00e9t\u00e9 admissible \u00e0 l&rsquo;X, il s&rsquo;int\u00e9ressa \u00e0 moi. Il profitait de toutes occasions pour que nous discutions, me posant de petits probl\u00e8mes de math\u00e9matiques, mais toujours tr\u00e8s discr\u00e8tement, \u00e9vitant d&rsquo;attirer l&rsquo;attention des lieutenants et des sous officiers. Un jour, le pauvre homme se rendit ridicule. Notre peloton tenait la place d&rsquo;honneur un jour que le g\u00e9n\u00e9ral passait les hommes en revue. Lorsque le g\u00e9n\u00e9ral arriva, escort\u00e9 par son colonel, mon capitaine fut le premier \u00e0 donne des ordres \u00e0 son peloton. On entendit alors une petite voix aigu\u00eb mais tr\u00e8s nette crier : <em>\u00ab \u2014 Ba\u00efonnettes&#8230; on ! \u00bb<\/em> , commandement d\u00e9suet qui avait \u00e9t\u00e9 remplac\u00e9 par : <em>\u00ab \u2014 Ba\u00efonnette au canon ! \u00bb<\/em>. Le colonel devint tr\u00e8s rouge, le g\u00e9n\u00e9ral fron\u00e7a les sourcils ; les soldat sourirent&#8230; Mais d\u00e9j\u00e0, le capitaine s&rsquo;\u00e9tait repris et criait l&rsquo;ordre exact. La revue une fois pass\u00e9e, l&rsquo;ordre f\u00fbt donn\u00e9 de remettre les ba\u00efonnettes au fourreaux. Et l&rsquo;on entendit \u00e0 nouveau la petite voix de mon capitaine qui criait : <em>\u00ab \u2014 Remettez&#8230;ette ! \u00bb<\/em>, au lieu de : <em>\u00ab \u2014 Remettez la ba\u00efonnette ! \u00bb<\/em>. Un fou rire s&rsquo;est d\u00e9clench\u00e9 du c\u00f4t\u00e9 des troupiers. Mon pauvre capitaine, discr\u00e9dit\u00e9, ne reparut plus<sup><a href=\"#footnote_1_538\" id=\"identifier_1_538\" class=\"footnote-link footnote-identifier-link\" title=\"Si quelqu&rsquo;un comprend cette anecdote, &ccedil;a m&rsquo;int&eacute;resse !\">1<\/a><\/sup>.<\/p>\n\n\n\n<figure class=\"wp-block-image\"><img decoding=\"async\" width=\"800\" height=\"511\" src=\"https:\/\/hyperbate.fr\/legendefamiliale\/files\/2020\/08\/caserne_angouleme_2.jpg\" alt=\"\" class=\"wp-image-580\" srcset=\"https:\/\/hyperbate.fr\/legendefamiliale\/files\/2020\/08\/caserne_angouleme_2.jpg 800w, https:\/\/hyperbate.fr\/legendefamiliale\/files\/2020\/08\/caserne_angouleme_2-300x192.jpg 300w, https:\/\/hyperbate.fr\/legendefamiliale\/files\/2020\/08\/caserne_angouleme_2-768x491.jpg 768w\" sizes=\"(max-width: 800px) 100vw, 800px\" \/><\/figure>\n\n\n\n<p> La vie stupide que je menais avait fait que, d\u00e9go\u00fbt\u00e9, j&rsquo;\u00e9tais devenu un mauvais soldat, faisant juste le strict minimum, incapable d&rsquo;apprendre par c\u0153ur le manuel du soldat, mais toujours pr\u00eat, en revanche, \u00e0 saisir la moindre occasion de permis de sortie qui se pr\u00e9sentait. C&rsquo;est ainsi que, vers le mois de mai, ayant appris qu&rsquo;une instruction minist\u00e9rielle stipulait que des permissions pour aller passer des examens civils \u00e9taient accord\u00e9es aux volontaires qui justifiaient de titres suffisants pour se pr\u00e9senter, je demandai une permission de trois semaines pour aller passer \u00e0 Paris les examens d&rsquo;entr\u00e9e \u00e0 l&rsquo;Ecole Centrale, car j&rsquo;avais constat\u00e9 que c&rsquo;\u00e9taient les plus longs de tous les examens qui m&rsquo;\u00e9taient offerts. J&rsquo;obtins la permission, qui ne pouvait d&rsquo;ailleurs pas m&rsquo;\u00eatre refus\u00e9e, et passais tranquillement mes trois semaines \u00e0 Paris. Mais quand je revins \u00e0 la caserne, une surprise m&rsquo;attendait: quinze jours de salle de police pour avoir demand\u00e9 et obtenu une permission, alors que j&rsquo;avais \u00e0 passer des examens militaires ! Lorsque j&rsquo;\u00e9tais parti, la date des examens n&rsquo;avaient pas encore \u00e9t\u00e9 fix\u00e9e et il n&rsquo;\u00e9tait pas question qu&rsquo;elle soit prochaine. En tout cas, ce n&rsquo;\u00e9tait pas \u00e0 moi de soulever cette question, mais le colonel qui avait autoris\u00e9 ma permission avait \u00e9t\u00e9 s\u00e9v\u00e8rement r\u00e9primand\u00e9 par le g\u00e9n\u00e9ral qui faisait passe l&rsquo;examen. Le colonel r\u00e9primanda le commandant qui se retourna contre les officiers du peloton auquel j&rsquo;appartenais, et finalement, ce fut sur moi que fondit la punition. C&rsquo;\u00e9tait somme tout assez injuste, mais je ne la fis pas car je fis remarquer que toutes les punitions, par ordre minist\u00e9riel, avaient \u00e9t\u00e9 lev\u00e9es \u00e0 l&rsquo;occasion du quatorze juillet, or, bien que je sois rentr\u00e9 le seize, la punition \u00e9tait ant\u00e9rieure \u00e0 cette date. Cette question de droit fut soumise au colonel, et je n&rsquo;en entendis plus parler. N\u00e9anmoins, n&rsquo;ayant pas pass\u00e9 l&rsquo;examen d&rsquo;\u00e9l\u00e8ve-officier, je quittai la caserne comme simple soldat. Lorsque, quelques ann\u00e9es plus tard, je fis une p\u00e9riode militaire, mon lieutenant fut surpris que je n&rsquo;aie aucun galon. Il me dit qu&rsquo;il ferait le n\u00e9cessaire pour que je passe au moins sous-officier, mais je lui demandais de n&rsquo;en rien faire&#8230; En effet, les officiers devaient, tous les deux ans, faire une p\u00e9riode militaire, alors qu&rsquo;en tant que simple soldat je n&rsquo;avais \u00e0 en faire que deux au total !<\/p>\n\n\n\n<div class=\"wp-block-image\"><figure class=\"aligncenter\"><img decoding=\"async\" width=\"500\" height=\"631\" src=\"https:\/\/hyperbate.fr\/legendefamiliale\/files\/2020\/08\/theodore_tiroflant.jpg\" alt=\"\" class=\"wp-image-583\" srcset=\"https:\/\/hyperbate.fr\/legendefamiliale\/files\/2020\/08\/theodore_tiroflant.jpg 500w, https:\/\/hyperbate.fr\/legendefamiliale\/files\/2020\/08\/theodore_tiroflant-238x300.jpg 238w\" sizes=\"(max-width: 500px) 100vw, 500px\" \/><figcaption>Les ann\u00e9es de service de Th\u00e9odore Tiroflant, dans l&rsquo;\u00c9patant.<\/figcaption><\/figure><\/div>\n\n\n\n<p>Un souvenir amusant me revient, concernant mon service militaire. Parmi mes camarades de peloton, il en \u00e9tait un dont la maladresse \u00e9tait extr\u00eame, invraisemblable&#8230; Nous dev\u00eenmes amis. Il \u00e9tait licenci\u00e9 \u00e8s lettres. C&rsquo;\u00e9tait un gar\u00e7on charmant, tr\u00e8s intelligent, mais qui savait remarquablement faire l&rsquo;idiot d\u00e8s qu&rsquo;il avait franchi les portes d&rsquo;entr\u00e9e de la caserne. Nous sortions chaque soir ensemble, et il me disait : <em>\u00ab \u2014 Ils sont tellement b\u00eates dans l&rsquo;arm\u00e9e que j&rsquo;arriverai bien \u00e0 me faire r\u00e9former pour inaptitude absolue \u00bb<\/em>. Je doutais qu&rsquo;il obtienne un tel r\u00e9sultat, et cependant il montrait beaucoup de bonne volont\u00e9 \u00e0 faire l&rsquo;imb\u00e9cile et le maladroit, avec un naturel et une continuit\u00e9 admirables! Les sous-officiers constat\u00e8rent bient\u00f4t que ce conscrit \u00e9tait incapable de tenir un fusil, d&rsquo;apprendre \u00e0 marcher au pas, \u00e0 faire le salut militaire, etc&#8230; Ils en parl\u00e8rent entre eux et estim\u00e8rent qu&rsquo;il \u00e9tait dangereux de mettre entre ses mains  une ba\u00efonnette ou un fusil, car il pouvait les casser malgr\u00e9 sa bonne volont\u00e9. Mon camarade, \u00e0 la requ\u00eate de nos chefs, dut alors passer devant un conseil de m\u00e9decins militaires qui devaient l&rsquo;examiner d&rsquo;un point de vue mental. Peu de temps apr\u00e8s, il m&rsquo;annon\u00e7a la d\u00e9cision du conseil : il \u00e9tait reconnu inapte pour faiblesse d&rsquo;esprit. Je le f\u00e9licitai de son succ\u00e8s, mais c&rsquo;est \u00e0 regret que je le vis partir. Je ne sais ce qu&rsquo;il devint par la suite, car il s&rsquo;\u00e9tait empress\u00e9 de quitter Angoul\u00eame. C&rsquo;\u00e9tait un esprit fin et un com\u00e9dien remarquable ! Il avait r\u00e9ussi \u00e0 berner les militaires, m\u00eame ceux \u00e9tant cens\u00e9s \u00eatre quelque peu psychologues. <a href=\"https:\/\/hyperbate.fr\/legendefamiliale\/2020\/08\/18\/etudes-de-jean-3-deux-annees-a-luniversite\/\">(suite)<\/a><\/p>\n\n\n\n<p style=\"text-align:right\"><em>(r\u00e9dig\u00e9 en 1966, transcrit par Daniel Lafargue)<\/em><\/p>\n<ol class=\"footnotes\"><li id=\"footnote_1_538\" class=\"footnote\">Si quelqu&rsquo;un comprend cette anecdote, \u00e7a m&rsquo;int\u00e9resse ! <span class=\"footnote-back-link-wrapper\"> [<a href=\"#identifier_1_538\" class=\"footnote-link footnote-back-link\">&#8617;<\/a>]<\/span><\/li><\/ol>","protected":false},"excerpt":{"rendered":"<p>Nouvel extrait des m\u00e9moires de mon arri\u00e8re grand-p\u00e8re, Jean Lafargue (1884-1974).&nbsp; En 1904, d\u00e9vast\u00e9 par son \u00e9chec au concours d&rsquo;entr\u00e9e de l&rsquo;\u00e9cole Polytechnique, il effectue son service militaire. Ne sachant o\u00f9 me diriger, je d\u00e9cidai de faire mon service militaire. C&rsquo;\u00e9tait la derni\u00e8re ann\u00e9e du service de trois ans, r\u00e9duit \u00e0 une ann\u00e9e pour les &hellip; <a href=\"https:\/\/hyperbate.fr\/legendefamiliale\/2020\/08\/18\/etudes-de-jean-2-service-militaire\/\" class=\"more-link\">Continuer la lecture de <span class=\"screen-reader-text\">\u00c9tudes de Jean (2) : service militaire<\/span> <span class=\"meta-nav\">&rarr;<\/span><\/a><\/p>\n","protected":false},"author":1,"featured_media":0,"comment_status":"open","ping_status":"open","sticky":false,"template":"","format":"standard","meta":{"footnotes":""},"categories":[8],"tags":[],"class_list":["post-538","post","type-post","status-publish","format-standard","hentry","category-jean-lafargue"],"_links":{"self":[{"href":"https:\/\/hyperbate.fr\/legendefamiliale\/wp-json\/wp\/v2\/posts\/538","targetHints":{"allow":["GET"]}}],"collection":[{"href":"https:\/\/hyperbate.fr\/legendefamiliale\/wp-json\/wp\/v2\/posts"}],"about":[{"href":"https:\/\/hyperbate.fr\/legendefamiliale\/wp-json\/wp\/v2\/types\/post"}],"author":[{"embeddable":true,"href":"https:\/\/hyperbate.fr\/legendefamiliale\/wp-json\/wp\/v2\/users\/1"}],"replies":[{"embeddable":true,"href":"https:\/\/hyperbate.fr\/legendefamiliale\/wp-json\/wp\/v2\/comments?post=538"}],"version-history":[{"count":3,"href":"https:\/\/hyperbate.fr\/legendefamiliale\/wp-json\/wp\/v2\/posts\/538\/revisions"}],"predecessor-version":[{"id":587,"href":"https:\/\/hyperbate.fr\/legendefamiliale\/wp-json\/wp\/v2\/posts\/538\/revisions\/587"}],"wp:attachment":[{"href":"https:\/\/hyperbate.fr\/legendefamiliale\/wp-json\/wp\/v2\/media?parent=538"}],"wp:term":[{"taxonomy":"category","embeddable":true,"href":"https:\/\/hyperbate.fr\/legendefamiliale\/wp-json\/wp\/v2\/categories?post=538"},{"taxonomy":"post_tag","embeddable":true,"href":"https:\/\/hyperbate.fr\/legendefamiliale\/wp-json\/wp\/v2\/tags?post=538"}],"curies":[{"name":"wp","href":"https:\/\/api.w.org\/{rel}","templated":true}]}}