{"id":534,"date":"2020-08-18T12:44:01","date_gmt":"2020-08-18T10:44:01","guid":{"rendered":"http:\/\/hyperbate.fr\/legendefamiliale\/?p=534"},"modified":"2020-08-18T16:11:09","modified_gmt":"2020-08-18T14:11:09","slug":"etudes-de-jean-1-echec-a-polytechnique","status":"publish","type":"post","link":"https:\/\/hyperbate.fr\/legendefamiliale\/2020\/08\/18\/etudes-de-jean-1-echec-a-polytechnique\/","title":{"rendered":"\u00c9tudes de Jean (1) : \u00e9chec \u00e0 Polytechnique"},"content":{"rendered":"\n<p><em>Un extrait des m\u00e9moires de mon arri\u00e8re grand-p\u00e8re, Jean Lafargue (1884-1974). En 1897, il devient orphelin de son p\u00e8re. Jean Fernand Lafargue , ing\u00e9nieur form\u00e9 \u00e0 Polytechique. La situation financi\u00e8re de la famille a \u00e9t\u00e9 durement affect\u00e9e par ce d\u00e9c\u00e8s, mais Jean poursuit ses \u00e9tudes avec pour but d&rsquo;int\u00e9grer l&rsquo;X. Tout \u00e7a se passe entre 1901 et 1904.<\/em><\/p>\n\n\n\n<p>J&rsquo;entrai en math\u00e9matiques sp\u00e9ciales en octobre 1901. J&rsquo;avais alors dix-sept ans et paraissais destin\u00e9, ou du moins c&rsquo;\u00e9tait l\u00e0 l&rsquo;opinion de mon professeur de math\u00e9matiques, \u00e0 entrer \u00e0 l&rsquo;X. Pour ma part, entour\u00e9 de polytechniciens comme je l&rsquo;avais \u00e9t\u00e9 depuis l&rsquo;enfance, je n&rsquo;envisageais pas d&rsquo;autre vie pour moi. H\u00e9las, le destin veillait et s&rsquo;est oppos\u00e9 avec une t\u00e9nacit\u00e9 qui me para\u00eet aujourd&rsquo;hui extraordinaire, \u00e0 la r\u00e9alisation de ce qui me semblait indispensable pour me faire une place dans la vie.<br>Au cours de ma premi\u00e8re ann\u00e9e de pr\u00e9paration, je tombai malade, d&rsquo;une grippe probablement, mais notre m\u00e9decin qui avait vu mourir mon p\u00e8re d&rsquo;une endocardite, en d\u00e9duisit que j&rsquo;avais le c\u0153ur malade et que je devais cesser toute activit\u00e9 physique pendant au moins deux mois. Ainsi, je dus vivre \u00e9tendu sur mon lit, ou sur une chaise longue, me distrayant en faisant des r\u00e9ussites ou en lisant des romans d&rsquo;aventure. C&rsquo;est ainsi que je lus presque tous les ouvrages d&rsquo;Alexandre Dumas p\u00e8re, mais du point de vue de mes \u00e9tudes, cette ann\u00e9e l\u00e0 fut perdue.<\/p>\n\n\n\n<div class=\"wp-block-image\"><figure class=\"aligncenter\"><img decoding=\"async\" width=\"300\" height=\"353\" src=\"https:\/\/hyperbate.fr\/legendefamiliale\/files\/2020\/08\/mousquetaires-1.png\" alt=\"\" class=\"wp-image-568\" srcset=\"https:\/\/hyperbate.fr\/legendefamiliale\/files\/2020\/08\/mousquetaires-1.png 300w, https:\/\/hyperbate.fr\/legendefamiliale\/files\/2020\/08\/mousquetaires-1-255x300.png 255w\" sizes=\"(max-width: 300px) 100vw, 300px\" \/><\/figure><\/div>\n\n\n\n<p> L&rsquo;ann\u00e9e suivante, tout alla bien jusqu&rsquo;\u00e0 P\u00e2ques mais au retour des vacances, c&rsquo;est la fi\u00e8vre typho\u00efde qui cette fois se d\u00e9clara et elle fut extr\u00eamement grave car \u00e0 cette \u00e9poque, il n&rsquo;y avait ni vaccin, ni s\u00e9rum. On attendait la fin de la maladie en essayant de nourrir le malade avec un peu de lait. Mes intestins furent malmen\u00e9s et je m&rsquo;en suis ressenti toute ma vie. Le c\u0153ur et le cerveau furent \u00e9galement touch\u00e9s. La fi\u00e8vre finit par tomber et ma convalescence commen\u00e7a. Elle ne devait pas durer longtemps : la fi\u00e8vre recommen\u00e7a \u00e0 monter et ce fut une rechute plus redoutable encore que la premi\u00e8re atteinte. Mon cas paraissait d\u00e9sesp\u00e9r\u00e9 : rares \u00e9taient les typhiques qui, \u00e0 cette \u00e9poque, r\u00e9sistaient \u00e0 la maladie, et moins encore \u00e0 une rechute. Le m\u00e9decin venait me voir deux fois par jour; une infirmi\u00e8re me plongeait dans des bains froids. L&rsquo;agitation de mon esprit \u00e9tait incroyable: je r\u00e9solvais des probl\u00e8mes math\u00e9matiques dont je n&rsquo;avais pu trouver la solution avant ma maladie, j&rsquo;\u00e9tais insupportable pour mon entourage, exigeant qu&rsquo;on me lise \u00e0 voix haute les contes d&rsquo;Anatole France dont je donnais les titres et qui \u00e9taient particuli\u00e8rement os\u00e9s, je n&rsquo;admettais pas une minute de retard dans la pr\u00e9sentation des drogues ou de la nourriture que je devais absorber toutes les trois heures, je n&rsquo;avais pourtant pas de montre et on avait \u00e9loign\u00e9 de moi les pendules.<\/p>\n\n\n\n<figure class=\"wp-block-image\"><img decoding=\"async\" width=\"792\" height=\"516\" src=\"https:\/\/hyperbate.fr\/legendefamiliale\/files\/2020\/08\/typhus.png\" alt=\"\" class=\"wp-image-570\" srcset=\"https:\/\/hyperbate.fr\/legendefamiliale\/files\/2020\/08\/typhus.png 792w, https:\/\/hyperbate.fr\/legendefamiliale\/files\/2020\/08\/typhus-300x195.png 300w, https:\/\/hyperbate.fr\/legendefamiliale\/files\/2020\/08\/typhus-768x500.png 768w\" sizes=\"(max-width: 792px) 100vw, 792px\" \/><figcaption>Comment la bact\u00e9rie responsable du typhus peut contaminer un puits (illustration danoise de 1939).<\/figcaption><\/figure>\n\n\n\n<p> La fi\u00e8vre baissa enfin, mais je n&rsquo;\u00e9tais plus qu&rsquo;un squelette, incapable de me tenir debout quand je fus autoris\u00e9 \u00e0 sortir de mon lit. La convalescence fut tr\u00e8s longue. J&rsquo;appris un jour que mon professeur de math\u00e9matiques venait de mourir. Comme je commen\u00e7ais \u00e0 pouvoir marcher seul et que le temps \u00e9tait magnifique, je tins \u00e0 aller \u00e0 l&rsquo;\u00e9glise. On ne me contraria point. Je fus mis en voiture et d\u00e9pos\u00e9 \u00e0 l&rsquo;\u00e9glise. Mes camarades y \u00e9taient. Je m&rsquo;avan\u00e7ai vers eux mais aucun ne me reconnut, et pourtant beaucoup d&rsquo;entre eux me connaissaient depuis des ann\u00e9es. Je remontai en voiture, \u00e9puis\u00e9. Il me fallut pr\u00e8s de six mois pour \u00eatre en \u00e9tat de reprendre mes \u00e9tudes. Mais l&rsquo;ann\u00e9e scolaire \u00e9tait perdue pour moi, d&rsquo;autant plus que ma m\u00e9moire, qui n&rsquo;avait jamais \u00e9t\u00e9 bonne, avait \u00e9t\u00e9 diminu\u00e9e par la maladie.  <\/p>\n\n\n\n<p>Toutefois, l&rsquo;ann\u00e9e suivante, le pus enfin faire des \u00e9tudes \u00e0 peu pr\u00e8s normales et je fus admissible \u00e0 l&rsquo;Ecole Polytechnique. N&rsquo;ayant pas encore atteint la limite d&rsquo;\u00e2ge, je me pr\u00e9sentai donc aux examens d&rsquo;admission, apr\u00e8s une ann\u00e9e encore assez boulevers\u00e9e par quelques maladies. Le m\u00e9decin, me voyant tr\u00e8s fatigu\u00e9, me donna plusieurs pilules de caf\u00e9ine que je devais prendre si je me sentais trop las.<\/p>\n\n\n\n<div class=\"wp-block-image\"><figure class=\"aligncenter\"><img decoding=\"async\" width=\"500\" height=\"409\" src=\"https:\/\/hyperbate.fr\/legendefamiliale\/files\/2020\/08\/caffeine-1.png\" alt=\"\" class=\"wp-image-573\" srcset=\"https:\/\/hyperbate.fr\/legendefamiliale\/files\/2020\/08\/caffeine-1.png 500w, https:\/\/hyperbate.fr\/legendefamiliale\/files\/2020\/08\/caffeine-1-300x245.png 300w\" sizes=\"(max-width: 500px) 100vw, 500px\" \/><\/figure><\/div>\n\n\n\n<p> A mon premier examen de math\u00e9matiques, l&rsquo;examinateur que je n&rsquo;aimais gu\u00e8re et qui \u00e9tait consid\u00e9r\u00e9 comme tr\u00e8s dur, me donna un 17\/20, ce qui \u00e9tait une note exceptionnelle et me donnait beaucoup d&rsquo;espoir. Je passai les examens de physique, de chimie et d&rsquo;allemand et obtins des notes convenables, sauf en allemand o\u00f9 j&rsquo;eus 3\/20. Ce fut enfin le dernier examen de math\u00e9matiques. La temp\u00e9rature, ce jour l\u00e0, \u00e9tait tr\u00e8s \u00e9lev\u00e9e. Je comptais passer \u00e0 trois heures de l&rsquo;apr\u00e8s-midi, mais on ne m&rsquo;appela que vers six heures du soir. J&rsquo;\u00e9tais \u00e0 bout de forces, \u00e0 bout de nerfs&#8230; Je pris une pilule de caf\u00e9ine. Aussit\u00f4t, mon c\u0153ur se mit \u00e0 battre follement. Je m&rsquo;avan\u00e7ai vers le tableau noir. L&rsquo;examinateur, qui m&rsquo;\u00e9tait tr\u00e8s sympathique, me posa une question. Je ne r\u00e9pondis rien : j&rsquo;en eus \u00e9t\u00e9 incapable. Il vit mon trouble, me fit asseoir et me dit qu&rsquo;il sentait lui aussi le besoin de se reposer un peu. Au bout d&rsquo;un quart d&rsquo;heure de repos, l&rsquo;interrogation reprit mais j&rsquo;\u00e9tais toujours dans le m\u00eame \u00e9tat, incapable d&rsquo;articuler un seul mot. Apr\u00e8s un certain temps, l&rsquo;examinateur, qui \u00e9tait bienveillant, m&rsquo;exprima son regret de ne pouvoir attendre plus. Je me retirai ; tout \u00e9tait fini pour moi.<\/p>\n\n\n\n<div class=\"wp-block-image\"><figure class=\"aligncenter\"><img decoding=\"async\" width=\"492\" height=\"310\" src=\"https:\/\/hyperbate.fr\/legendefamiliale\/files\/2020\/08\/x.png\" alt=\"\" class=\"wp-image-574\" srcset=\"https:\/\/hyperbate.fr\/legendefamiliale\/files\/2020\/08\/x.png 492w, https:\/\/hyperbate.fr\/legendefamiliale\/files\/2020\/08\/x-300x189.png 300w\" sizes=\"(max-width: 492px) 100vw, 492px\" \/><\/figure><\/div>\n\n\n\n<p> Mon d\u00e9sespoir fut grand : j&rsquo;\u00e9tais un malchanceux ; il \u00e9tait inutile de lutter contre le destin. Du c\u00f4t\u00e9 des amis de mon p\u00e8re, je ne trouvai aucun appui, aucune suggestion&#8230; Je ne les int\u00e9ressais plus. Ils me laissaient entendre qu&rsquo;en dehors de Polytechnique, il n&rsquo;y avait aucune voie permettant d&rsquo;arriver \u00e0 une situation int\u00e9ressante dans l&rsquo;industrie ou comme fonctionnaire. Mon subrog\u00e9 tuteur, brave homme cependant mais polytechnicien, me sugg\u00e9ra d&rsquo;entrer aux PTT comme commis ! Ne voyant plus aucun avenir, je me renfermais sur moi-m\u00eame. J&rsquo;avais eu une enfance et une adolescence tristes. Du fait de mon complexe d&rsquo;inf\u00e9riorit\u00e9, je n&rsquo;avais jamais eu grande confiance en moi, mais je pouvais tout au moins esp\u00e9rer en des jours meilleurs. Maintenant, tout \u00e9tait fini&#8230; Je tombai malade. Tous les ressorts \u00e9taient bris\u00e9s en moi, physiquement et moralement.  <a href=\"https:\/\/hyperbate.fr\/legendefamiliale\/2020\/08\/18\/etudes-de-jean-2-service-militaire\/\">(Suite)<\/a><\/p>\n\n\n\n<p style=\"text-align:right\"><em>(r\u00e9dig\u00e9 en 1966, transcrit par Daniel Lafargue)<\/em><\/p>\n","protected":false},"excerpt":{"rendered":"<p>Un extrait des m\u00e9moires de mon arri\u00e8re grand-p\u00e8re, Jean Lafargue (1884-1974). En 1897, il devient orphelin de son p\u00e8re. Jean Fernand Lafargue , ing\u00e9nieur form\u00e9 \u00e0 Polytechique. La situation financi\u00e8re de la famille a \u00e9t\u00e9 durement affect\u00e9e par ce d\u00e9c\u00e8s, mais Jean poursuit ses \u00e9tudes avec pour but d&rsquo;int\u00e9grer l&rsquo;X. Tout \u00e7a se passe entre &hellip; <a href=\"https:\/\/hyperbate.fr\/legendefamiliale\/2020\/08\/18\/etudes-de-jean-1-echec-a-polytechnique\/\" class=\"more-link\">Continuer la lecture de <span class=\"screen-reader-text\">\u00c9tudes de Jean (1) : \u00e9chec \u00e0 Polytechnique<\/span> <span class=\"meta-nav\">&rarr;<\/span><\/a><\/p>\n","protected":false},"author":1,"featured_media":0,"comment_status":"open","ping_status":"open","sticky":false,"template":"","format":"standard","meta":{"footnotes":""},"categories":[8],"tags":[],"class_list":["post-534","post","type-post","status-publish","format-standard","hentry","category-jean-lafargue"],"_links":{"self":[{"href":"https:\/\/hyperbate.fr\/legendefamiliale\/wp-json\/wp\/v2\/posts\/534","targetHints":{"allow":["GET"]}}],"collection":[{"href":"https:\/\/hyperbate.fr\/legendefamiliale\/wp-json\/wp\/v2\/posts"}],"about":[{"href":"https:\/\/hyperbate.fr\/legendefamiliale\/wp-json\/wp\/v2\/types\/post"}],"author":[{"embeddable":true,"href":"https:\/\/hyperbate.fr\/legendefamiliale\/wp-json\/wp\/v2\/users\/1"}],"replies":[{"embeddable":true,"href":"https:\/\/hyperbate.fr\/legendefamiliale\/wp-json\/wp\/v2\/comments?post=534"}],"version-history":[{"count":3,"href":"https:\/\/hyperbate.fr\/legendefamiliale\/wp-json\/wp\/v2\/posts\/534\/revisions"}],"predecessor-version":[{"id":586,"href":"https:\/\/hyperbate.fr\/legendefamiliale\/wp-json\/wp\/v2\/posts\/534\/revisions\/586"}],"wp:attachment":[{"href":"https:\/\/hyperbate.fr\/legendefamiliale\/wp-json\/wp\/v2\/media?parent=534"}],"wp:term":[{"taxonomy":"category","embeddable":true,"href":"https:\/\/hyperbate.fr\/legendefamiliale\/wp-json\/wp\/v2\/categories?post=534"},{"taxonomy":"post_tag","embeddable":true,"href":"https:\/\/hyperbate.fr\/legendefamiliale\/wp-json\/wp\/v2\/tags?post=534"}],"curies":[{"name":"wp","href":"https:\/\/api.w.org\/{rel}","templated":true}]}}