{"id":444,"date":"2019-11-22T03:35:29","date_gmt":"2019-11-22T02:35:29","guid":{"rendered":"http:\/\/hyperbate.fr\/legendefamiliale\/?p=444"},"modified":"2019-11-22T17:22:54","modified_gmt":"2019-11-22T16:22:54","slug":"les-papiers-dandre","status":"publish","type":"post","link":"https:\/\/hyperbate.fr\/legendefamiliale\/2019\/11\/22\/les-papiers-dandre\/","title":{"rendered":"Les papiers d&rsquo;Andr\u00e9"},"content":{"rendered":"\n<p>Les <a rel=\"noreferrer noopener\" aria-label=\"archives Arolsen (s\u2019ouvre dans un nouvel onglet)\" href=\"https:\/\/arolsen-archives.org\/fr\/rechercher-decouvrir\/recherche-dans-les-archives-en-ligne\/\" target=\"_blank\">archives Arolsen<\/a> viennent de mettre en ligne plus de 850 000 documents administratifs concernant dix millions de personnes pers\u00e9cut\u00e9es par le r\u00e9gime nazi. Cette incroyable masse documentaire peut se consulter ici : <a href=\"https:\/\/collections.arolsen-archives.org\/\">collections.arolsen-archives.org<\/a><br>J&rsquo;y suis all\u00e9 chercher des documents concernant Andr\u00e9, mon grand-p\u00e8re, successivement d\u00e9port\u00e9 \u00e0 Buchenwald, Mauthausen et Ebensee. Et il y en a beaucoup.<br>Je ne lis pas l&rsquo;Allemand, mais beaucoup d&rsquo;indications sont intelligibles malgr\u00e9 tout. Je comprends qu&rsquo;il y a notamment une liste d&rsquo;effets personnels. Je rassemble sur cette page tous les documents num\u00e9ris\u00e9s sur le site des archives Arolsen, y compris les simples dos d&rsquo;enveloppes ou les documents (un, en fait), qui semblent concerner une autre personne.<\/p>\n\n\n\n<ul class=\"wp-block-gallery columns-3 is-cropped wp-block-gallery-1 is-layout-flex wp-block-gallery-is-layout-flex\"><li class=\"blocks-gallery-item\"><figure><a href=\"https:\/\/hyperbate.fr\/legendefamiliale\/files\/2019\/11\/Andre_lafargue_arolsen_archives_11.jpg\"><img decoding=\"async\" width=\"908\" height=\"568\" src=\"https:\/\/hyperbate.fr\/legendefamiliale\/files\/2019\/11\/Andre_lafargue_arolsen_archives_11.jpg\" alt=\"\" data-id=\"488\" data-link=\"https:\/\/hyperbate.fr\/legendefamiliale\/?attachment_id=488\" class=\"wp-image-488\" srcset=\"https:\/\/hyperbate.fr\/legendefamiliale\/files\/2019\/11\/Andre_lafargue_arolsen_archives_11.jpg 908w, https:\/\/hyperbate.fr\/legendefamiliale\/files\/2019\/11\/Andre_lafargue_arolsen_archives_11-300x188.jpg 300w, https:\/\/hyperbate.fr\/legendefamiliale\/files\/2019\/11\/Andre_lafargue_arolsen_archives_11-768x480.jpg 768w\" sizes=\"(max-width: 908px) 100vw, 908px\" \/><\/a><\/figure><\/li><li class=\"blocks-gallery-item\"><figure><a href=\"https:\/\/hyperbate.fr\/legendefamiliale\/files\/2019\/11\/Andre_lafargue_arolsen_archives_12.jpg\"><img decoding=\"async\" width=\"900\" height=\"568\" src=\"https:\/\/hyperbate.fr\/legendefamiliale\/files\/2019\/11\/Andre_lafargue_arolsen_archives_12.jpg\" alt=\"\" data-id=\"489\" data-link=\"https:\/\/hyperbate.fr\/legendefamiliale\/?attachment_id=489\" class=\"wp-image-489\" srcset=\"https:\/\/hyperbate.fr\/legendefamiliale\/files\/2019\/11\/Andre_lafargue_arolsen_archives_12.jpg 900w, https:\/\/hyperbate.fr\/legendefamiliale\/files\/2019\/11\/Andre_lafargue_arolsen_archives_12-300x189.jpg 300w, https:\/\/hyperbate.fr\/legendefamiliale\/files\/2019\/11\/Andre_lafargue_arolsen_archives_12-768x485.jpg 768w\" sizes=\"(max-width: 900px) 100vw, 900px\" \/><\/a><\/figure><\/li><li class=\"blocks-gallery-item\"><figure><a href=\"https:\/\/hyperbate.fr\/legendefamiliale\/files\/2019\/11\/Andre_lafargue_arolsen_archives_13.jpg\"><img decoding=\"async\" width=\"601\" height=\"419\" src=\"https:\/\/hyperbate.fr\/legendefamiliale\/files\/2019\/11\/Andre_lafargue_arolsen_archives_13.jpg\" alt=\"\" data-id=\"490\" data-link=\"https:\/\/hyperbate.fr\/legendefamiliale\/?attachment_id=490\" class=\"wp-image-490\" srcset=\"https:\/\/hyperbate.fr\/legendefamiliale\/files\/2019\/11\/Andre_lafargue_arolsen_archives_13.jpg 601w, https:\/\/hyperbate.fr\/legendefamiliale\/files\/2019\/11\/Andre_lafargue_arolsen_archives_13-300x209.jpg 300w\" sizes=\"(max-width: 601px) 100vw, 601px\" \/><\/a><\/figure><\/li><li class=\"blocks-gallery-item\"><figure><a href=\"https:\/\/hyperbate.fr\/legendefamiliale\/files\/2019\/11\/Andre_lafargue_arolsen_archives_14.jpg\"><img decoding=\"async\" width=\"603\" height=\"421\" src=\"https:\/\/hyperbate.fr\/legendefamiliale\/files\/2019\/11\/Andre_lafargue_arolsen_archives_14.jpg\" alt=\"\" data-id=\"491\" data-link=\"https:\/\/hyperbate.fr\/legendefamiliale\/?attachment_id=491\" class=\"wp-image-491\" srcset=\"https:\/\/hyperbate.fr\/legendefamiliale\/files\/2019\/11\/Andre_lafargue_arolsen_archives_14.jpg 603w, https:\/\/hyperbate.fr\/legendefamiliale\/files\/2019\/11\/Andre_lafargue_arolsen_archives_14-300x209.jpg 300w\" sizes=\"(max-width: 603px) 100vw, 603px\" \/><\/a><\/figure><\/li><li class=\"blocks-gallery-item\"><figure><a href=\"https:\/\/hyperbate.fr\/legendefamiliale\/files\/2019\/11\/Andre_lafargue_arolsen_archives_10-1024x692.jpg\"><img decoding=\"async\" width=\"1024\" height=\"692\" src=\"https:\/\/hyperbate.fr\/legendefamiliale\/files\/2019\/11\/Andre_lafargue_arolsen_archives_10-1024x692.jpg\" alt=\"\" data-id=\"487\" data-link=\"https:\/\/hyperbate.fr\/legendefamiliale\/?attachment_id=487\" class=\"wp-image-487\" srcset=\"https:\/\/hyperbate.fr\/legendefamiliale\/files\/2019\/11\/Andre_lafargue_arolsen_archives_10-1024x692.jpg 1024w, https:\/\/hyperbate.fr\/legendefamiliale\/files\/2019\/11\/Andre_lafargue_arolsen_archives_10-300x203.jpg 300w, https:\/\/hyperbate.fr\/legendefamiliale\/files\/2019\/11\/Andre_lafargue_arolsen_archives_10-768x519.jpg 768w, https:\/\/hyperbate.fr\/legendefamiliale\/files\/2019\/11\/Andre_lafargue_arolsen_archives_10.jpg 1196w\" sizes=\"(max-width: 1024px) 100vw, 1024px\" \/><\/a><\/figure><\/li><li class=\"blocks-gallery-item\"><figure><a href=\"https:\/\/hyperbate.fr\/legendefamiliale\/files\/2019\/11\/Andre_lafargue_arolsen_archives_4.jpg\"><img decoding=\"async\" width=\"456\" height=\"632\" src=\"https:\/\/hyperbate.fr\/legendefamiliale\/files\/2019\/11\/Andre_lafargue_arolsen_archives_4.jpg\" alt=\"\" data-id=\"481\" data-link=\"https:\/\/hyperbate.fr\/legendefamiliale\/?attachment_id=481\" class=\"wp-image-481\" srcset=\"https:\/\/hyperbate.fr\/legendefamiliale\/files\/2019\/11\/Andre_lafargue_arolsen_archives_4.jpg 456w, https:\/\/hyperbate.fr\/legendefamiliale\/files\/2019\/11\/Andre_lafargue_arolsen_archives_4-216x300.jpg 216w\" sizes=\"(max-width: 456px) 100vw, 456px\" \/><\/a><\/figure><\/li><li class=\"blocks-gallery-item\"><figure><a href=\"https:\/\/hyperbate.fr\/legendefamiliale\/files\/2019\/11\/Andre_lafargue_arolsen_archives_3.jpg\"><img decoding=\"async\" width=\"464\" height=\"624\" src=\"https:\/\/hyperbate.fr\/legendefamiliale\/files\/2019\/11\/Andre_lafargue_arolsen_archives_3.jpg\" alt=\"\" data-id=\"480\" data-link=\"https:\/\/hyperbate.fr\/legendefamiliale\/?attachment_id=480\" class=\"wp-image-480\" srcset=\"https:\/\/hyperbate.fr\/legendefamiliale\/files\/2019\/11\/Andre_lafargue_arolsen_archives_3.jpg 464w, https:\/\/hyperbate.fr\/legendefamiliale\/files\/2019\/11\/Andre_lafargue_arolsen_archives_3-223x300.jpg 223w\" sizes=\"(max-width: 464px) 100vw, 464px\" \/><\/a><\/figure><\/li><li class=\"blocks-gallery-item\"><figure><a href=\"https:\/\/hyperbate.fr\/legendefamiliale\/files\/2019\/11\/Andre_lafargue_arolsen_archives_5-1024x728.jpg\"><img decoding=\"async\" width=\"1024\" height=\"728\" src=\"https:\/\/hyperbate.fr\/legendefamiliale\/files\/2019\/11\/Andre_lafargue_arolsen_archives_5-1024x728.jpg\" alt=\"\" data-id=\"482\" data-link=\"https:\/\/hyperbate.fr\/legendefamiliale\/?attachment_id=482\" class=\"wp-image-482\" srcset=\"https:\/\/hyperbate.fr\/legendefamiliale\/files\/2019\/11\/Andre_lafargue_arolsen_archives_5-1024x728.jpg 1024w, https:\/\/hyperbate.fr\/legendefamiliale\/files\/2019\/11\/Andre_lafargue_arolsen_archives_5-300x213.jpg 300w, https:\/\/hyperbate.fr\/legendefamiliale\/files\/2019\/11\/Andre_lafargue_arolsen_archives_5-768x546.jpg 768w, https:\/\/hyperbate.fr\/legendefamiliale\/files\/2019\/11\/Andre_lafargue_arolsen_archives_5.jpg 1328w\" sizes=\"(max-width: 1024px) 100vw, 1024px\" \/><\/a><\/figure><\/li><li class=\"blocks-gallery-item\"><figure><a href=\"https:\/\/hyperbate.fr\/legendefamiliale\/files\/2019\/11\/Andre_lafargue_arolsen_archives_6-1024x736.jpg\"><img decoding=\"async\" width=\"1024\" height=\"736\" src=\"https:\/\/hyperbate.fr\/legendefamiliale\/files\/2019\/11\/Andre_lafargue_arolsen_archives_6-1024x736.jpg\" alt=\"\" data-id=\"483\" data-link=\"https:\/\/hyperbate.fr\/legendefamiliale\/?attachment_id=483\" class=\"wp-image-483\" srcset=\"https:\/\/hyperbate.fr\/legendefamiliale\/files\/2019\/11\/Andre_lafargue_arolsen_archives_6-1024x736.jpg 1024w, https:\/\/hyperbate.fr\/legendefamiliale\/files\/2019\/11\/Andre_lafargue_arolsen_archives_6-300x216.jpg 300w, https:\/\/hyperbate.fr\/legendefamiliale\/files\/2019\/11\/Andre_lafargue_arolsen_archives_6-768x552.jpg 768w, https:\/\/hyperbate.fr\/legendefamiliale\/files\/2019\/11\/Andre_lafargue_arolsen_archives_6.jpg 1040w\" sizes=\"(max-width: 1024px) 100vw, 1024px\" \/><\/a><\/figure><\/li><li class=\"blocks-gallery-item\"><figure><a href=\"https:\/\/hyperbate.fr\/legendefamiliale\/files\/2019\/11\/Andre_lafargue_arolsen_archives_7-1024x719.jpg\"><img decoding=\"async\" width=\"1024\" height=\"719\" src=\"https:\/\/hyperbate.fr\/legendefamiliale\/files\/2019\/11\/Andre_lafargue_arolsen_archives_7-1024x719.jpg\" alt=\"\" data-id=\"484\" data-link=\"https:\/\/hyperbate.fr\/legendefamiliale\/?attachment_id=484\" class=\"wp-image-484\" srcset=\"https:\/\/hyperbate.fr\/legendefamiliale\/files\/2019\/11\/Andre_lafargue_arolsen_archives_7-1024x719.jpg 1024w, https:\/\/hyperbate.fr\/legendefamiliale\/files\/2019\/11\/Andre_lafargue_arolsen_archives_7-300x211.jpg 300w, https:\/\/hyperbate.fr\/legendefamiliale\/files\/2019\/11\/Andre_lafargue_arolsen_archives_7-768x539.jpg 768w, https:\/\/hyperbate.fr\/legendefamiliale\/files\/2019\/11\/Andre_lafargue_arolsen_archives_7.jpg 1276w\" sizes=\"(max-width: 1024px) 100vw, 1024px\" \/><\/a><\/figure><\/li><li class=\"blocks-gallery-item\"><figure><a href=\"https:\/\/hyperbate.fr\/legendefamiliale\/files\/2019\/11\/Andre_lafargue_arolsen_archives_8-1024x722.jpg\"><img decoding=\"async\" width=\"1024\" height=\"722\" src=\"https:\/\/hyperbate.fr\/legendefamiliale\/files\/2019\/11\/Andre_lafargue_arolsen_archives_8-1024x722.jpg\" alt=\"\" data-id=\"485\" data-link=\"https:\/\/hyperbate.fr\/legendefamiliale\/?attachment_id=485\" class=\"wp-image-485\" srcset=\"https:\/\/hyperbate.fr\/legendefamiliale\/files\/2019\/11\/Andre_lafargue_arolsen_archives_8-1024x722.jpg 1024w, https:\/\/hyperbate.fr\/legendefamiliale\/files\/2019\/11\/Andre_lafargue_arolsen_archives_8-300x211.jpg 300w, https:\/\/hyperbate.fr\/legendefamiliale\/files\/2019\/11\/Andre_lafargue_arolsen_archives_8-768x541.jpg 768w, https:\/\/hyperbate.fr\/legendefamiliale\/files\/2019\/11\/Andre_lafargue_arolsen_archives_8.jpg 1040w\" sizes=\"(max-width: 1024px) 100vw, 1024px\" \/><\/a><\/figure><\/li><li class=\"blocks-gallery-item\"><figure><a href=\"https:\/\/hyperbate.fr\/legendefamiliale\/files\/2019\/11\/Andre_lafargue_arolsen_archives_9-1024x687.jpg\"><img decoding=\"async\" width=\"1024\" height=\"687\" src=\"https:\/\/hyperbate.fr\/legendefamiliale\/files\/2019\/11\/Andre_lafargue_arolsen_archives_9-1024x687.jpg\" alt=\"\" data-id=\"486\" data-link=\"https:\/\/hyperbate.fr\/legendefamiliale\/?attachment_id=486\" class=\"wp-image-486\" srcset=\"https:\/\/hyperbate.fr\/legendefamiliale\/files\/2019\/11\/Andre_lafargue_arolsen_archives_9-1024x687.jpg 1024w, https:\/\/hyperbate.fr\/legendefamiliale\/files\/2019\/11\/Andre_lafargue_arolsen_archives_9-300x201.jpg 300w, https:\/\/hyperbate.fr\/legendefamiliale\/files\/2019\/11\/Andre_lafargue_arolsen_archives_9-768x515.jpg 768w, https:\/\/hyperbate.fr\/legendefamiliale\/files\/2019\/11\/Andre_lafargue_arolsen_archives_9.jpg 1204w\" sizes=\"(max-width: 1024px) 100vw, 1024px\" \/><\/a><\/figure><\/li><li class=\"blocks-gallery-item\"><figure><a href=\"https:\/\/hyperbate.fr\/legendefamiliale\/files\/2019\/11\/Andre_lafargue_arolsen_archives_2-1024x729.jpg\"><img decoding=\"async\" width=\"1024\" height=\"729\" src=\"https:\/\/hyperbate.fr\/legendefamiliale\/files\/2019\/11\/Andre_lafargue_arolsen_archives_2-1024x729.jpg\" alt=\"\" data-id=\"479\" data-link=\"https:\/\/hyperbate.fr\/legendefamiliale\/?attachment_id=479\" class=\"wp-image-479\" srcset=\"https:\/\/hyperbate.fr\/legendefamiliale\/files\/2019\/11\/Andre_lafargue_arolsen_archives_2-1024x729.jpg 1024w, https:\/\/hyperbate.fr\/legendefamiliale\/files\/2019\/11\/Andre_lafargue_arolsen_archives_2-300x213.jpg 300w, https:\/\/hyperbate.fr\/legendefamiliale\/files\/2019\/11\/Andre_lafargue_arolsen_archives_2-768x546.jpg 768w, https:\/\/hyperbate.fr\/legendefamiliale\/files\/2019\/11\/Andre_lafargue_arolsen_archives_2.jpg 1040w\" sizes=\"(max-width: 1024px) 100vw, 1024px\" \/><\/a><\/figure><\/li><li class=\"blocks-gallery-item\"><figure><a href=\"https:\/\/hyperbate.fr\/legendefamiliale\/files\/2019\/11\/Andre_lafargue_arolsen_archives_1-1024x739.jpg\"><img decoding=\"async\" width=\"1024\" height=\"739\" src=\"https:\/\/hyperbate.fr\/legendefamiliale\/files\/2019\/11\/Andre_lafargue_arolsen_archives_1-1024x739.jpg\" alt=\"\" data-id=\"478\" data-link=\"https:\/\/hyperbate.fr\/legendefamiliale\/?attachment_id=478\" class=\"wp-image-478\" srcset=\"https:\/\/hyperbate.fr\/legendefamiliale\/files\/2019\/11\/Andre_lafargue_arolsen_archives_1-1024x739.jpg 1024w, https:\/\/hyperbate.fr\/legendefamiliale\/files\/2019\/11\/Andre_lafargue_arolsen_archives_1-300x216.jpg 300w, https:\/\/hyperbate.fr\/legendefamiliale\/files\/2019\/11\/Andre_lafargue_arolsen_archives_1-768x554.jpg 768w, https:\/\/hyperbate.fr\/legendefamiliale\/files\/2019\/11\/Andre_lafargue_arolsen_archives_1.jpg 1320w\" sizes=\"(max-width: 1024px) 100vw, 1024px\" \/><\/a><\/figure><\/li><li class=\"blocks-gallery-item\"><figure><a href=\"https:\/\/hyperbate.fr\/legendefamiliale\/files\/2019\/11\/Andre_lafargue_arolsen_archives_16.jpg\"><img decoding=\"async\" width=\"688\" height=\"488\" src=\"https:\/\/hyperbate.fr\/legendefamiliale\/files\/2019\/11\/Andre_lafargue_arolsen_archives_16.jpg\" alt=\"\" data-id=\"493\" data-link=\"https:\/\/hyperbate.fr\/legendefamiliale\/?attachment_id=493\" class=\"wp-image-493\" srcset=\"https:\/\/hyperbate.fr\/legendefamiliale\/files\/2019\/11\/Andre_lafargue_arolsen_archives_16.jpg 688w, https:\/\/hyperbate.fr\/legendefamiliale\/files\/2019\/11\/Andre_lafargue_arolsen_archives_16-300x213.jpg 300w\" sizes=\"(max-width: 688px) 100vw, 688px\" \/><\/a><\/figure><\/li><li class=\"blocks-gallery-item\"><figure><a href=\"https:\/\/hyperbate.fr\/legendefamiliale\/files\/2019\/11\/Andre_lafargue_arolsen_archives_15.jpg\"><img decoding=\"async\" width=\"688\" height=\"488\" src=\"https:\/\/hyperbate.fr\/legendefamiliale\/files\/2019\/11\/Andre_lafargue_arolsen_archives_15.jpg\" alt=\"\" data-id=\"492\" data-link=\"https:\/\/hyperbate.fr\/legendefamiliale\/?attachment_id=492\" class=\"wp-image-492\" srcset=\"https:\/\/hyperbate.fr\/legendefamiliale\/files\/2019\/11\/Andre_lafargue_arolsen_archives_15.jpg 688w, https:\/\/hyperbate.fr\/legendefamiliale\/files\/2019\/11\/Andre_lafargue_arolsen_archives_15-300x213.jpg 300w\" sizes=\"(max-width: 688px) 100vw, 688px\" \/><\/a><\/figure><\/li><\/ul>\n\n\n\n<p>J&rsquo;apprends au passage les dates exactes de d\u00e9portation : entr\u00e9 le 24 janvier 1944 \u00e0 Buchenwald, il y est rest\u00e9 un peu moins d&rsquo;un mois et a \u00e9t\u00e9 redirig\u00e9 vers Mauthausen le 22 f\u00e9vrier 1944<sup><a href=\"#footnote_1_444\" id=\"identifier_1_444\" class=\"footnote-link footnote-identifier-link\" title=\"C&eacute;dric Gentil me signale cette fiche du site Monument-Mauthausen, qui pr&eacute;cise les dates : lieu de d&eacute;part, Compi&egrave;gne, le 22 janvier 1944. Arriv&eacute;e &agrave; Buchenwald le 24 janvier 1944, puis &agrave; Mauthausen le 25 f&eacute;vrier 1944 (trois apr&egrave;s y avoir &eacute;t&eacute; affect&eacute;, donc),. &Agrave; Mauthausen, il est affect&eacute; aux annexes de Steyr le 8 mars 1944 ; Camp central le 17 juin 1944 ; et enfin, affect&eacute; &agrave; Ebensee le 24 juillet 1944, jusqu&rsquo;&agrave; la lib&eacute;ration du camp le 6 mai 1945. Ensuite rapatri&eacute; par Sarreguemines le 24 mai 1945.\">1<\/a><\/sup>. Je remarque que sa profession est <em>Bankbeamter<\/em> (employ\u00e9 de banque), et que l&rsquo;adresse de la personne \u00e0 contacter en France est celle de son p\u00e8re Jean, au <a href=\"https:\/\/hyperbate.fr\/legendefamiliale\/2017\/09\/15\/le-chateau-de-lerse\/\">ch\u00e2teau de Lerse<\/a>, o\u00f9 mes arri\u00e8re-grands parents ont effectivement v\u00e9cu pendant les deux derni\u00e8res ann\u00e9es de la guerre. Je remarque que la mention est <em>\u00ab\u00a0Lerse par Blanzac (Charente)\u00a0\u00bb<\/em>. Or Lerse ne se situe pas \u00e0 Blanzac mais sur le territoire d&rsquo;une commune voisine, P\u00e9rignac. Je me demande si Andr\u00e9 ignorait la commune sur laquelle se trouvait le ch\u00e2teau familial, que son p\u00e8re avait c\u00e9d\u00e9 \u00e0 son demi-fr\u00e8re quarante ans plus t\u00f4t et qui n&rsquo;\u00e9tait d\u00e9sormais plus pour la famille qu&rsquo;un lieu tr\u00e8s occasionnel de vill\u00e9giature, ou bien s&rsquo;il avait intentionnellement fourni une adresse qui serait intelligible pour un postier de la r\u00e9gion mais serait un peu plus difficile \u00e0 localiser avec un annuaire ou une carte d&rsquo;\u00c9tat-major.<\/p>\n\n\n\n<p>Toujours sur le m\u00eame site, j&rsquo;ai aussi r\u00e9colt\u00e9 les images concernant Claude, le fr\u00e8re a\u00een\u00e9 d&rsquo;Andr\u00e9, d\u00e9port\u00e9 lui aussi, mais \u00e0 Dachau, ce qui m&rsquo;a permis (enfin) de conna\u00eetre sa date de naissance exacte, le 20 janvier 1913, \u00e0 Montmorency :<\/p>\n\n\n\n<ul class=\"wp-block-gallery columns-3 is-cropped wp-block-gallery-2 is-layout-flex wp-block-gallery-is-layout-flex\"><li class=\"blocks-gallery-item\"><figure><a href=\"https:\/\/hyperbate.fr\/legendefamiliale\/files\/2019\/11\/Claude_lafargue_arolsen_archives_3-729x1024.jpg\"><img decoding=\"async\" width=\"729\" height=\"1024\" src=\"https:\/\/hyperbate.fr\/legendefamiliale\/files\/2019\/11\/Claude_lafargue_arolsen_archives_3-729x1024.jpg\" alt=\"\" data-id=\"496\" data-link=\"https:\/\/hyperbate.fr\/legendefamiliale\/?attachment_id=496\" class=\"wp-image-496\" srcset=\"https:\/\/hyperbate.fr\/legendefamiliale\/files\/2019\/11\/Claude_lafargue_arolsen_archives_3-729x1024.jpg 729w, https:\/\/hyperbate.fr\/legendefamiliale\/files\/2019\/11\/Claude_lafargue_arolsen_archives_3-214x300.jpg 214w, https:\/\/hyperbate.fr\/legendefamiliale\/files\/2019\/11\/Claude_lafargue_arolsen_archives_3-768x1079.jpg 768w, https:\/\/hyperbate.fr\/legendefamiliale\/files\/2019\/11\/Claude_lafargue_arolsen_archives_3.jpg 1264w\" sizes=\"(max-width: 729px) 100vw, 729px\" \/><\/a><\/figure><\/li><li class=\"blocks-gallery-item\"><figure><a href=\"https:\/\/hyperbate.fr\/legendefamiliale\/files\/2019\/11\/Claude_lafargue_arolsen_archives_4-723x1024.jpg\"><img decoding=\"async\" width=\"723\" height=\"1024\" src=\"https:\/\/hyperbate.fr\/legendefamiliale\/files\/2019\/11\/Claude_lafargue_arolsen_archives_4-723x1024.jpg\" alt=\"\" data-id=\"497\" data-link=\"https:\/\/hyperbate.fr\/legendefamiliale\/?attachment_id=497\" class=\"wp-image-497\" srcset=\"https:\/\/hyperbate.fr\/legendefamiliale\/files\/2019\/11\/Claude_lafargue_arolsen_archives_4-723x1024.jpg 723w, https:\/\/hyperbate.fr\/legendefamiliale\/files\/2019\/11\/Claude_lafargue_arolsen_archives_4-212x300.jpg 212w, https:\/\/hyperbate.fr\/legendefamiliale\/files\/2019\/11\/Claude_lafargue_arolsen_archives_4-768x1087.jpg 768w, https:\/\/hyperbate.fr\/legendefamiliale\/files\/2019\/11\/Claude_lafargue_arolsen_archives_4.jpg 1260w\" sizes=\"(max-width: 723px) 100vw, 723px\" \/><\/a><\/figure><\/li><li class=\"blocks-gallery-item\"><figure><a href=\"https:\/\/hyperbate.fr\/legendefamiliale\/files\/2019\/11\/Claude_lafargue_arolsen_archives_2-1024x736.jpg\"><img decoding=\"async\" width=\"1024\" height=\"736\" src=\"https:\/\/hyperbate.fr\/legendefamiliale\/files\/2019\/11\/Claude_lafargue_arolsen_archives_2-1024x736.jpg\" alt=\"\" data-id=\"495\" data-link=\"https:\/\/hyperbate.fr\/legendefamiliale\/?attachment_id=495\" class=\"wp-image-495\" srcset=\"https:\/\/hyperbate.fr\/legendefamiliale\/files\/2019\/11\/Claude_lafargue_arolsen_archives_2-1024x736.jpg 1024w, https:\/\/hyperbate.fr\/legendefamiliale\/files\/2019\/11\/Claude_lafargue_arolsen_archives_2-300x216.jpg 300w, https:\/\/hyperbate.fr\/legendefamiliale\/files\/2019\/11\/Claude_lafargue_arolsen_archives_2-768x552.jpg 768w, https:\/\/hyperbate.fr\/legendefamiliale\/files\/2019\/11\/Claude_lafargue_arolsen_archives_2.jpg 1324w\" sizes=\"(max-width: 1024px) 100vw, 1024px\" \/><\/a><\/figure><\/li><li class=\"blocks-gallery-item\"><figure><a href=\"https:\/\/hyperbate.fr\/legendefamiliale\/files\/2019\/11\/Claude_lafargue_arolsen_archives_1-1024x730.jpg\"><img decoding=\"async\" width=\"1024\" height=\"730\" src=\"https:\/\/hyperbate.fr\/legendefamiliale\/files\/2019\/11\/Claude_lafargue_arolsen_archives_1-1024x730.jpg\" alt=\"\" data-id=\"494\" data-link=\"https:\/\/hyperbate.fr\/legendefamiliale\/?attachment_id=494\" class=\"wp-image-494\" srcset=\"https:\/\/hyperbate.fr\/legendefamiliale\/files\/2019\/11\/Claude_lafargue_arolsen_archives_1-1024x730.jpg 1024w, https:\/\/hyperbate.fr\/legendefamiliale\/files\/2019\/11\/Claude_lafargue_arolsen_archives_1-300x214.jpg 300w, https:\/\/hyperbate.fr\/legendefamiliale\/files\/2019\/11\/Claude_lafargue_arolsen_archives_1-768x548.jpg 768w, https:\/\/hyperbate.fr\/legendefamiliale\/files\/2019\/11\/Claude_lafargue_arolsen_archives_1.jpg 1324w\" sizes=\"(max-width: 1024px) 100vw, 1024px\" \/><\/a><\/figure><\/li><\/ul>\n\n\n\n<p>Cette semaine, j&rsquo;ai par ailleurs appris que Jos\u00e9 Cabrero Arnal, le cr\u00e9ateur du personnage Pif-le-chien, avait \u00e9t\u00e9 lui aussi d\u00e9port\u00e9 \u00e0 Mauthausen. Je l&rsquo;ai su par l&rsquo;auteur de bande dessin\u00e9e Gwen de Bonneval, dont j&rsquo;ai appris en m\u00eame temps que le grand p\u00e8re, Gaston, \u00e9tait lui aussi pass\u00e9 par Mauthausen. Or Gaston de Bonneval et mon grand-p\u00e8re Andr\u00e9 \u00e9taient sans le savoir cousins au quinzi\u00e8me degr\u00e9, puisqu&rsquo;ils ont des anc\u00eatres communs \u00e0 partir du XVe si\u00e8cle<sup><a href=\"#footnote_2_444\" id=\"identifier_2_444\" class=\"footnote-link footnote-identifier-link\" title=\"Mais Am&eacute;na&iuml;de, l&rsquo;&eacute;pouse d&rsquo;Andr&eacute;, est bien plus proche, elle est cousine de Gaston de Bonneval au douzi&egrave;me degr&eacute;, avec des anc&ecirc;tres communs au XVIe si&egrave;cle.\">2<\/a><\/sup>. Et toujours \u00e0 cette occasion, j&rsquo;ai d\u00e9couvert que Julien Gentil, le grand-p\u00e8re de C\u00e9dric Gentil (conducteur de RER, auteur d&rsquo;un livre sur son m\u00e9tier, que j&rsquo;ai le plaisir de fr\u00e9quenter sur<a rel=\"noreferrer noopener\" aria-label=\"sur Twitter (s\u2019ouvre dans un nouvel onglet)\" href=\"https:\/\/twitter.com\/GentilCedric\" target=\"_blank\"> Twitter<\/a>), avait lui aussi \u00e9t\u00e9 d\u00e9port\u00e9 \u00e0 Mauthausen puis \u00e0 Ebensee<sup><a href=\"#footnote_3_444\" id=\"identifier_3_444\" class=\"footnote-link footnote-identifier-link\" title=\"Komando (annexe) de Mauthausen, Ebensee a &eacute;t&eacute; un des derniers camps &agrave; &ecirc;tre lib&eacute;r&eacute;s. Ses commandants successifs, Georg Bachmayer, Otto Riemer et Anton Ganz &eacute;taient des brutes sadiques, et vers la fin de la guerre, les prisonniers mourraient de faim ou ex&eacute;cut&eacute;s &agrave; la cadence de trois-cent cinquante par jour, ce qui avait conduit &agrave; l&rsquo;&eacute;dification d&rsquo;un four cr&eacute;matoire et fait d&eacute;sormais qualifier Ebensee de &laquo;&nbsp;camp d&rsquo;extermination par le travail&nbsp;&raquo;. Le dernier commandant du camp, voyant approcher les troupes alli&eacute;es, a annonc&eacute; aux prisonniers qu&rsquo;ils allaient passer sous administration am&eacute;ricaine, leur demandant d&rsquo;attendre dans les mines qu&rsquo;ils avaient eux-m&ecirc;mes creus&eacute;es. Les prisonniers ont refus&eacute; de quitter leurs baraques, et ils ont eu raison : c&rsquo;&eacute;tait un ultime pi&egrave;ge, les galeries avaient &eacute;t&eacute; garnies d&rsquo;explosifs afin de faire dispara&icirc;tre les quelque 8000 survivants.\">3<\/a><\/sup> o\u00f9 il est rest\u00e9, comme Andr\u00e9, jusqu&rsquo;\u00e0 ce que ce komando soit lib\u00e9r\u00e9, le 6 mai 1945.<\/p>\n<ol class=\"footnotes\"><li id=\"footnote_1_444\" class=\"footnote\">C\u00e9dric Gentil me signale <a rel=\"noreferrer noopener\" aria-label=\"cette fiche du site Monument-Mauthausen (s\u2019ouvre dans un nouvel onglet)\" href=\"http:\/\/www.monument-mauthausen.org\/53858.html\" target=\"_blank\">cette fiche du site Monument-Mauthausen<\/a>, qui pr\u00e9cise les dates : lieu de d\u00e9part, Compi\u00e8gne, le 22 janvier 1944. Arriv\u00e9e \u00e0 Buchenwald le 24 janvier 1944, puis \u00e0 Mauthausen le 25 f\u00e9vrier 1944 (trois apr\u00e8s y avoir \u00e9t\u00e9 affect\u00e9, donc),. \u00c0 Mauthausen, il est affect\u00e9 aux annexes de Steyr le 8 mars 1944 ; Camp central le 17 juin 1944 ; et enfin, affect\u00e9 \u00e0 Ebensee le 24 juillet 1944, jusqu&rsquo;\u00e0 la lib\u00e9ration du camp le 6 mai 1945. Ensuite rapatri\u00e9 par Sarreguemines le 24 mai 1945.  <span class=\"footnote-back-link-wrapper\"> [<a href=\"#identifier_1_444\" class=\"footnote-link footnote-back-link\">&#8617;<\/a>]<\/span><\/li><li id=\"footnote_2_444\" class=\"footnote\">Mais Am\u00e9na\u00efde, l&rsquo;\u00e9pouse d&rsquo;Andr\u00e9, est bien plus proche, elle est cousine de Gaston de Bonneval au douzi\u00e8me degr\u00e9, avec des anc\u00eatres communs au XVIe si\u00e8cle.<span class=\"footnote-back-link-wrapper\"> [<a href=\"#identifier_2_444\" class=\"footnote-link footnote-back-link\">&#8617;<\/a>]<\/span><\/li><li id=\"footnote_3_444\" class=\"footnote\">Komando (annexe) de Mauthausen, <a rel=\"noreferrer noopener\" aria-label=\"Ebensee (s\u2019ouvre dans un nouvel onglet)\" href=\"https:\/\/fr.wikipedia.org\/wiki\/Camp_de_concentration_d%27Ebensee\" target=\"_blank\">Ebensee<\/a> a \u00e9t\u00e9 un des derniers camps \u00e0 \u00eatre lib\u00e9r\u00e9s. Ses commandants successifs, Georg Bachmayer, Otto Riemer et Anton Ganz \u00e9taient des brutes sadiques, et vers la fin de la guerre, les prisonniers mourraient de faim ou ex\u00e9cut\u00e9s \u00e0 la cadence de trois-cent cinquante par jour, ce qui avait conduit \u00e0 l&rsquo;\u00e9dification d&rsquo;un four cr\u00e9matoire et fait d\u00e9sormais qualifier Ebensee de \u00ab\u00a0camp d&rsquo;extermination par le travail\u00a0\u00bb. Le dernier commandant du camp, voyant approcher les troupes alli\u00e9es, a annonc\u00e9 aux prisonniers qu&rsquo;ils allaient passer sous administration am\u00e9ricaine, leur demandant d&rsquo;attendre dans les mines qu&rsquo;ils avaient eux-m\u00eames creus\u00e9es. Les prisonniers ont refus\u00e9 de quitter leurs baraques, et ils ont eu raison : c&rsquo;\u00e9tait un ultime pi\u00e8ge, les galeries avaient \u00e9t\u00e9 garnies d&rsquo;explosifs afin de faire dispara\u00eetre les quelque 8000 survivants. <span class=\"footnote-back-link-wrapper\"> [<a href=\"#identifier_3_444\" class=\"footnote-link footnote-back-link\">&#8617;<\/a>]<\/span><\/li><\/ol>","protected":false},"excerpt":{"rendered":"<p>Les archives Arolsen viennent de mettre en ligne plus de 850 000 documents administratifs concernant dix millions de personnes pers\u00e9cut\u00e9es par le r\u00e9gime nazi. Cette incroyable masse documentaire peut se consulter ici : collections.arolsen-archives.orgJ&rsquo;y suis all\u00e9 chercher des documents concernant Andr\u00e9, mon grand-p\u00e8re, successivement d\u00e9port\u00e9 \u00e0 Buchenwald, Mauthausen et Ebensee. Et il y en a &hellip; <a href=\"https:\/\/hyperbate.fr\/legendefamiliale\/2019\/11\/22\/les-papiers-dandre\/\" class=\"more-link\">Continuer la lecture de <span class=\"screen-reader-text\">Les papiers d&rsquo;Andr\u00e9<\/span> <span class=\"meta-nav\">&rarr;<\/span><\/a><\/p>\n","protected":false},"author":1,"featured_media":0,"comment_status":"open","ping_status":"open","sticky":false,"template":"","format":"standard","meta":{"footnotes":""},"categories":[11],"tags":[],"class_list":["post-444","post","type-post","status-publish","format-standard","hentry","category-andre-lafargue"],"_links":{"self":[{"href":"https:\/\/hyperbate.fr\/legendefamiliale\/wp-json\/wp\/v2\/posts\/444","targetHints":{"allow":["GET"]}}],"collection":[{"href":"https:\/\/hyperbate.fr\/legendefamiliale\/wp-json\/wp\/v2\/posts"}],"about":[{"href":"https:\/\/hyperbate.fr\/legendefamiliale\/wp-json\/wp\/v2\/types\/post"}],"author":[{"embeddable":true,"href":"https:\/\/hyperbate.fr\/legendefamiliale\/wp-json\/wp\/v2\/users\/1"}],"replies":[{"embeddable":true,"href":"https:\/\/hyperbate.fr\/legendefamiliale\/wp-json\/wp\/v2\/comments?post=444"}],"version-history":[{"count":3,"href":"https:\/\/hyperbate.fr\/legendefamiliale\/wp-json\/wp\/v2\/posts\/444\/revisions"}],"predecessor-version":[{"id":514,"href":"https:\/\/hyperbate.fr\/legendefamiliale\/wp-json\/wp\/v2\/posts\/444\/revisions\/514"}],"wp:attachment":[{"href":"https:\/\/hyperbate.fr\/legendefamiliale\/wp-json\/wp\/v2\/media?parent=444"}],"wp:term":[{"taxonomy":"category","embeddable":true,"href":"https:\/\/hyperbate.fr\/legendefamiliale\/wp-json\/wp\/v2\/categories?post=444"},{"taxonomy":"post_tag","embeddable":true,"href":"https:\/\/hyperbate.fr\/legendefamiliale\/wp-json\/wp\/v2\/tags?post=444"}],"curies":[{"name":"wp","href":"https:\/\/api.w.org\/{rel}","templated":true}]}}