{"id":427,"date":"2019-09-17T12:07:23","date_gmt":"2019-09-17T10:07:23","guid":{"rendered":"http:\/\/hyperbate.fr\/legendefamiliale\/?p=427"},"modified":"2020-08-23T19:18:21","modified_gmt":"2020-08-23T17:18:21","slug":"427","status":"publish","type":"post","link":"https:\/\/hyperbate.fr\/legendefamiliale\/2019\/09\/17\/427\/","title":{"rendered":"Relier les branches"},"content":{"rendered":"\n<p>Je d\u00e9couvre que Daniel de Marcillac et Marie de Montalembert, mentionn\u00e9s dans <a rel=\"noreferrer noopener\" aria-label=\"le pr\u00e9c\u00e9dent article (s\u2019ouvre dans un nouvel onglet)\" href=\"https:\/\/hyperbate.fr\/legendefamiliale\/2018\/08\/28\/le-fils-debauche\/\" target=\"_blank\">le pr\u00e9c\u00e9dent article<\/a>, se trouvent \u00eatre les anc\u00eatres communs les plus r\u00e9cents de mes deux grands parents paternels, Andr\u00e9 Lafargue et Ameyna Fressinaud Mas-de-Feix, qui sont donc cousins au 11e degr\u00e9.<\/p>\n\n\n\n<figure class=\"wp-block-image\"><a href=\"https:\/\/gw.geneanet.org\/jnlafargue_w?lang=fr&amp;pz=hannah+marit&amp;nz=lafargue&amp;m=RL&amp;p=daniel&amp;n=de+marcillac&amp;l1=12&amp;p1=amenaide+marie+andree&amp;n1=fressinaud+mas+de+feix&amp;l2=11&amp;p2=jean+andre&amp;n2=lafargue\" target=\"_blank\" rel=\"noreferrer noopener\"><img decoding=\"async\" width=\"599\" height=\"638\" src=\"https:\/\/hyperbate.fr\/legendefamiliale\/files\/2019\/09\/lien_gpp_1.png\" alt=\"\" class=\"wp-image-428\" srcset=\"https:\/\/hyperbate.fr\/legendefamiliale\/files\/2019\/09\/lien_gpp_1.png 599w, https:\/\/hyperbate.fr\/legendefamiliale\/files\/2019\/09\/lien_gpp_1-282x300.png 282w\" sizes=\"(max-width: 599px) 100vw, 599px\" \/><\/a><\/figure>\n\n\n\n<p>J&rsquo;ai trouv\u00e9 \u00e0 ces deux-l\u00e0 une autre paire d\u2019anc\u00eatres communs \u00ab\u00a0r\u00e9cents\u00a0\u00bb (fin XVIe, d\u00e9but XVIIe), cette fois au 13e degr\u00e9 : <\/p>\n\n\n\n<figure class=\"wp-block-image\"><a href=\"https:\/\/gw.geneanet.org\/jnlafargue_w?lang=fr&amp;pz=hannah+marit&amp;nz=lafargue&amp;m=RL&amp;p=marthial&amp;n=de+la+quintinie&amp;l1=13&amp;p1=jean+andre&amp;n1=lafargue&amp;l2=13&amp;p2=amenaide+marie+andree&amp;n2=fressinaud+mas+de+feix&amp;dag=on\" target=\"_blank\" rel=\"noreferrer noopener\"><img decoding=\"async\" width=\"569\" height=\"676\" src=\"https:\/\/hyperbate.fr\/legendefamiliale\/files\/2019\/09\/lien_gpp_2.png\" alt=\"\" class=\"wp-image-429\" srcset=\"https:\/\/hyperbate.fr\/legendefamiliale\/files\/2019\/09\/lien_gpp_2.png 569w, https:\/\/hyperbate.fr\/legendefamiliale\/files\/2019\/09\/lien_gpp_2-253x300.png 253w\" sizes=\"(max-width: 569px) 100vw, 569px\" \/><\/a><\/figure>\n\n\n\n<p>Ou encore un peu plus loin :<\/p>\n\n\n\n<figure class=\"wp-block-image\"><a href=\"https:\/\/hyperbate.fr\/legendefamiliale\/2019\/09\/17\/427\/lien_gpp_3\/\" target=\"_blank\" rel=\"noreferrer noopener\"><img decoding=\"async\" width=\"1024\" height=\"759\" src=\"https:\/\/hyperbate.fr\/legendefamiliale\/files\/2019\/09\/lien_gpp_3-1024x759.png\" alt=\"\" class=\"wp-image-435\" srcset=\"https:\/\/hyperbate.fr\/legendefamiliale\/files\/2019\/09\/lien_gpp_3-1024x759.png 1024w, https:\/\/hyperbate.fr\/legendefamiliale\/files\/2019\/09\/lien_gpp_3-300x222.png 300w, https:\/\/hyperbate.fr\/legendefamiliale\/files\/2019\/09\/lien_gpp_3-768x569.png 768w, https:\/\/hyperbate.fr\/legendefamiliale\/files\/2019\/09\/lien_gpp_3.png 1146w\" sizes=\"(max-width: 1024px) 100vw, 1024px\" \/><\/a><\/figure>\n\n\n\n<p>On remarque que la plupart des noms, notamment les noms en \u00ab\u00a0ac\u00a0\u00bb<sup><a href=\"#footnote_1_427\" id=\"identifier_1_427\" class=\"footnote-link footnote-identifier-link\" title=\"Salignac, Cardaillac, Roffignac, Magnac, Armagnac, Beynac, Polignac, S&eacute;v&eacute;rac, Naillac, Saunhac, Cognac, Marcillac, Archiac, Canillac, de Cosnac, Solignac&hellip;\">1<\/a><\/sup>, sont typiques de l&rsquo;Angoumois, du P\u00e9rigord et du Limousin (le nom Lafargue, lui, vient du Sud-Ouest, et plus pr\u00e9cis\u00e9ment, dans le cas de notre famille, de B\u00e8gles et de Bordeaux), ce que fait bien appara\u00eetre la carte ci-dessous, qui montre l&rsquo;ancrage g\u00e9ographique des anc\u00eatres  de mon p\u00e8re au XVIIe si\u00e8cle.  <\/p>\n\n\n\n<figure class=\"wp-block-image\"><img decoding=\"async\" width=\"686\" height=\"404\" src=\"https:\/\/hyperbate.fr\/legendefamiliale\/files\/2019\/09\/carte_gpp_17e.png\" alt=\"\" class=\"wp-image-430\" srcset=\"https:\/\/hyperbate.fr\/legendefamiliale\/files\/2019\/09\/carte_gpp_17e.png 686w, https:\/\/hyperbate.fr\/legendefamiliale\/files\/2019\/09\/carte_gpp_17e-300x177.png 300w\" sizes=\"(max-width: 686px) 100vw, 686px\" \/><figcaption>Rouge-violet : branches maternelles ; Vert : branches paternelles.<\/figcaption><\/figure>\n\n\n\n<p>La famille Sauvo, mentionn\u00e9e plus haut, est une famille d&rsquo;hommes de loi (procureur, notaire, assesseur, avocat,&#8230;) bien \u00e9tablie \u00e0 Montbron en Charente, qui serait de souche italienne (Salvo), de Florence ou de G\u00eanes. <\/p>\n<ol class=\"footnotes\"><li id=\"footnote_1_427\" class=\"footnote\">Salignac, Cardaillac, Roffignac, Magnac, Armagnac, Beynac, Polignac, S\u00e9v\u00e9rac, Naillac, Saunhac, Cognac, Marcillac, Archiac, Canillac, de Cosnac, Solignac\u2026<span class=\"footnote-back-link-wrapper\"> [<a href=\"#identifier_1_427\" class=\"footnote-link footnote-back-link\">&#8617;<\/a>]<\/span><\/li><\/ol>","protected":false},"excerpt":{"rendered":"<p>Je d\u00e9couvre que Daniel de Marcillac et Marie de Montalembert, mentionn\u00e9s dans le pr\u00e9c\u00e9dent article, se trouvent \u00eatre les anc\u00eatres communs les plus r\u00e9cents de mes deux grands parents paternels, Andr\u00e9 Lafargue et Ameyna Fressinaud Mas-de-Feix, qui sont donc cousins au 11e degr\u00e9. J&rsquo;ai trouv\u00e9 \u00e0 ces deux-l\u00e0 une autre paire d\u2019anc\u00eatres communs \u00ab\u00a0r\u00e9cents\u00a0\u00bb (fin &hellip; <a href=\"https:\/\/hyperbate.fr\/legendefamiliale\/2019\/09\/17\/427\/\" class=\"more-link\">Continuer la lecture de <span class=\"screen-reader-text\">Relier les branches<\/span> <span class=\"meta-nav\">&rarr;<\/span><\/a><\/p>\n","protected":false},"author":1,"featured_media":0,"comment_status":"open","ping_status":"open","sticky":false,"template":"","format":"standard","meta":{"footnotes":""},"categories":[11],"tags":[],"class_list":["post-427","post","type-post","status-publish","format-standard","hentry","category-andre-lafargue"],"_links":{"self":[{"href":"https:\/\/hyperbate.fr\/legendefamiliale\/wp-json\/wp\/v2\/posts\/427","targetHints":{"allow":["GET"]}}],"collection":[{"href":"https:\/\/hyperbate.fr\/legendefamiliale\/wp-json\/wp\/v2\/posts"}],"about":[{"href":"https:\/\/hyperbate.fr\/legendefamiliale\/wp-json\/wp\/v2\/types\/post"}],"author":[{"embeddable":true,"href":"https:\/\/hyperbate.fr\/legendefamiliale\/wp-json\/wp\/v2\/users\/1"}],"replies":[{"embeddable":true,"href":"https:\/\/hyperbate.fr\/legendefamiliale\/wp-json\/wp\/v2\/comments?post=427"}],"version-history":[{"count":3,"href":"https:\/\/hyperbate.fr\/legendefamiliale\/wp-json\/wp\/v2\/posts\/427\/revisions"}],"predecessor-version":[{"id":589,"href":"https:\/\/hyperbate.fr\/legendefamiliale\/wp-json\/wp\/v2\/posts\/427\/revisions\/589"}],"wp:attachment":[{"href":"https:\/\/hyperbate.fr\/legendefamiliale\/wp-json\/wp\/v2\/media?parent=427"}],"wp:term":[{"taxonomy":"category","embeddable":true,"href":"https:\/\/hyperbate.fr\/legendefamiliale\/wp-json\/wp\/v2\/categories?post=427"},{"taxonomy":"post_tag","embeddable":true,"href":"https:\/\/hyperbate.fr\/legendefamiliale\/wp-json\/wp\/v2\/tags?post=427"}],"curies":[{"name":"wp","href":"https:\/\/api.w.org\/{rel}","templated":true}]}}