{"id":342,"date":"2017-09-25T19:37:16","date_gmt":"2017-09-25T17:37:16","guid":{"rendered":"http:\/\/hyperbate.fr\/legendefamilale\/?p=342"},"modified":"2019-09-17T14:17:00","modified_gmt":"2019-09-17T12:17:00","slug":"je-descends-du-singe-par-neuf-branches","status":"publish","type":"post","link":"https:\/\/hyperbate.fr\/legendefamiliale\/2017\/09\/25\/je-descends-du-singe-par-neuf-branches\/","title":{"rendered":"Magna Carta"},"content":{"rendered":"<p>Depuis la mort de mon grand-p\u00e8re, il y a deux mois, je fais un peu de g\u00e9n\u00e9alogie. Une amie qui a mon \u00e2ge me disait qu&rsquo;elle faisait exactement pareil, et une troisi\u00e8me personne, sur Twitter, de la m\u00eame g\u00e9n\u00e9ration l\u00e0 encore, en fait autant. Est-ce que l&rsquo;approche de la cinquantaine donne ce genre de lubies ?<br \/>\nPour mes recherches, j&rsquo;ai profit\u00e9 des bases de donn\u00e9es disponibles en lignes et des documents qui ont \u00e9t\u00e9 scann\u00e9s, comme cet acte de naissance qui m&rsquo;a permis de relier deux personnes que je supposais p\u00e8re et fils sans avoir pu le v\u00e9rifier jusqu&rsquo;ici :<\/p>\n<p><a href=\"https:\/\/hyperbate.fr\/legendefamilale\/files\/2017\/09\/acte_fressinaud_mdf_Sauviat-sur-Vige_3E190_8_acte20.jpg\"><img decoding=\"async\" class=\"aligncenter size-full wp-image-344\" src=\"https:\/\/hyperbate.fr\/legendefamilale\/files\/2017\/09\/acte_fressinaud_mdf_Sauviat-sur-Vige_3E190_8_acte20.jpg\" alt=\"\" width=\"1093\" height=\"600\" srcset=\"https:\/\/hyperbate.fr\/legendefamiliale\/files\/2017\/09\/acte_fressinaud_mdf_Sauviat-sur-Vige_3E190_8_acte20.jpg 1093w, https:\/\/hyperbate.fr\/legendefamiliale\/files\/2017\/09\/acte_fressinaud_mdf_Sauviat-sur-Vige_3E190_8_acte20-300x165.jpg 300w, https:\/\/hyperbate.fr\/legendefamiliale\/files\/2017\/09\/acte_fressinaud_mdf_Sauviat-sur-Vige_3E190_8_acte20-768x422.jpg 768w, https:\/\/hyperbate.fr\/legendefamiliale\/files\/2017\/09\/acte_fressinaud_mdf_Sauviat-sur-Vige_3E190_8_acte20-1024x562.jpg 1024w\" sizes=\"(max-width: 1093px) 100vw, 1093px\" \/><\/a><\/p>\n<p>On m&rsquo;a signal\u00e9 ce document alors que je parlais de g\u00e9n\u00e9alogie sur Twitter, o\u00f9 un passionn\u00e9 a d\u00e9couvert que, selon toute vraisemblance, j&rsquo;ai des anc\u00eatres plus prestigieux que je ne l&rsquo;imaginais. Ma grand-m\u00e8re paternelle, <a href=\"https:\/\/hyperbate.fr\/legendefamilale\/2017\/07\/20\/lenfance-dameyna\/\">Am\u00e9na\u00efde<\/a>, disait souvent que nous descendions de Saint Louis, ce qui, dans la l\u00e9gende familiale, avait fini par faire de nous des descendants de b\u00e2tards de Louix XIV, filiation bien peu cr\u00e9dible hors grossesse tout \u00e0 fait inconnue de tous, puisque la descendance de ce roi est parfaitement r\u00e9pertori\u00e9e, d&rsquo;autant qu&rsquo;elle est, \u00e0 une certaine \u00e9chelle, tr\u00e8s r\u00e9cente.<br \/>\nMais voil\u00e0, en remontant les anc\u00eatres de ma grand-m\u00e8re du c\u00f4t\u00e9 Fressinaud Mas-de-Feix, indistinctement par les p\u00e8res ou par les m\u00e8res, on arrive bel et bien \u00e0 Louis IX, dit \u00ab\u00a0Saint-Louis\u00a0\u00bb, roi Cap\u00e9tien au bilan contrast\u00e9 (croisades, conversion forc\u00e9e des juifs, mais \u00e0 qui on attribue aussi les progr\u00e8s du pays en mati\u00e8re de justice et de d\u00e9veloppement \u00e9conomique ou intellectuel). En fait, j&rsquo;arrive \u00e0 Louis IX par huit branches diff\u00e9rentes de la famille Fressinaud Mas-de-Feix !<\/p>\n<p><a href=\"http:\/\/gw.geneanet.org\/jnlafargue_w?lang=fr&amp;ocz=0&amp;m=RL&amp;p=louis+ix&amp;n=capet&amp;p1=louis+ix&amp;n1=capet&amp;p2=jean+noel&amp;n2=lafargue&amp;l1=0&amp;l2=24,25,26&amp;dag=on&amp;image=on\" target=\"_blank\" rel=\"noopener noreferrer\"><img decoding=\"async\" class=\"aligncenter size-full wp-image-351\" src=\"https:\/\/hyperbate.fr\/legendefamilale\/files\/2017\/09\/stlouis.png\" alt=\"\" width=\"620\" height=\"3230\" \/><\/a><\/p>\n<p>Plus surprenant, Andr\u00e9, le mari d&rsquo;Ameyna, descend lui aussi du m\u00eame monarque par la famille Chamier, dont j&rsquo;ai d\u00e9j\u00e0 parl\u00e9 ici. Les Chamier, protestants de la Dr\u00f4me, sans titre de noblesse, se sont r\u00e9fugi\u00e9s en Angleterre, o\u00f9 John Ezechiel (mon dernier anc\u00eatre commun avec <a href=\"https:\/\/hyperbate.fr\/legendefamilale\/2017\/09\/14\/le-cousin-anglais\/\" target=\"_blank\" rel=\"noopener noreferrer\">Daniel Craig<\/a> !) a \u00e9pous\u00e9 Georgina Burnaby, qui est issue d&rsquo;une s\u00e9rie de grandes familles anglaises :\u00a0Seymour, Wentworth, Percy, Mortimer, et enfin Plantagen\u00eat, puis Valois, jusqu&rsquo;aux Cap\u00e9tiens<sup><a href=\"#footnote_1_342\" id=\"identifier_1_342\" class=\"footnote-link footnote-identifier-link\" title=\"Le maillon faible de cette cha&icirc;ne me semble &ecirc;tre Alice Rodney, pour qui je trouve plusieurs parent&egrave;les.\">1<\/a><\/sup>.\u00a0Ce qui fait tout de m\u00eame, \u00e0 vingt-quatre, vingt-cinq ou vingt-six g\u00e9n\u00e9rations<sup><a href=\"#footnote_2_342\" id=\"identifier_2_342\" class=\"footnote-link footnote-identifier-link\" title=\"Rappel : &agrave; n g&eacute;n&eacute;rations, chacun de nous a 2 puissance n anc&ecirc;tres. Si on pouvait suivre absolument toutes ses lign&eacute;es, on atteindrait, pour vingt-cinq g&eacute;n&eacute;rations, trentre-trois millions d&rsquo;anc&ecirc;tres ! &Agrave; supposer que la filiation que je m&rsquo;attribue ici soit av&eacute;r&eacute;e, je partage 1\/33000000e de mon patrimoine g&eacute;n&eacute;tique avec Louis IX (ou plut&ocirc;t neuf fois &ccedil;a puisque je le retrouve par neuf branches). Pas b&eacute;z&egrave;f.\">2<\/a><\/sup>, neuf branches qui me relient \u00e0 Louis IX et \u00e0 ses ascendants, souvent par les femmes<sup><a href=\"#footnote_3_342\" id=\"identifier_3_342\" class=\"footnote-link footnote-identifier-link\" title=\"Chez nous le nom se transmet par les p&egrave;res, mais d&rsquo;autres cultures (les Zhaba au Tibet, les Navajos en Am&eacute;rique du sud, et autres soci&eacute;t&eacute;s dites matrilin&eacute;aires) croient plus aux m&egrave;res&hellip; et ont bien raison de le faire puisque si la paternit&eacute; biologique peut &ecirc;tre mise en doute, une femme qui a accouch&eacute; d&rsquo;un enfant est bien sa m&egrave;re &mdash; en tout cas jusqu&rsquo;&agrave; l&rsquo;&eacute;poque assez r&eacute;cente o&ugrave; on a pu faire des dons d&rsquo;ovocytes.\">3<\/a><\/sup> \u2014 en perdant le nom et le ch\u00e2teau \u2014 mais de mani\u00e8re tra\u00e7able, pour peu que toutes les personnes de l&rsquo;arbre soient bien enfants de leurs p\u00e8res officiels, ce qui n&rsquo;est \u00e9videmment jamais assur\u00e9. N&#8217;emp\u00eache,\u00a0J&rsquo;ai l&rsquo;impression d&rsquo;\u00eatre Audrey Tautou d\u00e9couvrant qu&rsquo;elle est la petite fille de J\u00e9sus et Marie Madeleine dans le film\u00a0<em>Da Vinci Code<\/em>.<\/p>\n<p>Si on reprend la branche britannique et qu&rsquo;on bifurque \u00e0 Lionel d&rsquo;Anvers, on remonte cette fois \u00e0 Jean d&rsquo;Angleterre, dit \u00ab\u00a0Jean sans terre\u00a0\u00bb<sup><a href=\"#footnote_4_342\" id=\"identifier_4_342\" class=\"footnote-link footnote-identifier-link\" title=\"misa &agrave; jour deux ans plus tard : je me trouve d&eacute;sormais 61 liens de parent&eacute; avec Jean Sans Terre&hellip; et 247 avec son &eacute;pouse Isabelle d&rsquo;Angoul&ecirc;me, gr&acirc;ce aux enfants n&eacute;s de son autre &eacute;poux. Hugues de Lusignan.\">4<\/a><\/sup> :<\/p>\n<p><a href=\"http:\/\/gw.geneanet.org\/jnlafargue_w?lang=fr&amp;ocz=0&amp;m=RL&amp;p=jean&amp;n=d+angleterre&amp;l1=0&amp;p1=jean&amp;n1=d+angleterre&amp;l2=24&amp;p2=jean+noel&amp;n2=lafargue&amp;image=on\" target=\"_blank\" rel=\"noopener noreferrer\"><img decoding=\"async\" class=\"aligncenter size-full wp-image-353\" src=\"https:\/\/hyperbate.fr\/legendefamilale\/files\/2017\/09\/jean_sans_terre.png\" alt=\"\" width=\"360\" height=\"1924\" srcset=\"https:\/\/hyperbate.fr\/legendefamiliale\/files\/2017\/09\/jean_sans_terre.png 360w, https:\/\/hyperbate.fr\/legendefamiliale\/files\/2017\/09\/jean_sans_terre-56x300.png 56w\" sizes=\"(max-width: 360px) 100vw, 360px\" \/><\/a><\/p>\n<p>Eh oui, cet arbre fait de moi un descendant du lion pel\u00e9<sup><a href=\"#footnote_5_342\" id=\"identifier_5_342\" class=\"footnote-link footnote-identifier-link\" title=\"Dans le film de Disney, sorti en 1973, le prince Jean n&rsquo;a pas de crini&egrave;re, ce qui fait de lui une lionne ! On peut s&rsquo;interroger sur ce symbole : afin de prouver qu&rsquo;il n&rsquo;est pas l&eacute;gitime sur le tr&ocirc;ne d&rsquo;Angleterre, qu&rsquo;il est d&eacute;nu&eacute; de noblesse, les auteurs suppriment l&rsquo;attribut viril du lion; sa crini&egrave;re !\">5<\/a><\/sup> qui usurpe le tr\u00f4ne de Richard-c\u0153ur-de-Lion et qui se fait hypnotiser par un serpent dans le Robin des bois de Disney !<br \/>\nAmusant, ce Disney est pr\u00e9cis\u00e9ment le premier film que j&rsquo;ai vu au cin\u00e9ma de ma vie, j&rsquo;avais sept ans et c&rsquo;\u00e9tait au cin\u00e9ma Rex. J&rsquo;ai beaucoup aim\u00e9. En le revoyant, j&rsquo;aime toujours le dessin mais je suis plus r\u00e9serv\u00e9 quant au sc\u00e9nario. D&rsquo;autant qu&rsquo;entre temps je me suis un peu renseign\u00e9, j&rsquo;ai appris que Richard \u00e9tait mort bless\u00e9 en tentant de piller un ch\u00e2teau\u00a0<sup><a href=\"#footnote_6_342\" id=\"identifier_6_342\" class=\"footnote-link footnote-identifier-link\" title=\"Une autre vision de l&rsquo;histoire de Robin des Bois et du roi Richard est l&rsquo;excellent Robin and Marian&nbsp;(La Rose et la fl&egrave;che) de Richard Lester, sorti en 1976, avec Sean Connery et Audrey Hepburn.\">6<\/a><\/sup> et que son fr\u00e8re, de son c\u00f4t\u00e9, a sign\u00e9 (un peu contraint je crois) une charte limitant ses propres pouvoirs, la <em>Magna Carta<\/em>, que l&rsquo;on consid\u00e8re aujourd&rsquo;hui l&rsquo;acte fondateur d&rsquo;un partage des pouvoirs qui a abouti \u00e0 la monarchie parlementaire britannique actuelle (au passage, je me suis trouv\u00e9 moult anc\u00eatres parmi les barons protecteurs et garants de la Magna Carta !).<\/p>\n<p><img decoding=\"async\" class=\"aligncenter size-full wp-image-355\" src=\"https:\/\/hyperbate.fr\/legendefamilale\/files\/2017\/09\/jean_sans_terre_disney.png\" alt=\"\" width=\"794\" height=\"299\" srcset=\"https:\/\/hyperbate.fr\/legendefamiliale\/files\/2017\/09\/jean_sans_terre_disney.png 794w, https:\/\/hyperbate.fr\/legendefamiliale\/files\/2017\/09\/jean_sans_terre_disney-300x113.png 300w, https:\/\/hyperbate.fr\/legendefamiliale\/files\/2017\/09\/jean_sans_terre_disney-768x289.png 768w\" sizes=\"(max-width: 794px) 100vw, 794px\" \/><\/p>\n<p>\u00c0 quoi \u00e7a sert de trouver (ou de vouloir croire que l&rsquo;on trouve, car tout \u00e7a est bien fragile) dans sa g\u00e9n\u00e9alogie des seigneurs d&rsquo;Angoul\u00eame, des ducs de Bretagne, des comtes de Penthi\u00e8vre ou d&rsquo;Ulster, des des rois de France et d&rsquo;Angleterre ? Des empereurs de Constantinople ? Des Bourbon, des Valois, des Capet, des d&rsquo;Albret ? Apr\u00e8s tout ces gens ne sont pas tous recommandables, souvent guerriers et forc\u00e9ment exploiteurs.<br \/>\n\u00c0 quoi \u00e7a sert, donc ? Tr\u00e8s certainement \u00e0 rien d&rsquo;utile, mais quelque part, \u00e7a permet de r\u00eavasser au temps qui passe, \u00e0 l&rsquo;histoire, et aux lieux.<\/p>\n<ol class=\"footnotes\"><li id=\"footnote_1_342\" class=\"footnote\">Le maillon faible de cette cha\u00eene me semble \u00eatre Alice Rodney, pour qui je trouve plusieurs parent\u00e8les. <span class=\"footnote-back-link-wrapper\"> [<a href=\"#identifier_1_342\" class=\"footnote-link footnote-back-link\">&#8617;<\/a>]<\/span><\/li><li id=\"footnote_2_342\" class=\"footnote\">Rappel : \u00e0 n g\u00e9n\u00e9rations, chacun de nous a 2 puissance n anc\u00eatres. Si on pouvait suivre absolument toutes ses lign\u00e9es, on atteindrait, pour vingt-cinq g\u00e9n\u00e9rations, trentre-trois millions d\u2019anc\u00eatres ! \u00c0 supposer que la filiation que je m&rsquo;attribue ici soit av\u00e9r\u00e9e, je partage 1\/33000000e de mon patrimoine g\u00e9n\u00e9tique avec Louis IX (ou plut\u00f4t neuf fois \u00e7a puisque je le retrouve par neuf branches). Pas b\u00e9z\u00e8f. <span class=\"footnote-back-link-wrapper\"> [<a href=\"#identifier_2_342\" class=\"footnote-link footnote-back-link\">&#8617;<\/a>]<\/span><\/li><li id=\"footnote_3_342\" class=\"footnote\">Chez nous le nom se transmet par les p\u00e8res, mais d&rsquo;autres cultures (les <a href=\"https:\/\/fr.wikipedia.org\/wiki\/Zhaba_(ethnie)\" target=\"_blank\" rel=\"noopener noreferrer\">Zhaba<\/a> au Tibet, les Navajos en Am\u00e9rique du sud, et autres soci\u00e9t\u00e9s dites <a href=\"https:\/\/fr.wikipedia.org\/wiki\/Liste_de_soci\u00e9t\u00e9s_matrilin\u00e9aires_ou_matrilocales\" target=\"_blank\" rel=\"noopener noreferrer\">matrilin\u00e9aires<\/a>) croient plus aux m\u00e8res&#8230; et ont bien raison de le faire puisque si la paternit\u00e9 biologique peut \u00eatre mise en doute, une femme qui a accouch\u00e9 d&rsquo;un enfant est bien sa m\u00e8re \u2014 en tout cas jusqu&rsquo;\u00e0 l&rsquo;\u00e9poque assez r\u00e9cente o\u00f9 on a pu faire des dons d&rsquo;ovocytes. <span class=\"footnote-back-link-wrapper\"> [<a href=\"#identifier_3_342\" class=\"footnote-link footnote-back-link\">&#8617;<\/a>]<\/span><\/li><li id=\"footnote_4_342\" class=\"footnote\">misa \u00e0 jour deux ans plus tard : je me trouve d\u00e9sormais <a href=\"https:\/\/gw.geneanet.org\/jnlafargue_w?ei=522&amp;em=R&amp;et=M&amp;image=on&amp;lang=fr&amp;m=NG&amp;n=&amp;nz=lafargue&amp;pz=hannah+marit&amp;select=4&amp;t=N\" target=\"_blank\" rel=\"noopener noreferrer\">61 liens de parent\u00e9<\/a> avec Jean Sans Terre&#8230; et <a href=\"https:\/\/gw.geneanet.org\/jnlafargue_w?ei=918&amp;em=R&amp;et=M&amp;image=on&amp;lang=fr&amp;m=NG&amp;n=&amp;nz=lafargue&amp;pz=hannah+marit&amp;select=4&amp;t=N\" target=\"_blank\" rel=\"noopener noreferrer\">247 avec son \u00e9pouse Isabelle d&rsquo;Angoul\u00eame<\/a>, gr\u00e2ce aux enfants n\u00e9s de son autre \u00e9poux. Hugues de Lusignan. <span class=\"footnote-back-link-wrapper\"> [<a href=\"#identifier_4_342\" class=\"footnote-link footnote-back-link\">&#8617;<\/a>]<\/span><\/li><li id=\"footnote_5_342\" class=\"footnote\">Dans le film de Disney, sorti en 1973, le prince Jean n&rsquo;a pas de crini\u00e8re, ce qui fait de lui une lionne ! On peut s&rsquo;interroger sur ce symbole : afin de prouver qu&rsquo;il n&rsquo;est pas l\u00e9gitime sur le tr\u00f4ne d&rsquo;Angleterre, qu&rsquo;il est d\u00e9nu\u00e9 de noblesse, les auteurs suppriment l&rsquo;attribut viril du lion; sa crini\u00e8re ! <span class=\"footnote-back-link-wrapper\"> [<a href=\"#identifier_5_342\" class=\"footnote-link footnote-back-link\">&#8617;<\/a>]<\/span><\/li><li id=\"footnote_6_342\" class=\"footnote\">Une autre vision de l&rsquo;histoire de Robin des Bois et du roi Richard est l&rsquo;excellent <em>Robin and Marian<\/em>\u00a0(<em>La Rose et la fl\u00e8che<\/em>) de Richard Lester, sorti en 1976, avec Sean Connery et Audrey Hepburn. <span class=\"footnote-back-link-wrapper\"> [<a href=\"#identifier_6_342\" class=\"footnote-link footnote-back-link\">&#8617;<\/a>]<\/span><\/li><\/ol>","protected":false},"excerpt":{"rendered":"<p>Depuis la mort de mon grand-p\u00e8re, il y a deux mois, je fais un peu de g\u00e9n\u00e9alogie. Une amie qui a mon \u00e2ge me disait qu&rsquo;elle faisait exactement pareil, et une troisi\u00e8me personne, sur Twitter, de la m\u00eame g\u00e9n\u00e9ration l\u00e0 encore, en fait autant. Est-ce que l&rsquo;approche de la cinquantaine donne ce genre de lubies &hellip; <a href=\"https:\/\/hyperbate.fr\/legendefamiliale\/2017\/09\/25\/je-descends-du-singe-par-neuf-branches\/\" class=\"more-link\">Continuer la lecture de <span class=\"screen-reader-text\">Magna Carta<\/span> <span class=\"meta-nav\">&rarr;<\/span><\/a><\/p>\n","protected":false},"author":1,"featured_media":0,"comment_status":"open","ping_status":"open","sticky":false,"template":"","format":"standard","meta":{"footnotes":""},"categories":[5],"tags":[],"class_list":["post-342","post","type-post","status-publish","format-standard","hentry","category-genealogie"],"_links":{"self":[{"href":"https:\/\/hyperbate.fr\/legendefamiliale\/wp-json\/wp\/v2\/posts\/342","targetHints":{"allow":["GET"]}}],"collection":[{"href":"https:\/\/hyperbate.fr\/legendefamiliale\/wp-json\/wp\/v2\/posts"}],"about":[{"href":"https:\/\/hyperbate.fr\/legendefamiliale\/wp-json\/wp\/v2\/types\/post"}],"author":[{"embeddable":true,"href":"https:\/\/hyperbate.fr\/legendefamiliale\/wp-json\/wp\/v2\/users\/1"}],"replies":[{"embeddable":true,"href":"https:\/\/hyperbate.fr\/legendefamiliale\/wp-json\/wp\/v2\/comments?post=342"}],"version-history":[{"count":3,"href":"https:\/\/hyperbate.fr\/legendefamiliale\/wp-json\/wp\/v2\/posts\/342\/revisions"}],"predecessor-version":[{"id":442,"href":"https:\/\/hyperbate.fr\/legendefamiliale\/wp-json\/wp\/v2\/posts\/342\/revisions\/442"}],"wp:attachment":[{"href":"https:\/\/hyperbate.fr\/legendefamiliale\/wp-json\/wp\/v2\/media?parent=342"}],"wp:term":[{"taxonomy":"category","embeddable":true,"href":"https:\/\/hyperbate.fr\/legendefamiliale\/wp-json\/wp\/v2\/categories?post=342"},{"taxonomy":"post_tag","embeddable":true,"href":"https:\/\/hyperbate.fr\/legendefamiliale\/wp-json\/wp\/v2\/tags?post=342"}],"curies":[{"name":"wp","href":"https:\/\/api.w.org\/{rel}","templated":true}]}}