{"id":263,"date":"2017-09-15T13:35:08","date_gmt":"2017-09-15T11:35:08","guid":{"rendered":"http:\/\/hyperbate.fr\/legendefamilale\/?p=263"},"modified":"2025-09-26T09:57:26","modified_gmt":"2025-09-26T07:57:26","slug":"le-chateau-de-lerse","status":"publish","type":"post","link":"https:\/\/hyperbate.fr\/legendefamiliale\/2017\/09\/15\/le-chateau-de-lerse\/","title":{"rendered":"Le ch\u00e2teau de Lerse"},"content":{"rendered":"\n<figure class=\"wp-block-image size-large\"><img decoding=\"async\" src=\"https:\/\/hyperbate.fr\/legendefamiliale\/files\/2017\/09\/800px-P%C3%A9rignac_16_Ch%C3%A2teau_de_Lerse_2012.jpg\" alt=\"\"\/><figcaption class=\"wp-element-caption\">Photo JLPC\/<a href=\"https:\/\/commons.wikimedia.org\/wiki\/File:P%C3%A9rignac_16_Ch%C3%A2teau_de_Lerse_2012.jpg\" target=\"_blank\" rel=\"noopener\">Commons<\/a><\/figcaption><\/figure>\n\n\n\n<p>Dans ses m\u00e9moires, mon arri\u00e8re-grand-p\u00e8re Jean Lafargue, qui a pass\u00e9 ses quatre premi\u00e8res ann\u00e9es \u00e0 Laprade, en Charente, aux confins de la Dordogne, o\u00f9 son p\u00e8re avait une usine de papier. Tr\u00e8s vite, la famille a quitt\u00e9 la Charente pour le 46 de la rue Jouffroy \u00e0 Paris, non sans garder un pied-\u00e0-terre en Charente, le ch\u00e2teau de Lerse, dont, pr\u00e8s de soixante dix-ans plus tard, Jean Lafargue gardait un souvenir \u00e9merveill\u00e9 :<\/p>\n\n\n\n<blockquote class=\"wp-block-quote extraitTexte is-layout-flow wp-block-quote-is-layout-flow\">\n<p>Du vivant de mon p\u00e8re, nous allions \u00e0 Lerse, la propri\u00e9t\u00e9 familiale pendant les vacances. L\u00e0, je trouvais la libert\u00e9 compl\u00e8te, la joie de vivre. La propri\u00e9t\u00e9 se compose d&rsquo;un ch\u00e2teau du XIII\u00e8me si\u00e8cle avec deux grosses tours et une entr\u00e9e \u00e0 pont levis. Tout autour du ch\u00e2teau et des b\u00e2timents de la ferme s&rsquo;\u00e9tendent 100 hectares environ de terres: prairies, terres de culture, bois. Apr\u00e8s la mort de mon p\u00e8re, elle est pass\u00e9e aux mains de mon fr\u00e8re et je n&rsquo;y suis retourn\u00e9 que tr\u00e8s rarement. N\u00e9anmoins, l\u00e0 se trouvent les seuls bons souvenirs de ma jeunesse (c&rsquo;est \u00e0 dire avant ma quatorzi\u00e8me ann\u00e9e), et en donner une id\u00e9e ne me para\u00eet gu\u00e8re possible. J&rsquo;\u00e9tais libre. Je me trouvais au milieu de la nature, la vraie nature, toute simple, avec ses prairies o\u00f9 je gardais parfois le troupeau de vaches ou de moutons en compagnie de bons chiens de berger qui \u00e9taient mes amis, avec ses bois o\u00f9 je trouvais des champignons que ma m\u00e8re mettait en conserves pour l&rsquo;hiver, avec ses deux \u00e9tangs dans lesquels je p\u00eachais carpes et anguilles, avec sa rivi\u00e8re o\u00f9 je prenais les \u00e9crevisses et, au moyen d&rsquo;une \u00e9toffe rouge, les grenouilles. A l&rsquo;automne, je cueillais les fruits tr\u00e8s abondants, pommes et poires, qui \u00e9taient transport\u00e9s \u00e0 Paris, et je participais \u00e0 la vendange.<br>Vie merveilleuse en v\u00e9rit\u00e9, mais combien de temps a-t-elle dur\u00e9e d&rsquo;apr\u00e8s le calendrier? Quatorze \u00e0 quinze mois tout au plus au total, et pourtant les images de ce temps restent encore pr\u00e9sentes \u00e0 mon esprit. J&rsquo;ai l&rsquo;impression de voir encore les arbres, leurs caract\u00e8res, leurs emplacements, et cependant ils \u00e9taient des milliers. Je suis retourn\u00e9 \u00e0 Lerse pendant la guerre de 1940; j&rsquo;y ai pass\u00e9 deux ans \u00e0 cette \u00e9poque. Mon neveu Guy avait eu la gentillesse de me confier sa propri\u00e9t\u00e9 pendant son absence. Bien de changements avaient \u00e9t\u00e9 faits par mon fr\u00e8re, bien des arbres \u00e9taient morts et les \u00e9tangs \u00e9taient presque combl\u00e9s. Pourtant je voyais tout comme si plus de quarante ans ne s&rsquo;\u00e9taient \u00e9coul\u00e9s depuis que j&rsquo;avais quitt\u00e9 ces lieux qui m&rsquo;avaient enchant\u00e9s.<\/p>\n<\/blockquote>\n\n\n\n<p>Ce ch\u00e2teau se situe sur la commune de P\u00e9rignac, \u00e0 une trentaine de kilom\u00e8tres au Sud d&rsquo;Angoul\u00eame. Il tire son nom de l&rsquo;Arce, un ruisseau charentais. Selon le livre <em>Ch\u00e2teaux, manoirs et logis : la Charente Maritime<\/em> (Philippe Floris et Pascal Talon, \u00e9d. Patrimoine et m\u00e9dias 1993), ce ch\u00e2teau date de la fin du XVe si\u00e8cle, il a d&rsquo;abord appartenu \u00e0 la famille La Rochefoucauld, puis aux Desmier et, jusqu&rsquo;au XVIIe si\u00e8cle, \u00e0 la famille De Lubersac.<br>Le portail est d\u00e9cor\u00e9 de coquilles Saint-Jacques, preuve qu&rsquo;il accueillait les p\u00e8lerins sur la route de Compostelle.<\/p>\n\n\n<div class=\"wp-block-image\">\n<figure class=\"aligncenter\"><a href=\"https:\/\/www.google.com\/maps\/place\/45%C2%B026'40.7%22N+0%C2%B005'03.4%22E\/@45.4446509,0.0837136,151m\/data=!3m2!1e3!4b1!4m6!3m5!1s0x0:0x0!7e2!8m2!3d45.4446503!4d0.0842627\" target=\"_blank\" rel=\"noopener\"><img decoding=\"async\" width=\"625\" height=\"506\" src=\"https:\/\/hyperbate.fr\/legendefamilale\/files\/2017\/09\/lerse_map.png\" alt=\"\" class=\"wp-image-268\" srcset=\"https:\/\/hyperbate.fr\/legendefamiliale\/files\/2017\/09\/lerse_map.png 625w, https:\/\/hyperbate.fr\/legendefamiliale\/files\/2017\/09\/lerse_map-300x243.png 300w\" sizes=\"(max-width: 625px) 100vw, 625px\" \/><\/a><\/figure>\n<\/div>\n\n\n<p><\/p>\n\n\n\n<p>Je me demande s&rsquo;il n&rsquo;y a pas confusion avec un autre ch\u00e2teau et un autre P\u00e9rignac. En effet, d&rsquo;autres sources affirment que le ch\u00e2teau a appartenu \u00e0 la m\u00eame famille \u2014 la mienne (au d\u00e9part simplement nomm\u00e9e \u00ab\u00a0seigneurs de Lerse\u00a0\u00bb) \u2014&nbsp;pendant six si\u00e8cles, de 1410 \u00e0 2011. Voil\u00e0 ce qu&rsquo;on pouvait lire dans <a href=\"http:\/\/www.charentelibre.fr\/2011\/05\/03\/le-domaine-de-perignac-change-de-main,1034000.php\" target=\"_blank\" rel=\"noopener\"><em>La Charente Libre<\/em> en 2011<\/a>, alors que le ch\u00e2teau venait d&rsquo;\u00eatre acquis par un couple belge, Mic Demanet et Roel Leroy, pour devenir une <a href=\"http:\/\/chateaudelerse.com\/\" target=\"_blank\" rel=\"noopener\">chambre d&rsquo;h\u00f4tes haut-de-gamme :<\/a><\/p>\n\n\n\n<blockquote class=\"wp-block-quote extraitTexte is-layout-flow wp-block-quote-is-layout-flow\">\n<p>Le ch\u00e2teau de P\u00e9rignac ou logis de Lerse pr\u00e8s de Blanzac vient d&rsquo;\u00eatre vendu. Le vice-amiral en retraite Fran\u00e7ois Lafargue, dont la famille poss\u00e9dait ce domaine depuis au moins le XIVe si\u00e8cle a d\u00e9cid\u00e9 de passer la main, la mort dans l&rsquo;\u00e2me.<br>\u00abCe fut une d\u00e9cision difficile \u00e0 prendre puisque ce domaine appartient \u00e0 ma famille depuis plus de 600 ans\u00bb, explique-t-il. \u00abMais ce ch\u00e2teau \u00e9tait devenu une charge trop lourde pour moi. Cette maison m&rsquo;\u00e9puisait et je n&rsquo;avais pas les moyens de l&rsquo;entretenir\u00bb, ajoute-t-il, malgr\u00e9 une retraite confortable.<\/p>\n<\/blockquote>\n\n\n\n<p>Lorsque son p\u00e8re est mort, en 1897&nbsp;\u00e0 l&rsquo;\u00e2ge de 51 ans d&rsquo;une endocardite aig\u00fce, mon arri\u00e8re grand-p\u00e8re avait pris la d\u00e9cision de vendre le ch\u00e2teau \u00e0 son (demi) fr\u00e8re a\u00een\u00e9, branche de la famille avec qui nous n&rsquo;avons pas de contact :<\/p>\n\n\n\n<blockquote class=\"wp-block-quote extraitTexte is-layout-flow wp-block-quote-is-layout-flow\">\n<p>Ma m\u00e8re me consid\u00e9rait comme le nouveau chef de famille. Elle n&rsquo;avait pour vivre avec ses trois enfants (car mon fr\u00e8re ain\u00e9 disposait pour sa part d&rsquo;une fortune personnelle) que le revenu d&rsquo;un capital peu important. Elle n&rsquo;avait jamais travaill\u00e9 pour gagner sa vie et il n&rsquo;en f\u00fbt pas question car dans notre milieu, c&rsquo;e\u00fbt \u00e9t\u00e9 une v\u00e9ritable d\u00e9ch\u00e9ance pour une femme que d&rsquo;en \u00eatre r\u00e9duite \u00e0 \u00e7a. Les partages n\u00e9cessaires entre mon fr\u00e8re et nous se firent discr\u00e8tement. La vente des meubles eut lieu publiquement, mais ma m\u00e8re racheta tout ce qui se trouvait dans notre appartement de Paris. Restait Lerse: c&rsquo;\u00e9tait le gros morceau. Ma m\u00e8re nous r\u00e9unit, mes s\u0153urs et moi, afin de nous demander si nous d\u00e9sirions conserver Lerse. Si nous options pour, il nous faudrait quitter Paris et y emm\u00e9nager. L\u00e0-bas, nous ne pourrions gu\u00e8re continuer nos \u00e9tudes&#8230; J&rsquo;aimais Lerse, je d\u00e9testais Paris et le lyc\u00e9e, mais j&rsquo;ai le souvenir tr\u00e8s net qu&rsquo;alors que ma m\u00e8re et mes s\u0153urs h\u00e9sitaient, je dis: \u00ab\u00a0&#8211; Il faut abandonner Lerse. Nous ne pouvons engager notre avenir \u00e0 ce point. Nous pourrions regretter de n&rsquo;avoir d&rsquo;autre perspective que d&rsquo;\u00eatre des paysans\u00a0\u00bb. Ma m\u00e8re me trouva tr\u00e8s raisonnable et \u00e0 partir de ce moment, elle me tint au courant de sa situation financi\u00e8re, m&rsquo;amena avec elle \u00e0 chaque fois qu&rsquo;elle allait chez le notaire ou \u00e0 la banque. Elle me demandait aussi mon avis concernant ses transactions \u00e0 la Bourse, ce qui m&rsquo;obligeait \u00e0 lire les journaux financiers et \u00e0 \u00e9tudier les cours des valeurs. Lerse fut vendu en vente publique \u00e0 Paris, avec le moins de publicit\u00e9 possible. Mon fr\u00e8re racheta la propri\u00e9t\u00e9 \u00e0 un prix fix\u00e9 d&rsquo;un commun accord entre son tuteur, le g\u00e9n\u00e9ral Massenet, et ma m\u00e8re. Il s&rsquo;agissait d&rsquo;un prix peu \u00e9lev\u00e9: 70 000 francs de l&rsquo;\u00e9poque.<\/p>\n<\/blockquote>\n\n\n\n<p>Bon, la super cagnotte de l&rsquo;Euromillions est de 130 millions d&rsquo;euros cette semaine.<br>\u00c7a devrait suffire, non ? Ne reste plus qu&rsquo;\u00e0 trouver deux euros, \u00e0 se rendre au tabac, \u00e0 jouer les bons num\u00e9ros, et hop, le ch\u00e2teau revient dans la famille !<br>Et si je ne remporte pas le gros lot, esp\u00e9rons que je gagnerai au moins 235 euros, le prix d&rsquo;une nuit dans la meilleure chambre du ch\u00e2teau.<\/p>\n\n\n\n<p><em>Compl\u00e9ment du 20\/11\/2021 : le vice-amiral Fran\u00e7ois Lafargue, petit-fils du demi-fr\u00e8re de mon arri\u00e8re-grand-p\u00e8re, m&rsquo;\u00e9crit pour s&rsquo;\u00e9tonner du r\u00e9cit tel que rapport\u00e9 plus haut par Jean Lafargue, car la propri\u00e9t\u00e9 de Lerse, m&rsquo;apprend-il, \u00ab\u202fvenait en fait de la premi\u00e8re \u00e9pouse de mon arri\u00e8re-arri\u00e8re-grand-p\u00e8re, Marie Madeleine Octavie Chertier, dont le grand-p\u00e8re maternel s&rsquo;appelait Ogier-Desgentis de Lerse. Il faudrait \u00e9tudier la succession pour comprendre mais il serait curieux que Jean Lafargue ait e\u00fbt la possibilit\u00e9 d&rsquo;h\u00e9riter du ch\u00e2teau puisqu&rsquo;il ne descend pas lui-m\u00eame de ses premiers propri\u00e9taires\u202f\u00bb.<\/em><\/p>\n","protected":false},"excerpt":{"rendered":"<p>Dans ses m\u00e9moires, mon arri\u00e8re-grand-p\u00e8re Jean Lafargue, qui a pass\u00e9 ses quatre premi\u00e8res ann\u00e9es \u00e0 Laprade, en Charente, aux confins de la Dordogne, o\u00f9 son p\u00e8re avait une usine de papier. Tr\u00e8s vite, la famille a quitt\u00e9 la Charente pour le 46 de la rue Jouffroy \u00e0 Paris, non sans garder un pied-\u00e0-terre en Charente, &hellip; <a href=\"https:\/\/hyperbate.fr\/legendefamiliale\/2017\/09\/15\/le-chateau-de-lerse\/\" class=\"more-link\">Continuer la lecture de <span class=\"screen-reader-text\">Le ch\u00e2teau de Lerse<\/span> <span class=\"meta-nav\">&rarr;<\/span><\/a><\/p>\n","protected":false},"author":1,"featured_media":0,"comment_status":"open","ping_status":"open","sticky":false,"template":"","format":"standard","meta":{"footnotes":""},"categories":[8,9],"tags":[],"class_list":["post-263","post","type-post","status-publish","format-standard","hentry","category-jean-lafargue","category-lieux"],"_links":{"self":[{"href":"https:\/\/hyperbate.fr\/legendefamiliale\/wp-json\/wp\/v2\/posts\/263","targetHints":{"allow":["GET"]}}],"collection":[{"href":"https:\/\/hyperbate.fr\/legendefamiliale\/wp-json\/wp\/v2\/posts"}],"about":[{"href":"https:\/\/hyperbate.fr\/legendefamiliale\/wp-json\/wp\/v2\/types\/post"}],"author":[{"embeddable":true,"href":"https:\/\/hyperbate.fr\/legendefamiliale\/wp-json\/wp\/v2\/users\/1"}],"replies":[{"embeddable":true,"href":"https:\/\/hyperbate.fr\/legendefamiliale\/wp-json\/wp\/v2\/comments?post=263"}],"version-history":[{"count":2,"href":"https:\/\/hyperbate.fr\/legendefamiliale\/wp-json\/wp\/v2\/posts\/263\/revisions"}],"predecessor-version":[{"id":1064,"href":"https:\/\/hyperbate.fr\/legendefamiliale\/wp-json\/wp\/v2\/posts\/263\/revisions\/1064"}],"wp:attachment":[{"href":"https:\/\/hyperbate.fr\/legendefamiliale\/wp-json\/wp\/v2\/media?parent=263"}],"wp:term":[{"taxonomy":"category","embeddable":true,"href":"https:\/\/hyperbate.fr\/legendefamiliale\/wp-json\/wp\/v2\/categories?post=263"},{"taxonomy":"post_tag","embeddable":true,"href":"https:\/\/hyperbate.fr\/legendefamiliale\/wp-json\/wp\/v2\/tags?post=263"}],"curies":[{"name":"wp","href":"https:\/\/api.w.org\/{rel}","templated":true}]}}