{"id":247,"date":"2017-09-14T20:45:12","date_gmt":"2017-09-14T18:45:12","guid":{"rendered":"http:\/\/hyperbate.fr\/legendefamilale\/?p=247"},"modified":"2017-09-15T17:40:53","modified_gmt":"2017-09-15T15:40:53","slug":"legendes-celtiques","status":"publish","type":"post","link":"https:\/\/hyperbate.fr\/legendefamiliale\/2017\/09\/14\/legendes-celtiques\/","title":{"rendered":"L\u00e9gendes celtiques"},"content":{"rendered":"<p>En 1913, Jean Lafargue et Florence Adeline Chamier Deschamps, mes arri\u00e8re-grands parents paternels, ont publi\u00e9 ces L\u00e9gendes Celtiques, aux \u00e9ditions Office du Livre.<\/p>\n<p><img decoding=\"async\" class=\"aligncenter size-full wp-image-248\" src=\"https:\/\/hyperbate.fr\/legendefamilale\/files\/2017\/09\/legendes_celtiques.jpg\" alt=\"\" width=\"458\" height=\"720\" srcset=\"https:\/\/hyperbate.fr\/legendefamiliale\/files\/2017\/09\/legendes_celtiques.jpg 458w, https:\/\/hyperbate.fr\/legendefamiliale\/files\/2017\/09\/legendes_celtiques-191x300.jpg 191w\" sizes=\"(max-width: 458px) 100vw, 458px\" \/><\/p>\n<p>Ils l&rsquo;ont sign\u00e9 du pseudonyme Jean Deschamps.<br \/>\nUn extrait des m\u00e9moires de Jean Lafargue :<\/p>\n<blockquote class=\"extraitTexte\"><p>De 1911 \u00e0 1913 nous \u00e9tions install\u00e9s, ma femme et moi, dans un pavillon de Montmorency \u00e0 proximit\u00e9 de la gare d&rsquo;Enghien o\u00f9 je trouvais des trains pour aller \u00e0 St Denis. Apr\u00e8s la journ\u00e9e du travail, je me retrouvais dans la douce ambiance devant des champs cultiv\u00e9s et des cerisiers qui se couvraient de fleurs blanches au printemps, j&rsquo;oubliais la centrale et mes responsabilit\u00e9s qui \u00e9taient tr\u00e8s grandes, et je lisais \u00e0 haute voix les livres de Renan, de Gabineau etc&#8230; ou bien je travaillais \u00e0 une adaptation de l\u00e9gendes celtiques pour laquelle ma femme m&rsquo;apportait quantit\u00e9s de documents qu&rsquo;elle trouvait \u00e0 la biblioth\u00e8que nationale. Ce petit volume fut \u00e9dit\u00e9 gr\u00e2ce \u00e0 notre ami MaryGill, ainsi que quelques l\u00e9gendes australiennes qui ont \u00e9t\u00e9 malheureusement perdues.<\/p><\/blockquote>\n<p>Un extrait des m\u00e9moires de Florence Chamier, qui donne une vision un peu diff\u00e9rente de la distribution des r\u00f4les, de l&rsquo;implication et de la charge de travail de chacun des deux co-auteurs :<\/p>\n<blockquote class=\"extraitTexte\"><p>Dans ce temps l\u00e0 Mary-Gill f\u00fbt un \u00e9diteur tr\u00e8s dynamique. Il con\u00e7ut l&rsquo;id\u00e9e de publier des l\u00e9gendes de tous les pays et il s&rsquo;adressa \u00e0 moi pour faire un recueil de l\u00e9gendes celtiques. Ce travail m&rsquo;aida \u00e0 d\u00e9tourner le triste cours de mes pens\u00e9es et le soir venu mon mari mit de l&rsquo;ordre dans mes notes p\u00eale-m\u00eale d\u00e9blayant ainsi le terrain. Pour me documenter sur ce travail je me rendis en Angleterre au British Museum o\u00f9 un de mes cousins occupait le poste de conservateur facilitant ainsi mon entr\u00e9e \u00e0 la biblioth\u00e8que, unique au monde. En Ecosse, en Irlande, et au Pays de Galles je retrouvai les m\u00eames sources qu&rsquo;en Bretagne, les m\u00eames inspirations, les m\u00eames th\u00e8mes, le m\u00eame reflet de l&rsquo;esprit celte.<\/p><\/blockquote>\n<p>Les illustrations sont de <a href=\"https:\/\/fr.wikipedia.org\/wiki\/Georges_Bruyer\" target=\"_blank\" rel=\"noopener\">Georges Bruyer<\/a>. Chez le m\u00eame \u00e9diteur, Bruyer a illustr\u00e9 des\u00a0<i>Contes et l\u00e9gendes slaves<\/i>\u00a0compil\u00e9s par l&rsquo;ami et \u00e9diteur Mary-Gill.<\/p>\n<p><img decoding=\"async\" class=\"aligncenter size-full wp-image-251\" src=\"https:\/\/hyperbate.fr\/legendefamilale\/files\/2017\/09\/legendes_celtiques_reeditions.jpg\" alt=\"\" width=\"604\" height=\"225\" srcset=\"https:\/\/hyperbate.fr\/legendefamiliale\/files\/2017\/09\/legendes_celtiques_reeditions.jpg 604w, https:\/\/hyperbate.fr\/legendefamiliale\/files\/2017\/09\/legendes_celtiques_reeditions-300x112.jpg 300w\" sizes=\"(max-width: 604px) 100vw, 604px\" \/><\/p>\n<p><em>L\u00e9gendes celtiques<\/em> semble avoir \u00e9t\u00e9 r\u00e9\u00e9dit\u00e9 trois fois, ou en tout cas, existe avec quatre couvertures diff\u00e9rentes, deux \u00e0 l&rsquo;Office du livre et deux, r\u00e9centes (2004 et 2010), aux \u00e9ditions <em>La D\u00e9couvrance<\/em>.<\/p>\n","protected":false},"excerpt":{"rendered":"<p>En 1913, Jean Lafargue et Florence Adeline Chamier Deschamps, mes arri\u00e8re-grands parents paternels, ont publi\u00e9 ces L\u00e9gendes Celtiques, aux \u00e9ditions Office du Livre. Ils l&rsquo;ont sign\u00e9 du pseudonyme Jean Deschamps. Un extrait des m\u00e9moires de Jean Lafargue : De 1911 \u00e0 1913 nous \u00e9tions install\u00e9s, ma femme et moi, dans un pavillon de Montmorency \u00e0 &hellip; <a href=\"https:\/\/hyperbate.fr\/legendefamiliale\/2017\/09\/14\/legendes-celtiques\/\" class=\"more-link\">Continuer la lecture de <span class=\"screen-reader-text\">L\u00e9gendes celtiques<\/span> <span class=\"meta-nav\">&rarr;<\/span><\/a><\/p>\n","protected":false},"author":1,"featured_media":0,"comment_status":"open","ping_status":"open","sticky":false,"template":"","format":"standard","meta":{"footnotes":""},"categories":[7,8],"tags":[],"class_list":["post-247","post","type-post","status-publish","format-standard","hentry","category-florence-chamier","category-jean-lafargue"],"_links":{"self":[{"href":"https:\/\/hyperbate.fr\/legendefamiliale\/wp-json\/wp\/v2\/posts\/247","targetHints":{"allow":["GET"]}}],"collection":[{"href":"https:\/\/hyperbate.fr\/legendefamiliale\/wp-json\/wp\/v2\/posts"}],"about":[{"href":"https:\/\/hyperbate.fr\/legendefamiliale\/wp-json\/wp\/v2\/types\/post"}],"author":[{"embeddable":true,"href":"https:\/\/hyperbate.fr\/legendefamiliale\/wp-json\/wp\/v2\/users\/1"}],"replies":[{"embeddable":true,"href":"https:\/\/hyperbate.fr\/legendefamiliale\/wp-json\/wp\/v2\/comments?post=247"}],"version-history":[{"count":4,"href":"https:\/\/hyperbate.fr\/legendefamiliale\/wp-json\/wp\/v2\/posts\/247\/revisions"}],"predecessor-version":[{"id":313,"href":"https:\/\/hyperbate.fr\/legendefamiliale\/wp-json\/wp\/v2\/posts\/247\/revisions\/313"}],"wp:attachment":[{"href":"https:\/\/hyperbate.fr\/legendefamiliale\/wp-json\/wp\/v2\/media?parent=247"}],"wp:term":[{"taxonomy":"category","embeddable":true,"href":"https:\/\/hyperbate.fr\/legendefamiliale\/wp-json\/wp\/v2\/categories?post=247"},{"taxonomy":"post_tag","embeddable":true,"href":"https:\/\/hyperbate.fr\/legendefamiliale\/wp-json\/wp\/v2\/tags?post=247"}],"curies":[{"name":"wp","href":"https:\/\/api.w.org\/{rel}","templated":true}]}}