{"id":20,"date":"2017-07-20T09:04:14","date_gmt":"2017-07-20T07:04:14","guid":{"rendered":"http:\/\/hyperbate.fr\/legendefamilale\/?p=20"},"modified":"2017-08-03T16:14:19","modified_gmt":"2017-08-03T14:14:19","slug":"prenoms","status":"publish","type":"post","link":"https:\/\/hyperbate.fr\/legendefamiliale\/2017\/07\/20\/prenoms\/","title":{"rendered":"Pr\u00e9noms"},"content":{"rendered":"<p>Apr\u00e8s sa mort, j&rsquo;ai appris qu&rsquo;Andr\u00e9 Lafargue se pr\u00e9nommait en fait Jean Lafargue, comme son p\u00e8re, sauf que son p\u00e8re s&rsquo;appelait en r\u00e9alit\u00e9 Pierre Lafargue. L&rsquo;un comme l&rsquo;autre avait pr\u00e9f\u00e9r\u00e9 employer son dernier pr\u00e9nom au lieu du premier.<br \/>\nComme r\u00e9sistant, Andr\u00e9 Lafargue s&rsquo;\u00e9tait donn\u00e9 le nom Robert Desniaux.<\/p>\n<p>Quand \u00e0 ma grand-m\u00e8re, elle se faisait appeler Amena ou Am\u00e9na\u00efde, mais sur le livret de famille de mes parents, ses deux seuls pr\u00e9noms \u00a0sont Marie et Andr\u00e9e \u2014 d&rsquo;autres papiers m&rsquo;ont permis de v\u00e9rifier qu&rsquo;Am\u00e9na\u00efde \u00e9tait bel et bien son premier pr\u00e9nom. Sa fausse identit\u00e9 pendant la guerre \u00e9tait Arouet, en hommage \u00e0 Voltaire, mais je ne me souviens plus de son pr\u00e9nom.<\/p>\n","protected":false},"excerpt":{"rendered":"<p>Apr\u00e8s sa mort, j&rsquo;ai appris qu&rsquo;Andr\u00e9 Lafargue se pr\u00e9nommait en fait Jean Lafargue, comme son p\u00e8re, sauf que son p\u00e8re s&rsquo;appelait en r\u00e9alit\u00e9 Pierre Lafargue. L&rsquo;un comme l&rsquo;autre avait pr\u00e9f\u00e9r\u00e9 employer son dernier pr\u00e9nom au lieu du premier. Comme r\u00e9sistant, Andr\u00e9 Lafargue s&rsquo;\u00e9tait donn\u00e9 le nom Robert Desniaux. Quand \u00e0 ma grand-m\u00e8re, elle se faisait &hellip; <a href=\"https:\/\/hyperbate.fr\/legendefamiliale\/2017\/07\/20\/prenoms\/\" class=\"more-link\">Continuer la lecture de <span class=\"screen-reader-text\">Pr\u00e9noms<\/span> <span class=\"meta-nav\">&rarr;<\/span><\/a><\/p>\n","protected":false},"author":1,"featured_media":0,"comment_status":"open","ping_status":"open","sticky":false,"template":"","format":"standard","meta":{"footnotes":""},"categories":[1],"tags":[],"class_list":["post-20","post","type-post","status-publish","format-standard","hentry","category-non-classe"],"_links":{"self":[{"href":"https:\/\/hyperbate.fr\/legendefamiliale\/wp-json\/wp\/v2\/posts\/20","targetHints":{"allow":["GET"]}}],"collection":[{"href":"https:\/\/hyperbate.fr\/legendefamiliale\/wp-json\/wp\/v2\/posts"}],"about":[{"href":"https:\/\/hyperbate.fr\/legendefamiliale\/wp-json\/wp\/v2\/types\/post"}],"author":[{"embeddable":true,"href":"https:\/\/hyperbate.fr\/legendefamiliale\/wp-json\/wp\/v2\/users\/1"}],"replies":[{"embeddable":true,"href":"https:\/\/hyperbate.fr\/legendefamiliale\/wp-json\/wp\/v2\/comments?post=20"}],"version-history":[{"count":3,"href":"https:\/\/hyperbate.fr\/legendefamiliale\/wp-json\/wp\/v2\/posts\/20\/revisions"}],"predecessor-version":[{"id":137,"href":"https:\/\/hyperbate.fr\/legendefamiliale\/wp-json\/wp\/v2\/posts\/20\/revisions\/137"}],"wp:attachment":[{"href":"https:\/\/hyperbate.fr\/legendefamiliale\/wp-json\/wp\/v2\/media?parent=20"}],"wp:term":[{"taxonomy":"category","embeddable":true,"href":"https:\/\/hyperbate.fr\/legendefamiliale\/wp-json\/wp\/v2\/categories?post=20"},{"taxonomy":"post_tag","embeddable":true,"href":"https:\/\/hyperbate.fr\/legendefamiliale\/wp-json\/wp\/v2\/tags?post=20"}],"curies":[{"name":"wp","href":"https:\/\/api.w.org\/{rel}","templated":true}]}}