{"id":18,"date":"2017-07-20T09:51:31","date_gmt":"2017-07-20T07:51:31","guid":{"rendered":"http:\/\/hyperbate.fr\/legendefamilale\/?p=18"},"modified":"2017-07-20T09:51:31","modified_gmt":"2017-07-20T07:51:31","slug":"people","status":"publish","type":"post","link":"https:\/\/hyperbate.fr\/legendefamiliale\/2017\/07\/20\/people\/","title":{"rendered":"People"},"content":{"rendered":"<p>Andr\u00e9 a interview\u00e9 Walt Disney et Alfred Hitchcock, mais ce qui m&rsquo;a le plus impressionn\u00e9 de toutes ses anecdotes \u00ab\u00a0people\u00a0\u00bb, c&rsquo;est de savoir qu&rsquo;il a un jour raccompagn\u00e9 Audrey Hepburn dans sa 4L ; qu&rsquo;il a \u00e9t\u00e9 bon camarade d&rsquo;Alain Saint-Ogan (dont il avait lu, enfant, les bandes dessin\u00e9es, et qu&rsquo;il a retrouv\u00e9 plus tard au Parisien) ; et enfin, qu&rsquo;il a c\u00f4toy\u00e9 Henri Jeanson<sup><a href=\"#footnote_1_18\" id=\"identifier_1_18\" class=\"footnote-link footnote-identifier-link\" title=\"Henri Jeanson est un des deux grands dialoguistes du &laquo;&nbsp;R&eacute;alisme po&eacute;tique&nbsp;&raquo;, l&rsquo;autre &eacute;tant Jacques Pr&eacute;vert. On doit &agrave; Henri Jeanson les dialogues d&rsquo;Entr&eacute;e des artistes, H&ocirc;tel du Nord ou encore P&eacute;p&eacute; le Moko.\">1<\/a><\/sup> lorsque tous deux collaboraient, avant-guerre, au journal pacifiste <em>La Patrie Humaine<\/em>.<\/p>\n<ol class=\"footnotes\"><li id=\"footnote_1_18\" class=\"footnote\">Henri Jeanson est un des deux grands dialoguistes du \u00ab\u00a0R\u00e9alisme po\u00e9tique\u00a0\u00bb, l&rsquo;autre \u00e9tant Jacques Pr\u00e9vert. On doit \u00e0 Henri Jeanson les dialogues d&rsquo;<em>Entr\u00e9e des artistes<\/em>, <em>H\u00f4tel du Nord<\/em> ou encore <em>P\u00e9p\u00e9 le Moko<\/em>. <span class=\"footnote-back-link-wrapper\"> [<a href=\"#identifier_1_18\" class=\"footnote-link footnote-back-link\">&#8617;<\/a>]<\/span><\/li><\/ol>","protected":false},"excerpt":{"rendered":"<p>Andr\u00e9 a interview\u00e9 Walt Disney et Alfred Hitchcock, mais ce qui m&rsquo;a le plus impressionn\u00e9 de toutes ses anecdotes \u00ab\u00a0people\u00a0\u00bb, c&rsquo;est de savoir qu&rsquo;il a un jour raccompagn\u00e9 Audrey Hepburn dans sa 4L ; qu&rsquo;il a \u00e9t\u00e9 bon camarade d&rsquo;Alain Saint-Ogan (dont il avait lu, enfant, les bandes dessin\u00e9es, et qu&rsquo;il a retrouv\u00e9 plus tard &hellip; <a href=\"https:\/\/hyperbate.fr\/legendefamiliale\/2017\/07\/20\/people\/\" class=\"more-link\">Continuer la lecture de <span class=\"screen-reader-text\">People<\/span> <span class=\"meta-nav\">&rarr;<\/span><\/a><\/p>\n","protected":false},"author":1,"featured_media":0,"comment_status":"open","ping_status":"open","sticky":false,"template":"","format":"standard","meta":{"footnotes":""},"categories":[1],"tags":[],"class_list":["post-18","post","type-post","status-publish","format-standard","hentry","category-non-classe"],"_links":{"self":[{"href":"https:\/\/hyperbate.fr\/legendefamiliale\/wp-json\/wp\/v2\/posts\/18","targetHints":{"allow":["GET"]}}],"collection":[{"href":"https:\/\/hyperbate.fr\/legendefamiliale\/wp-json\/wp\/v2\/posts"}],"about":[{"href":"https:\/\/hyperbate.fr\/legendefamiliale\/wp-json\/wp\/v2\/types\/post"}],"author":[{"embeddable":true,"href":"https:\/\/hyperbate.fr\/legendefamiliale\/wp-json\/wp\/v2\/users\/1"}],"replies":[{"embeddable":true,"href":"https:\/\/hyperbate.fr\/legendefamiliale\/wp-json\/wp\/v2\/comments?post=18"}],"version-history":[{"count":2,"href":"https:\/\/hyperbate.fr\/legendefamiliale\/wp-json\/wp\/v2\/posts\/18\/revisions"}],"predecessor-version":[{"id":43,"href":"https:\/\/hyperbate.fr\/legendefamiliale\/wp-json\/wp\/v2\/posts\/18\/revisions\/43"}],"wp:attachment":[{"href":"https:\/\/hyperbate.fr\/legendefamiliale\/wp-json\/wp\/v2\/media?parent=18"}],"wp:term":[{"taxonomy":"category","embeddable":true,"href":"https:\/\/hyperbate.fr\/legendefamiliale\/wp-json\/wp\/v2\/categories?post=18"},{"taxonomy":"post_tag","embeddable":true,"href":"https:\/\/hyperbate.fr\/legendefamiliale\/wp-json\/wp\/v2\/tags?post=18"}],"curies":[{"name":"wp","href":"https:\/\/api.w.org\/{rel}","templated":true}]}}