{"id":14,"date":"2017-07-20T10:51:46","date_gmt":"2017-07-20T08:51:46","guid":{"rendered":"http:\/\/hyperbate.fr\/legendefamilale\/?p=14"},"modified":"2017-09-18T17:15:21","modified_gmt":"2017-09-18T15:15:21","slug":"raconter-sa-vie-avec-les-mots-des-autres","status":"publish","type":"post","link":"https:\/\/hyperbate.fr\/legendefamiliale\/2017\/07\/20\/raconter-sa-vie-avec-les-mots-des-autres\/","title":{"rendered":"Raconter sa vie avec les mots des autres"},"content":{"rendered":"<p>Andr\u00e9 ne parlait pas des camps. Je me souviens n\u00e9anmoins de deux anecdotes : les retrouvailles avec un Yougoslave, dans une auberge d&rsquo;un village compl\u00e8tement perdu des Balkans qui l&rsquo;avait fix\u00e9 avec un air poss\u00e9d\u00e9 pendant un long temps puis s&rsquo;\u00e9tait approch\u00e9 de lui et s&rsquo;\u00e9tait exclam\u00e9 : <em>\u00ab\u00a0Matthausen !\u00a0\u00bb<\/em>. En d\u00e9tention, ils ne s&rsquo;\u00e9taient jamais parl\u00e9.<br \/>\nIl a racont\u00e9 aussi une fois l&rsquo;histoire d&rsquo;un prisonnier ex\u00e9cut\u00e9 par un chien. Tous ses co-d\u00e9tenus avaient \u00e9t\u00e9 forc\u00e9s de le regarder se faire d\u00e9chiqueter. Il faisait un froid glacial et chacun n&rsquo;esp\u00e9rait qu&rsquo;une chose : que la mort de leur camarade soit rapide pour qu&rsquo;ils puissent retourner \u00e0 l&rsquo;abri. Trop \u00e9puis\u00e9s pour plaindre celui qui \u00e9tait en train d&rsquo;\u00eatre tu\u00e9 devant leurs yeux : le genre d&rsquo;\u00e9pisode qui fait douter de sa propre humanit\u00e9. Ce qui m&rsquo;a frapp\u00e9 dans cette histoire, c&rsquo;est que pour la raconter, Andr\u00e9 s&rsquo;est saisi d&rsquo;un pr\u00e9texte : un autre d\u00e9tenu, lui aussi survivant, venait de publier un roman o\u00f9 il racontait cette m\u00eame histoire. C&rsquo;est comme si pour Andr\u00e9 le roman \u00e9crit par un autre permettait de parler, peut-\u00eatre de cr\u00e9er un peu de distance.<\/p>\n","protected":false},"excerpt":{"rendered":"<p>Andr\u00e9 ne parlait pas des camps. Je me souviens n\u00e9anmoins de deux anecdotes : les retrouvailles avec un Yougoslave, dans une auberge d&rsquo;un village compl\u00e8tement perdu des Balkans qui l&rsquo;avait fix\u00e9 avec un air poss\u00e9d\u00e9 pendant un long temps puis s&rsquo;\u00e9tait approch\u00e9 de lui et s&rsquo;\u00e9tait exclam\u00e9 : \u00ab\u00a0Matthausen !\u00a0\u00bb. En d\u00e9tention, ils ne s&rsquo;\u00e9taient &hellip; <a href=\"https:\/\/hyperbate.fr\/legendefamiliale\/2017\/07\/20\/raconter-sa-vie-avec-les-mots-des-autres\/\" class=\"more-link\">Continuer la lecture de <span class=\"screen-reader-text\">Raconter sa vie avec les mots des autres<\/span> <span class=\"meta-nav\">&rarr;<\/span><\/a><\/p>\n","protected":false},"author":1,"featured_media":0,"comment_status":"open","ping_status":"open","sticky":false,"template":"","format":"standard","meta":{"footnotes":""},"categories":[11,3],"tags":[],"class_list":["post-14","post","type-post","status-publish","format-standard","hentry","category-andre-lafargue","category-guerre"],"_links":{"self":[{"href":"https:\/\/hyperbate.fr\/legendefamiliale\/wp-json\/wp\/v2\/posts\/14","targetHints":{"allow":["GET"]}}],"collection":[{"href":"https:\/\/hyperbate.fr\/legendefamiliale\/wp-json\/wp\/v2\/posts"}],"about":[{"href":"https:\/\/hyperbate.fr\/legendefamiliale\/wp-json\/wp\/v2\/types\/post"}],"author":[{"embeddable":true,"href":"https:\/\/hyperbate.fr\/legendefamiliale\/wp-json\/wp\/v2\/users\/1"}],"replies":[{"embeddable":true,"href":"https:\/\/hyperbate.fr\/legendefamiliale\/wp-json\/wp\/v2\/comments?post=14"}],"version-history":[{"count":3,"href":"https:\/\/hyperbate.fr\/legendefamiliale\/wp-json\/wp\/v2\/posts\/14\/revisions"}],"predecessor-version":[{"id":70,"href":"https:\/\/hyperbate.fr\/legendefamiliale\/wp-json\/wp\/v2\/posts\/14\/revisions\/70"}],"wp:attachment":[{"href":"https:\/\/hyperbate.fr\/legendefamiliale\/wp-json\/wp\/v2\/media?parent=14"}],"wp:term":[{"taxonomy":"category","embeddable":true,"href":"https:\/\/hyperbate.fr\/legendefamiliale\/wp-json\/wp\/v2\/categories?post=14"},{"taxonomy":"post_tag","embeddable":true,"href":"https:\/\/hyperbate.fr\/legendefamiliale\/wp-json\/wp\/v2\/tags?post=14"}],"curies":[{"name":"wp","href":"https:\/\/api.w.org\/{rel}","templated":true}]}}