{"id":130,"date":"2017-07-31T12:58:10","date_gmt":"2017-07-31T10:58:10","guid":{"rendered":"http:\/\/hyperbate.fr\/legendefamilale\/?p=130"},"modified":"2017-07-31T12:59:05","modified_gmt":"2017-07-31T10:59:05","slug":"felix-feneon","status":"publish","type":"post","link":"https:\/\/hyperbate.fr\/legendefamiliale\/2017\/07\/31\/felix-feneon\/","title":{"rendered":"Le cadeau de F\u00e9lix F\u00e9n\u00e9on"},"content":{"rendered":"<p>Un jour, Andr\u00e9 est all\u00e9 avec ses parents voir un de leurs amis, le critique d&rsquo;art F\u00e9lix F\u00e9n\u00e9on. Ce dernier ayant trouv\u00e9 l&rsquo;adolescent sympathique, lui a offert une pochade peinte par Georges Seurat. Mais d\u00e9j\u00e0 \u00e0 l&rsquo;\u00e9poque, le cadeau semblait excessif et mes arri\u00e8re-grands parents ont fronc\u00e9 du sourcil pour qu&rsquo;Andr\u00e9 refuse poliment, ce qu&rsquo;il a fait, non sans regrets, car il trouvait la peinture belle. J&rsquo;ignore de quelle peinture celle-ci \u00e9tait l&rsquo;esquisse.<\/p>\n<figure id=\"attachment_131\" aria-describedby=\"caption-attachment-131\" style=\"width: 640px\" class=\"wp-caption aligncenter\"><img decoding=\"async\" class=\"wp-image-131 size-full\" src=\"https:\/\/hyperbate.fr\/legendefamilale\/files\/2017\/07\/feneon_par_valotton.jpg\" alt=\"\" width=\"640\" height=\"516\" srcset=\"https:\/\/hyperbate.fr\/legendefamiliale\/files\/2017\/07\/feneon_par_valotton.jpg 640w, https:\/\/hyperbate.fr\/legendefamiliale\/files\/2017\/07\/feneon_par_valotton-300x242.jpg 300w\" sizes=\"(max-width: 640px) 100vw, 640px\" \/><figcaption id=\"caption-attachment-131\" class=\"wp-caption-text\">F\u00e9lix F\u00e9n\u00e9on, par F\u00e9lix Vallotton (1896)<\/figcaption><\/figure>\n<p>(histoire que m&rsquo;a racont\u00e9 mon grand-p\u00e8re il y a quelques ann\u00e9es)<\/p>\n","protected":false},"excerpt":{"rendered":"<p>Un jour, Andr\u00e9 est all\u00e9 avec ses parents voir un de leurs amis, le critique d&rsquo;art F\u00e9lix F\u00e9n\u00e9on. Ce dernier ayant trouv\u00e9 l&rsquo;adolescent sympathique, lui a offert une pochade peinte par Georges Seurat. Mais d\u00e9j\u00e0 \u00e0 l&rsquo;\u00e9poque, le cadeau semblait excessif et mes arri\u00e8re-grands parents ont fronc\u00e9 du sourcil pour qu&rsquo;Andr\u00e9 refuse poliment, ce qu&rsquo;il &hellip; <a href=\"https:\/\/hyperbate.fr\/legendefamiliale\/2017\/07\/31\/felix-feneon\/\" class=\"more-link\">Continuer la lecture de <span class=\"screen-reader-text\">Le cadeau de F\u00e9lix F\u00e9n\u00e9on<\/span> <span class=\"meta-nav\">&rarr;<\/span><\/a><\/p>\n","protected":false},"author":1,"featured_media":0,"comment_status":"open","ping_status":"open","sticky":false,"template":"","format":"standard","meta":{"footnotes":""},"categories":[6],"tags":[],"class_list":["post-130","post","type-post","status-publish","format-standard","hentry","category-entre-deux-guerres"],"_links":{"self":[{"href":"https:\/\/hyperbate.fr\/legendefamiliale\/wp-json\/wp\/v2\/posts\/130","targetHints":{"allow":["GET"]}}],"collection":[{"href":"https:\/\/hyperbate.fr\/legendefamiliale\/wp-json\/wp\/v2\/posts"}],"about":[{"href":"https:\/\/hyperbate.fr\/legendefamiliale\/wp-json\/wp\/v2\/types\/post"}],"author":[{"embeddable":true,"href":"https:\/\/hyperbate.fr\/legendefamiliale\/wp-json\/wp\/v2\/users\/1"}],"replies":[{"embeddable":true,"href":"https:\/\/hyperbate.fr\/legendefamiliale\/wp-json\/wp\/v2\/comments?post=130"}],"version-history":[{"count":3,"href":"https:\/\/hyperbate.fr\/legendefamiliale\/wp-json\/wp\/v2\/posts\/130\/revisions"}],"predecessor-version":[{"id":135,"href":"https:\/\/hyperbate.fr\/legendefamiliale\/wp-json\/wp\/v2\/posts\/130\/revisions\/135"}],"wp:attachment":[{"href":"https:\/\/hyperbate.fr\/legendefamiliale\/wp-json\/wp\/v2\/media?parent=130"}],"wp:term":[{"taxonomy":"category","embeddable":true,"href":"https:\/\/hyperbate.fr\/legendefamiliale\/wp-json\/wp\/v2\/categories?post=130"},{"taxonomy":"post_tag","embeddable":true,"href":"https:\/\/hyperbate.fr\/legendefamiliale\/wp-json\/wp\/v2\/tags?post=130"}],"curies":[{"name":"wp","href":"https:\/\/api.w.org\/{rel}","templated":true}]}}