{"id":12,"date":"2017-07-20T11:23:20","date_gmt":"2017-07-20T09:23:20","guid":{"rendered":"http:\/\/hyperbate.fr\/legendefamilale\/?p=12"},"modified":"2017-09-18T17:15:38","modified_gmt":"2017-09-18T15:15:38","slug":"le-silence-de-la-mer","status":"publish","type":"post","link":"https:\/\/hyperbate.fr\/legendefamiliale\/2017\/07\/20\/le-silence-de-la-mer\/","title":{"rendered":"Le Silence de la mer"},"content":{"rendered":"<p>Andr\u00e9 m&rsquo;a racont\u00e9 que, pendant la guerre, il avait clandestinement diffus\u00e9 <em>Le silence de la mer<\/em>, sign\u00e9 Vercors, un texte qui pr\u00e9sentait les Allemands comme des \u00eatres humains sans pour autant c\u00e9der une once d&rsquo;opposition au nazisme : il ne s&rsquo;agissait pas juste d&rsquo;\u00eatre contre les \u00ab\u00a0shleus\u00a0\u00bb, mais bien de chercher leur humanit\u00e9 pour mieux rejeter le syst\u00e8me. Andr\u00e9 avait fait partie du journal pacifiste int\u00e9gral <em>La Patrie Humaine<\/em> et cette vision des choses s&rsquo;accordait \u00e0 sa vision politique humaniste. Vercors, qui \u00e9tait adolescent pendant la Grande Guerre \u00e9tait pacifiste aussi. Ce n&rsquo;est qu&rsquo;apr\u00e8s guerre qu&rsquo;il a d\u00e9couvert que l&rsquo;auteur n&rsquo;\u00e9tait autre que son ami Jean Bruller : <em>\u00ab\u00a0nous habitions ensemble et aucun ne savait que l&rsquo;autre \u00e9tait dans la R\u00e9sistance !\u00a0\u00bb<\/em>.<\/p>\n<p><img decoding=\"async\" class=\"aligncenter size-full wp-image-113\" src=\"https:\/\/hyperbate.fr\/legendefamilale\/files\/2017\/07\/lesilencedelamer.jpg\" alt=\"\" width=\"450\" height=\"598\" srcset=\"https:\/\/hyperbate.fr\/legendefamiliale\/files\/2017\/07\/lesilencedelamer.jpg 450w, https:\/\/hyperbate.fr\/legendefamiliale\/files\/2017\/07\/lesilencedelamer-226x300.jpg 226w\" sizes=\"(max-width: 450px) 100vw, 450px\" \/><\/p>\n<p>\u00c0 ce sujet, j&rsquo;ai un jour parl\u00e9 \u00e0 Andr\u00e9 du dogme de l&rsquo;organisation de la R\u00e9sistance qui voulait que chaque agent de l&rsquo;arm\u00e9e secr\u00e8te n&rsquo;\u00e9tait connu (en tout cas sous son vrai nom) que par un ou deux contacts (j&rsquo;ai oubli\u00e9), afin de limiter les d\u00e9g\u00e2ts s&rsquo;il venait \u00e0 \u00eatre pris et se mettait \u00e0 parler. Il m&rsquo;a r\u00e9pondu que c&rsquo;\u00e9tait la th\u00e9orie, mais que la R\u00e9sistance n&rsquo;aurait pas exist\u00e9 si cette th\u00e9orie avait \u00e9t\u00e9 respect\u00e9e \u00e0 la lettre.<\/p>\n","protected":false},"excerpt":{"rendered":"<p>Andr\u00e9 m&rsquo;a racont\u00e9 que, pendant la guerre, il avait clandestinement diffus\u00e9 Le silence de la mer, sign\u00e9 Vercors, un texte qui pr\u00e9sentait les Allemands comme des \u00eatres humains sans pour autant c\u00e9der une once d&rsquo;opposition au nazisme : il ne s&rsquo;agissait pas juste d&rsquo;\u00eatre contre les \u00ab\u00a0shleus\u00a0\u00bb, mais bien de chercher leur humanit\u00e9 pour mieux &hellip; <a href=\"https:\/\/hyperbate.fr\/legendefamiliale\/2017\/07\/20\/le-silence-de-la-mer\/\" class=\"more-link\">Continuer la lecture de <span class=\"screen-reader-text\">Le Silence de la mer<\/span> <span class=\"meta-nav\">&rarr;<\/span><\/a><\/p>\n","protected":false},"author":1,"featured_media":0,"comment_status":"open","ping_status":"open","sticky":false,"template":"","format":"standard","meta":{"footnotes":""},"categories":[11,3],"tags":[],"class_list":["post-12","post","type-post","status-publish","format-standard","hentry","category-andre-lafargue","category-guerre"],"_links":{"self":[{"href":"https:\/\/hyperbate.fr\/legendefamiliale\/wp-json\/wp\/v2\/posts\/12","targetHints":{"allow":["GET"]}}],"collection":[{"href":"https:\/\/hyperbate.fr\/legendefamiliale\/wp-json\/wp\/v2\/posts"}],"about":[{"href":"https:\/\/hyperbate.fr\/legendefamiliale\/wp-json\/wp\/v2\/types\/post"}],"author":[{"embeddable":true,"href":"https:\/\/hyperbate.fr\/legendefamiliale\/wp-json\/wp\/v2\/users\/1"}],"replies":[{"embeddable":true,"href":"https:\/\/hyperbate.fr\/legendefamiliale\/wp-json\/wp\/v2\/comments?post=12"}],"version-history":[{"count":3,"href":"https:\/\/hyperbate.fr\/legendefamiliale\/wp-json\/wp\/v2\/posts\/12\/revisions"}],"predecessor-version":[{"id":114,"href":"https:\/\/hyperbate.fr\/legendefamiliale\/wp-json\/wp\/v2\/posts\/12\/revisions\/114"}],"wp:attachment":[{"href":"https:\/\/hyperbate.fr\/legendefamiliale\/wp-json\/wp\/v2\/media?parent=12"}],"wp:term":[{"taxonomy":"category","embeddable":true,"href":"https:\/\/hyperbate.fr\/legendefamiliale\/wp-json\/wp\/v2\/categories?post=12"},{"taxonomy":"post_tag","embeddable":true,"href":"https:\/\/hyperbate.fr\/legendefamiliale\/wp-json\/wp\/v2\/tags?post=12"}],"curies":[{"name":"wp","href":"https:\/\/api.w.org\/{rel}","templated":true}]}}