{"id":119,"date":"2017-07-21T09:59:44","date_gmt":"2017-07-21T07:59:44","guid":{"rendered":"http:\/\/hyperbate.fr\/legendefamilale\/?p=119"},"modified":"2017-07-21T09:59:44","modified_gmt":"2017-07-21T07:59:44","slug":"florence-chamier-deschamps-et-jean-lafargue","status":"publish","type":"post","link":"https:\/\/hyperbate.fr\/legendefamiliale\/2017\/07\/21\/florence-chamier-deschamps-et-jean-lafargue\/","title":{"rendered":"Florence Chamier-Deschamps et Jean Lafargue"},"content":{"rendered":"<p>La photo ci-dessous a \u00e9t\u00e9 prise pendant la grande guerre. On y voit Jean Lafargue (1884-1974), Florence Chamier (1884-1972), et leur enfant Claude, leur fils a\u00een\u00e9 et fr\u00e8re de mon grand-p\u00e8re Andr\u00e9.<\/p>\n<p><img decoding=\"async\" class=\"aligncenter size-full wp-image-120\" src=\"https:\/\/hyperbate.fr\/legendefamilale\/files\/2017\/07\/jean_florence_claude_lafargue.jpg\" alt=\"\" width=\"610\" height=\"610\" srcset=\"https:\/\/hyperbate.fr\/legendefamiliale\/files\/2017\/07\/jean_florence_claude_lafargue.jpg 610w, https:\/\/hyperbate.fr\/legendefamiliale\/files\/2017\/07\/jean_florence_claude_lafargue-150x150.jpg 150w, https:\/\/hyperbate.fr\/legendefamiliale\/files\/2017\/07\/jean_florence_claude_lafargue-300x300.jpg 300w\" sizes=\"(max-width: 610px) 100vw, 610px\" \/><\/p>\n<p>Florence \u00e9tait britannique, Jean (qui se pr\u00e9nommait en r\u00e9alit\u00e9 Pierre) \u00e9tait issu d&rsquo;une famille charentaise. Je reparlerai de l&rsquo;un et de l&rsquo;autre plus tard.<br \/>\nSur la photo qui suit, Florence et Jean se trouvent dans le jardin de la maison familiale o\u00f9 j&rsquo;ai grandi et o\u00f9 je vis aujourd&rsquo;hui encore.<\/p>\n<p><img decoding=\"async\" class=\"aligncenter size-full wp-image-122\" src=\"https:\/\/hyperbate.fr\/legendefamilale\/files\/2017\/07\/florence_jean_lafargueNB.jpg\" alt=\"\" width=\"792\" height=\"792\" srcset=\"https:\/\/hyperbate.fr\/legendefamiliale\/files\/2017\/07\/florence_jean_lafargueNB.jpg 792w, https:\/\/hyperbate.fr\/legendefamiliale\/files\/2017\/07\/florence_jean_lafargueNB-150x150.jpg 150w, https:\/\/hyperbate.fr\/legendefamiliale\/files\/2017\/07\/florence_jean_lafargueNB-300x300.jpg 300w, https:\/\/hyperbate.fr\/legendefamiliale\/files\/2017\/07\/florence_jean_lafargueNB-768x768.jpg 768w\" sizes=\"(max-width: 792px) 100vw, 792px\" \/><\/p>\n<p>Alors qu&rsquo;ils approchaient tous deux les quatre vingt dix ans, Florence s&rsquo;est cass\u00e9 le col du f\u00e9mur. Elle n&rsquo;a pas surv\u00e9cu longtemps, et Jean, pourtant en parfaite sant\u00e9, l&rsquo;a suivie dans la tombe un an plus tard : <em>\u00ab\u00a0mort de chagrin\u00a0\u00bb<\/em>.<\/p>\n","protected":false},"excerpt":{"rendered":"<p>La photo ci-dessous a \u00e9t\u00e9 prise pendant la grande guerre. On y voit Jean Lafargue (1884-1974), Florence Chamier (1884-1972), et leur enfant Claude, leur fils a\u00een\u00e9 et fr\u00e8re de mon grand-p\u00e8re Andr\u00e9. Florence \u00e9tait britannique, Jean (qui se pr\u00e9nommait en r\u00e9alit\u00e9 Pierre) \u00e9tait issu d&rsquo;une famille charentaise. Je reparlerai de l&rsquo;un et de l&rsquo;autre plus &hellip; <a href=\"https:\/\/hyperbate.fr\/legendefamiliale\/2017\/07\/21\/florence-chamier-deschamps-et-jean-lafargue\/\" class=\"more-link\">Continuer la lecture de <span class=\"screen-reader-text\">Florence Chamier-Deschamps et Jean Lafargue<\/span> <span class=\"meta-nav\">&rarr;<\/span><\/a><\/p>\n","protected":false},"author":1,"featured_media":0,"comment_status":"open","ping_status":"open","sticky":false,"template":"","format":"standard","meta":{"footnotes":""},"categories":[5],"tags":[],"class_list":["post-119","post","type-post","status-publish","format-standard","hentry","category-genealogie"],"_links":{"self":[{"href":"https:\/\/hyperbate.fr\/legendefamiliale\/wp-json\/wp\/v2\/posts\/119","targetHints":{"allow":["GET"]}}],"collection":[{"href":"https:\/\/hyperbate.fr\/legendefamiliale\/wp-json\/wp\/v2\/posts"}],"about":[{"href":"https:\/\/hyperbate.fr\/legendefamiliale\/wp-json\/wp\/v2\/types\/post"}],"author":[{"embeddable":true,"href":"https:\/\/hyperbate.fr\/legendefamiliale\/wp-json\/wp\/v2\/users\/1"}],"replies":[{"embeddable":true,"href":"https:\/\/hyperbate.fr\/legendefamiliale\/wp-json\/wp\/v2\/comments?post=119"}],"version-history":[{"count":1,"href":"https:\/\/hyperbate.fr\/legendefamiliale\/wp-json\/wp\/v2\/posts\/119\/revisions"}],"predecessor-version":[{"id":123,"href":"https:\/\/hyperbate.fr\/legendefamiliale\/wp-json\/wp\/v2\/posts\/119\/revisions\/123"}],"wp:attachment":[{"href":"https:\/\/hyperbate.fr\/legendefamiliale\/wp-json\/wp\/v2\/media?parent=119"}],"wp:term":[{"taxonomy":"category","embeddable":true,"href":"https:\/\/hyperbate.fr\/legendefamiliale\/wp-json\/wp\/v2\/categories?post=119"},{"taxonomy":"post_tag","embeddable":true,"href":"https:\/\/hyperbate.fr\/legendefamiliale\/wp-json\/wp\/v2\/tags?post=119"}],"curies":[{"name":"wp","href":"https:\/\/api.w.org\/{rel}","templated":true}]}}