{"id":115,"date":"2017-07-21T09:37:41","date_gmt":"2017-07-21T07:37:41","guid":{"rendered":"http:\/\/hyperbate.fr\/legendefamilale\/?p=115"},"modified":"2017-07-21T09:37:41","modified_gmt":"2017-07-21T07:37:41","slug":"la-peur-davoir-des-enfants","status":"publish","type":"post","link":"https:\/\/hyperbate.fr\/legendefamiliale\/2017\/07\/21\/la-peur-davoir-des-enfants\/","title":{"rendered":"La peur d&rsquo;avoir des enfants"},"content":{"rendered":"<p>Andr\u00e9 me disait un jour que lui et son \u00e9pouse Ameyna ne voulaient pas avoir d&rsquo;enfants, de peur que ces derniers soient, je le cite\u00a0<em>\u00ab\u00a0anormaux\u00a0\u00bb<\/em>.\u00a0Aucun ant\u00e9c\u00e9dent familial particulier derri\u00e8re cette crainte, juste l&rsquo;air du temps hygi\u00e9niste et eug\u00e9niste, qui a donn\u00e9 Alexis Carel, les fr\u00e8res Aldous et Julian Huxley, et bien entendu, le Nazisme.<\/p>\n<p><img decoding=\"async\" class=\"aligncenter size-full wp-image-116\" src=\"https:\/\/hyperbate.fr\/legendefamilale\/files\/2017\/07\/Mariage-Ameyna-Andr\u00e9-Lafargue-1935.jpg\" alt=\"\" width=\"372\" height=\"531\" srcset=\"https:\/\/hyperbate.fr\/legendefamiliale\/files\/2017\/07\/Mariage-Ameyna-Andr\u00e9-Lafargue-1935.jpg 372w, https:\/\/hyperbate.fr\/legendefamiliale\/files\/2017\/07\/Mariage-Ameyna-Andr\u00e9-Lafargue-1935-210x300.jpg 210w\" sizes=\"(max-width: 372px) 100vw, 372px\" \/><\/p>\n<p>Na\u00eetront tout de m\u00eame Daniel, mon p\u00e8re, en 1943, et sa s\u0153ur Jacqueline, en 1948.<\/p>\n","protected":false},"excerpt":{"rendered":"<p>Andr\u00e9 me disait un jour que lui et son \u00e9pouse Ameyna ne voulaient pas avoir d&rsquo;enfants, de peur que ces derniers soient, je le cite\u00a0\u00ab\u00a0anormaux\u00a0\u00bb.\u00a0Aucun ant\u00e9c\u00e9dent familial particulier derri\u00e8re cette crainte, juste l&rsquo;air du temps hygi\u00e9niste et eug\u00e9niste, qui a donn\u00e9 Alexis Carel, les fr\u00e8res Aldous et Julian Huxley, et bien entendu, le Nazisme. Na\u00eetront &hellip; <a href=\"https:\/\/hyperbate.fr\/legendefamiliale\/2017\/07\/21\/la-peur-davoir-des-enfants\/\" class=\"more-link\">Continuer la lecture de <span class=\"screen-reader-text\">La peur d&rsquo;avoir des enfants<\/span> <span class=\"meta-nav\">&rarr;<\/span><\/a><\/p>\n","protected":false},"author":1,"featured_media":0,"comment_status":"open","ping_status":"open","sticky":false,"template":"","format":"standard","meta":{"footnotes":""},"categories":[5],"tags":[],"class_list":["post-115","post","type-post","status-publish","format-standard","hentry","category-genealogie"],"_links":{"self":[{"href":"https:\/\/hyperbate.fr\/legendefamiliale\/wp-json\/wp\/v2\/posts\/115","targetHints":{"allow":["GET"]}}],"collection":[{"href":"https:\/\/hyperbate.fr\/legendefamiliale\/wp-json\/wp\/v2\/posts"}],"about":[{"href":"https:\/\/hyperbate.fr\/legendefamiliale\/wp-json\/wp\/v2\/types\/post"}],"author":[{"embeddable":true,"href":"https:\/\/hyperbate.fr\/legendefamiliale\/wp-json\/wp\/v2\/users\/1"}],"replies":[{"embeddable":true,"href":"https:\/\/hyperbate.fr\/legendefamiliale\/wp-json\/wp\/v2\/comments?post=115"}],"version-history":[{"count":2,"href":"https:\/\/hyperbate.fr\/legendefamiliale\/wp-json\/wp\/v2\/posts\/115\/revisions"}],"predecessor-version":[{"id":118,"href":"https:\/\/hyperbate.fr\/legendefamiliale\/wp-json\/wp\/v2\/posts\/115\/revisions\/118"}],"wp:attachment":[{"href":"https:\/\/hyperbate.fr\/legendefamiliale\/wp-json\/wp\/v2\/media?parent=115"}],"wp:term":[{"taxonomy":"category","embeddable":true,"href":"https:\/\/hyperbate.fr\/legendefamiliale\/wp-json\/wp\/v2\/categories?post=115"},{"taxonomy":"post_tag","embeddable":true,"href":"https:\/\/hyperbate.fr\/legendefamiliale\/wp-json\/wp\/v2\/tags?post=115"}],"curies":[{"name":"wp","href":"https:\/\/api.w.org\/{rel}","templated":true}]}}