{"id":1065,"date":"2026-02-26T13:50:14","date_gmt":"2026-02-26T12:50:14","guid":{"rendered":"https:\/\/hyperbate.fr\/legendefamiliale\/?p=1065"},"modified":"2026-02-26T13:50:41","modified_gmt":"2026-02-26T12:50:41","slug":"nous-sommes-restes-dans-notre-wagon","status":"publish","type":"post","link":"https:\/\/hyperbate.fr\/legendefamiliale\/2026\/02\/26\/nous-sommes-restes-dans-notre-wagon\/","title":{"rendered":"Nous sommes rest\u00e9s dans notre wagon"},"content":{"rendered":"\n<p>Andr\u00e9 Lafargue n&rsquo;\u00e9voquait que tr\u00e8s \u00e9pisodiquement les camps o\u00f9 il a \u00e9t\u00e9 d\u00e9port\u00e9 (Buchenwald, Mauthausen, Ebensee). Si cela venait dans la conversation, c&rsquo;\u00e9tait pour une anecdote, une co\u00efncidence, comme la fois o\u00f9, dans une auberge perdue du fin fond de la Yougoslavie il a retrouv\u00e9 un ancien camarade de d\u00e9tention.<br>La raison de ce silence, il la donne dans ce texte, <a href=\"https:\/\/campmauthausen.org\/wp-content\/uploads\/2013\/07\/MAUTHAUSEN-123.pdf\" data-type=\"link\" data-id=\"https:\/\/campmauthausen.org\/wp-content\/uploads\/2013\/07\/MAUTHAUSEN-123.pdf\" target=\"_blank\" rel=\"noreferrer noopener\">publi\u00e9 dans le bulletin de l&rsquo;Amicale de Mauthausen, en juin 1965<\/a>\u00a0: <em>\u00ab La sympathie et l&rsquo;incompr\u00e9hension dont ils firent preuve \u00e0 notre \u00e9gard, je devais la retrouver ensuite aupr\u00e8s de tous ceux qui n&rsquo;avaient pas \u00e9t\u00e9 d\u00e9port\u00e9s. Il n&rsquo;y a pas \u00e0 leur en vouloir\u202f; c&rsquo;est \u00e0 nous de les comprendre. Car eux ne nous comprendront jamais \u00bb<\/em>.<\/p>\n\n\n\n<figure class=\"wp-block-image size-full\"><img decoding=\"async\" width=\"539\" height=\"900\" src=\"https:\/\/hyperbate.fr\/legendefamiliale\/files\/2026\/02\/image.png\" alt=\"\" class=\"wp-image-1066\" srcset=\"https:\/\/hyperbate.fr\/legendefamiliale\/files\/2026\/02\/image.png 539w, https:\/\/hyperbate.fr\/legendefamiliale\/files\/2026\/02\/image-180x300.png 180w\" sizes=\"(max-width: 539px) 100vw, 539px\" \/><\/figure>\n\n\n\n<p>&#8230;Et de fait, les rares fois qu&rsquo;il a \u00e9crit sur le sujet, c&rsquo;\u00e9tait dans des publications telles que celle-ci, anim\u00e9es et lues par des gens qui avaient v\u00e9cu la m\u00eame chose que lui.<\/p>\n","protected":false},"excerpt":{"rendered":"<p>Andr\u00e9 Lafargue n&rsquo;\u00e9voquait que tr\u00e8s \u00e9pisodiquement les camps o\u00f9 il a \u00e9t\u00e9 d\u00e9port\u00e9 (Buchenwald, Mauthausen, Ebensee). Si cela venait dans la conversation, c&rsquo;\u00e9tait pour une anecdote, une co\u00efncidence, comme la fois o\u00f9, dans une auberge perdue du fin fond de la Yougoslavie il a retrouv\u00e9 un ancien camarade de d\u00e9tention.La raison de ce silence, il &hellip; <a href=\"https:\/\/hyperbate.fr\/legendefamiliale\/2026\/02\/26\/nous-sommes-restes-dans-notre-wagon\/\" class=\"more-link\">Continuer la lecture de <span class=\"screen-reader-text\">Nous sommes rest\u00e9s dans notre wagon<\/span> <span class=\"meta-nav\">&rarr;<\/span><\/a><\/p>\n","protected":false},"author":1,"featured_media":0,"comment_status":"open","ping_status":"open","sticky":false,"template":"","format":"standard","meta":{"footnotes":""},"categories":[11],"tags":[],"class_list":["post-1065","post","type-post","status-publish","format-standard","hentry","category-andre-lafargue"],"_links":{"self":[{"href":"https:\/\/hyperbate.fr\/legendefamiliale\/wp-json\/wp\/v2\/posts\/1065","targetHints":{"allow":["GET"]}}],"collection":[{"href":"https:\/\/hyperbate.fr\/legendefamiliale\/wp-json\/wp\/v2\/posts"}],"about":[{"href":"https:\/\/hyperbate.fr\/legendefamiliale\/wp-json\/wp\/v2\/types\/post"}],"author":[{"embeddable":true,"href":"https:\/\/hyperbate.fr\/legendefamiliale\/wp-json\/wp\/v2\/users\/1"}],"replies":[{"embeddable":true,"href":"https:\/\/hyperbate.fr\/legendefamiliale\/wp-json\/wp\/v2\/comments?post=1065"}],"version-history":[{"count":2,"href":"https:\/\/hyperbate.fr\/legendefamiliale\/wp-json\/wp\/v2\/posts\/1065\/revisions"}],"predecessor-version":[{"id":1068,"href":"https:\/\/hyperbate.fr\/legendefamiliale\/wp-json\/wp\/v2\/posts\/1065\/revisions\/1068"}],"wp:attachment":[{"href":"https:\/\/hyperbate.fr\/legendefamiliale\/wp-json\/wp\/v2\/media?parent=1065"}],"wp:term":[{"taxonomy":"category","embeddable":true,"href":"https:\/\/hyperbate.fr\/legendefamiliale\/wp-json\/wp\/v2\/categories?post=1065"},{"taxonomy":"post_tag","embeddable":true,"href":"https:\/\/hyperbate.fr\/legendefamiliale\/wp-json\/wp\/v2\/tags?post=1065"}],"curies":[{"name":"wp","href":"https:\/\/api.w.org\/{rel}","templated":true}]}}