{"id":927,"date":"2009-08-29T16:16:56","date_gmt":"2009-08-29T14:16:56","guid":{"rendered":"http:\/\/www.menagere-150ans.com\/blog\/?p=927"},"modified":"2013-03-19T23:12:11","modified_gmt":"2013-03-19T22:12:11","slug":"souvenirs-dete","status":"publish","type":"post","link":"https:\/\/hyperbate.fr\/homebook\/2009\/08\/29\/souvenirs-dete\/","title":{"rendered":"Souvenirs d&rsquo;\u00e9t\u00e9"},"content":{"rendered":"<p><img decoding=\"async\" class=\"alignnone size-full wp-image-928\" alt=\"\" src=\"https:\/\/hyperbate.fr\/homebook\/files\/2009\/09\/090829kalizadar.jpg\" width=\"500\" height=\"780\" srcset=\"https:\/\/hyperbate.fr\/homebook\/files\/2009\/09\/090829kalizadar.jpg 500w, https:\/\/hyperbate.fr\/homebook\/files\/2009\/09\/090829kalizadar-192x300.jpg 192w\" sizes=\"(max-width: 500px) 100vw, 500px\" \/><\/p>\n<p>En souvenirs de l&rsquo;\u00e9t\u00e9 que nous venons de passer chez moi en Croatie, dans la r\u00e9gion de Zadar, quelques images de certains d\u00e9tails auxquels je suis attach\u00e9e ou qui me font r\u00eaver : le linge qui s\u00e8che aux fen\u00eatres ; le charme v\u00e9tuste de la vieille ville; les murs de couleurs vives aux peintures \u00e9caill\u00e9es ; les couchers de soleil sur l&rsquo;Adriatique ; le charme myst\u00e9rieux de la maison bord\u00e9e de pins et d\u2019alo\u00e8s, dont j&rsquo;aurais aim\u00e9, depuis que je suis enfant, qu&rsquo;elle soit la mienne ; ces plantations dans une ancienne baignoire en fonte ; les vieilles cuisini\u00e8re \u00e0 bois dont les gens, h\u00e9las, se d\u00e9barrassent alors qu&rsquo;en plus de cuire merveilleusement, elles permettent de se chauffer l&rsquo;hiver ; le r\u00eave de poss\u00e9der un v\u00e9lo pour pouvoir me balader plus librement sur Ugljan ou, mieux encore, un bateau pour sillonner la c\u00f4te dalmate et ses \u00eeles.<\/p>\n<p>J&rsquo;ai \u00e9galement mis \u00e0 jour l&rsquo;article que j&rsquo;avais r\u00e9dig\u00e9 il y a deux ans sur <a href=\"https:\/\/hyperbate.fr\/homebook\/2007\/09\/04\/la-cuisine-dalmate\/\">la cuisine dalmate<\/a>.<\/p>\n","protected":false},"excerpt":{"rendered":"<p>En souvenirs de l&rsquo;\u00e9t\u00e9 que nous venons de passer chez moi en Croatie, dans la r\u00e9gion de Zadar, quelques images de certains d\u00e9tails auxquels je suis attach\u00e9e ou qui me font r\u00eaver : le linge qui s\u00e8che aux fen\u00eatres ; le charme v\u00e9tuste de la vieille ville; les murs de couleurs vives aux peintures \u00e9caill\u00e9es &hellip; <a href=\"https:\/\/hyperbate.fr\/homebook\/2009\/08\/29\/souvenirs-dete\/\" class=\"more-link\">Continuer la lecture de <span class=\"screen-reader-text\">Souvenirs d&rsquo;\u00e9t\u00e9<\/span><\/a><\/p>\n","protected":false},"author":7,"featured_media":0,"comment_status":"open","ping_status":"open","sticky":false,"template":"","format":"standard","meta":{"footnotes":""},"categories":[55],"tags":[],"class_list":["post-927","post","type-post","status-publish","format-standard","hentry","category-croatie"],"_links":{"self":[{"href":"https:\/\/hyperbate.fr\/homebook\/wp-json\/wp\/v2\/posts\/927","targetHints":{"allow":["GET"]}}],"collection":[{"href":"https:\/\/hyperbate.fr\/homebook\/wp-json\/wp\/v2\/posts"}],"about":[{"href":"https:\/\/hyperbate.fr\/homebook\/wp-json\/wp\/v2\/types\/post"}],"author":[{"embeddable":true,"href":"https:\/\/hyperbate.fr\/homebook\/wp-json\/wp\/v2\/users\/7"}],"replies":[{"embeddable":true,"href":"https:\/\/hyperbate.fr\/homebook\/wp-json\/wp\/v2\/comments?post=927"}],"version-history":[{"count":0,"href":"https:\/\/hyperbate.fr\/homebook\/wp-json\/wp\/v2\/posts\/927\/revisions"}],"wp:attachment":[{"href":"https:\/\/hyperbate.fr\/homebook\/wp-json\/wp\/v2\/media?parent=927"}],"wp:term":[{"taxonomy":"category","embeddable":true,"href":"https:\/\/hyperbate.fr\/homebook\/wp-json\/wp\/v2\/categories?post=927"},{"taxonomy":"post_tag","embeddable":true,"href":"https:\/\/hyperbate.fr\/homebook\/wp-json\/wp\/v2\/tags?post=927"}],"curies":[{"name":"wp","href":"https:\/\/api.w.org\/{rel}","templated":true}]}}