{"id":75,"date":"2009-01-01T19:43:14","date_gmt":"2009-01-01T17:43:14","guid":{"rendered":"http:\/\/www.menagere-150ans.com\/blog\/?p=75"},"modified":"2015-12-24T12:36:24","modified_gmt":"2015-12-24T11:36:24","slug":"leckerli","status":"publish","type":"post","link":"https:\/\/hyperbate.fr\/homebook\/2009\/01\/01\/leckerli\/","title":{"rendered":"Leckerli"},"content":{"rendered":"<p><img decoding=\"async\" class=\"alignnone size-full wp-image-91\" src=\"https:\/\/hyperbate.fr\/homebook\/files\/2009\/01\/090101leckerli.jpg\" alt=\"\" width=\"320\" height=\"240\" srcset=\"https:\/\/hyperbate.fr\/homebook\/files\/2009\/01\/090101leckerli.jpg 320w, https:\/\/hyperbate.fr\/homebook\/files\/2009\/01\/090101leckerli-300x225.jpg 300w\" sizes=\"(max-width: 320px) 100vw, 320px\" \/><\/p>\n<p><em>Il ne s&rsquo;agit pas de la recette originale des leckerlis de B\u00e2le mais d&rsquo;une version apocryphe, avec un gla\u00e7age, notamment, beaucoup moins translucide. Tandis qu&rsquo;ils sont g\u00e9n\u00e9ralement d\u00e9coup\u00e9s simplement en losange, je d\u00e9coupe les miens avec un emporte-pi\u00e8ce et pour ce faire, ils ne contiennent pas de noisettes enti\u00e8res\u2026 Bref, mes leckerlis n&rsquo;en sont pas tout \u00e0 fait mais sont n\u00e9anmoins tr\u00e8s bons.<br \/>\n<\/em><\/p>\n<p><strong>Ingr\u00e9dients<\/strong><br \/>\n<em>Pour une cinquantaine de leckerlis :<\/em><br \/>\n250g de farine<br \/>\n75g de noisettes concass\u00e9es (\u00e0 d\u00e9faut, en poudre)<br \/>\n125g d&rsquo;amandes concass\u00e9es (\u00e0 d\u00e9faut, en poudre)<br \/>\n150g de miel<br \/>\n50g de sucre complet<br \/>\n2 \u0153ufs<br \/>\n1 sachet de levure<br \/>\n2 cuiller\u00e9es \u00e0 soupe de m\u00e9lange pour pain d&rsquo;\u00e9pices (canelle, anis, girofle, muscade, cardamone, gingembre)<br \/>\nDes \u00e9corces confites d&rsquo;orange et de citron (j&rsquo;utilise \u00e9galement un peu d&rsquo;ang\u00e9lique confite pour le d\u00e9cor)<br \/>\n200g de sucre glace<br \/>\nquelques gouttes d&rsquo;essence de marasquin (facultatif mais d\u00e9licieux&#8230; on peut remplacer par un peu de kirsch)<\/p>\n<p><strong>Pr\u00e9paration<\/strong><br \/>\nM\u00e9langer la farine, le sucre, les amandes et les noisettes moulues, la levure, les \u00e9corces confites et les \u00e9pices avec 1 oeuf + 1 jaune. Garder le blanc qui reste pour le gla\u00e7age qu\u2019on r\u00e9alise en le m\u00e9langeant avec le sucre glace et l\u2019essence de marasquin ou le kirsch. \u00c9taler la p\u00e2te (pas trop finement) sur un plan farin\u00e9 et la d\u00e9couper avec des emportes-pi\u00e8ces. Cuire environ 12 minutes sur une plaque garnie de papier sulfuris\u00e9 dans un four pr\u00e9chauff\u00e9 \u00e0 180\u00b0. Lorsqu\u2019on sort les leckerli du four, attendre qu\u2019ils refroidissent un tout petit peu avant de les glacer (3\/4 minutes mais pas beaucoup plus, sinon le gla\u00e7age s\u00e8chera moins bien) et d\u00e9corer avec des morceaux de fruits confits. Attendre que le gla\u00e7age ait pris et laisser les biscuits refroidir compl\u00e8tement avant de les ranger dans une boite en fer.<\/p>\n","protected":false},"excerpt":{"rendered":"<p>Il ne s&rsquo;agit pas de la recette originale des leckerlis de B\u00e2le mais d&rsquo;une version apocryphe, avec un gla\u00e7age, notamment, beaucoup moins translucide. Tandis qu&rsquo;ils sont g\u00e9n\u00e9ralement d\u00e9coup\u00e9s simplement en losange, je d\u00e9coupe les miens avec un emporte-pi\u00e8ce et pour ce faire, ils ne contiennent pas de noisettes enti\u00e8res\u2026 Bref, mes leckerlis n&rsquo;en sont pas &hellip; <a href=\"https:\/\/hyperbate.fr\/homebook\/2009\/01\/01\/leckerli\/\" class=\"more-link\">Continuer la lecture de <span class=\"screen-reader-text\">Leckerli<\/span><\/a><\/p>\n","protected":false},"author":7,"featured_media":0,"comment_status":"open","ping_status":"open","sticky":false,"template":"","format":"standard","meta":{"footnotes":""},"categories":[42,61,5,72,17,84],"tags":[191,179,335,181],"class_list":["post-75","post","type-post","status-publish","format-standard","hentry","category-biscuits","category-nord","category-gouters","category-hiver","category-noel","category-strasbourg","tag-amandes","tag-epices","tag-fruits-confits","tag-noisettes"],"_links":{"self":[{"href":"https:\/\/hyperbate.fr\/homebook\/wp-json\/wp\/v2\/posts\/75","targetHints":{"allow":["GET"]}}],"collection":[{"href":"https:\/\/hyperbate.fr\/homebook\/wp-json\/wp\/v2\/posts"}],"about":[{"href":"https:\/\/hyperbate.fr\/homebook\/wp-json\/wp\/v2\/types\/post"}],"author":[{"embeddable":true,"href":"https:\/\/hyperbate.fr\/homebook\/wp-json\/wp\/v2\/users\/7"}],"replies":[{"embeddable":true,"href":"https:\/\/hyperbate.fr\/homebook\/wp-json\/wp\/v2\/comments?post=75"}],"version-history":[{"count":3,"href":"https:\/\/hyperbate.fr\/homebook\/wp-json\/wp\/v2\/posts\/75\/revisions"}],"predecessor-version":[{"id":7625,"href":"https:\/\/hyperbate.fr\/homebook\/wp-json\/wp\/v2\/posts\/75\/revisions\/7625"}],"wp:attachment":[{"href":"https:\/\/hyperbate.fr\/homebook\/wp-json\/wp\/v2\/media?parent=75"}],"wp:term":[{"taxonomy":"category","embeddable":true,"href":"https:\/\/hyperbate.fr\/homebook\/wp-json\/wp\/v2\/categories?post=75"},{"taxonomy":"post_tag","embeddable":true,"href":"https:\/\/hyperbate.fr\/homebook\/wp-json\/wp\/v2\/tags?post=75"}],"curies":[{"name":"wp","href":"https:\/\/api.w.org\/{rel}","templated":true}]}}