{"id":6926,"date":"2015-01-21T18:19:42","date_gmt":"2015-01-21T17:19:42","guid":{"rendered":"http:\/\/hyperbate.fr\/homebook\/?p=6926"},"modified":"2015-01-31T17:12:06","modified_gmt":"2015-01-31T16:12:06","slug":"salade-aux-legumes-rotis-et-ventreche","status":"publish","type":"post","link":"https:\/\/hyperbate.fr\/homebook\/2015\/01\/21\/salade-aux-legumes-rotis-et-ventreche\/","title":{"rendered":"Salade aux l\u00e9gumes r\u00f4tis et ventr\u00e8che"},"content":{"rendered":"<p><em>Cela fait un peu plus d&rsquo;un an que je d\u00e9laisse ce blog par manque de temps. Qu&rsquo;on se rassure, nous n&rsquo;avons pas cess\u00e9 de nous alimenter mais je n&rsquo;avais plus trop le loisir de prendre des photos pour documenter les recettes et m\u00eame, de septembre \u00e0 d\u00e9cembre, j&rsquo;ai boss\u00e9 soirs et week-ends, ne trouvant plus le temps de cuisiner grand chose si ce n&rsquo;est, parfois, une marmite grand m\u00e9nage qui nous faisait plusieurs repas ou des plats vraiment simples et rapides comme la soupe au cresson ou les croissants au jambon. Mes enfants et mon mari ont pris le relais qui auront appris, dans l&rsquo;aventure, \u00e0 cuisiner les p\u00e2tes de mille mani\u00e8res.<br \/>\nMe voici de retour avec ma salade star du moment (\u00e9trenn\u00e9e pour le nouvel an). C&rsquo;est une salade tr\u00e8s gourmande qui compte beaucoup d&rsquo;ingr\u00e9dients. On n&rsquo;est pas oblig\u00e9 de les mettre tous mais je suis tellement contente de retrouver le temps de cuisiner que je me d\u00e9cha\u00eene sur les beaux l\u00e9gumes du maraicher. On y trouve aussi ma nouvelle toquade, la ventr\u00e8che fum\u00e9e, dont je fais revenir de fines tranches jusqu&rsquo;\u00e0 ce qu&rsquo;elles soient dor\u00e9es et croustillantes comme des chips.<\/em><\/p>\n<p><img decoding=\"async\" class=\"alignnone size-full wp-image-6930\" src=\"https:\/\/hyperbate.fr\/homebook\/files\/2015\/01\/150121SaladeVentreche.jpg\" alt=\"150121SaladeVentreche\" width=\"500\" height=\"380\" \/><\/p>\n<p><strong>Ingr\u00e9dients<\/strong><br \/>\nMesclun ou m\u00e9lange de salades (par exemple rougette, tr\u00e9vise, cornette et m\u00e2che)<br \/>\nEndives<br \/>\nChou rouge<br \/>\nRadis past\u00e8que<br \/>\nBetterave cuite<br \/>\nAvocat<br \/>\nChampignons de Paris<br \/>\nPoire<br \/>\nNoix<br \/>\nAirelles (en bocal dans leur jus)<br \/>\nFines tranches de ventr\u00e8che fum\u00e9e<br \/>\n<em>Pour les l\u00e9gumes r\u00f4tis :<\/em><br \/>\nsalsifis<br \/>\ncarottes oranges et violettes<br \/>\nc\u00e9leri rave<br \/>\npanais<br \/>\npotiron noir (\u00e0 d\u00e9faut, potimarron)<br \/>\nHuile d&rsquo;olive<br \/>\nGros sel de gu\u00e9rande<br \/>\nHerbes et aromates (par exemple sauge, thym, romarin et graines de fenouil)<br \/>\n<em>Pour la vinaigrette :<\/em><br \/>\nMoutarde de Dijon et moutarde \u00e0 l&rsquo;ancienne<br \/>\nHuile de noisette ou de noix<br \/>\nVinaigre de X\u00e9r\u00e8s<br \/>\nUn peu du jus des airelles<\/p>\n<p><strong>Pr\u00e9paration<\/strong><br \/>\nFaire r\u00f4tir les l\u00e9gumes \u00e0 l&rsquo;avance. Laver le potimarron noir et couper des tranches en conservant la peau. Peler le c\u00e9leri rave, les carottes, les salsifis et le panais. D\u00e9biter le c\u00e9leri rave en gros morceaux plats, couper les carottes et le panais en deux dans la longueur. Disposer les l\u00e9gumes sur la plaque du four. Les saupoudrer d&rsquo;un peu de sel et des aromates, arroser avec un filet d&rsquo;huile d&rsquo;olive et mettre \u00e0 r\u00f4tir au four \u00e0 210\u00b0 environ. Surveiller la cuisson. Lorsque les l\u00e9gumes sont bien color\u00e9s en dessous, les retourner. Les l\u00e9gumes sont \u00e0 point lorsqu&rsquo;on peut y enfoncer les piques d&rsquo;une fourchette. Il doivent \u00eatre tendres mais pas trop mous. Les laisser un peu refroidir avant de les incorporer \u00e0 la salade. On peut \u00e9ventuellement les conserver quelques jours au r\u00e9frig\u00e9rateur.<\/p>\n<p><img decoding=\"async\" class=\"alignnone size-full wp-image-6929\" src=\"https:\/\/hyperbate.fr\/homebook\/files\/2015\/01\/150119-LegumesRotis.jpg\" alt=\"150119-LegumesRotis\" width=\"500\" height=\"380\" \/><\/p>\n<p>Laver et essorer le m\u00e9lange de salade. Le mettre dans un grand saladier. Y ajouter le chou rouge, les endives et les champignons \u00e9minc\u00e9s, l&rsquo;avocat, la poire et le radis past\u00e8que coup\u00e9s en lamelles ainsi que des d\u00e9s de betterave et des morceaux de l\u00e9gumes r\u00f4tis. Couper les fines tranches de ventr\u00e8ches en carr\u00e9s et les faire revenir dans une po\u00eale tr\u00e8s chaude mais sans ajout de mati\u00e8re grasse. Faire dorer de chaque cot\u00e9 : la ventr\u00e8che devient d&rsquo;abord translucide puis blonde et croustillante. \u00c9ponger l&rsquo;exc\u00e9dent de graisse avec du papier essuie-tout avant d&rsquo;ajouter la ventr\u00e8che \u00e0 la salade. Recouvrir de cerneaux de noix et d&rsquo;airelles. Pr\u00e9parer une vinaigrette avec moiti\u00e9-moiti\u00e9 de moutarde de Dijon et de moutarde \u00e0 l&rsquo;ancienne, de l&rsquo;huile de noix ou de noisettes et du vinaigre de X\u00e9r\u00e8s. Bien \u00e9mulsionner puis allonger avec un peu du jus des airelles.<\/p>\n","protected":false},"excerpt":{"rendered":"<p>Cela fait un peu plus d&rsquo;un an que je d\u00e9laisse ce blog par manque de temps. Qu&rsquo;on se rassure, nous n&rsquo;avons pas cess\u00e9 de nous alimenter mais je n&rsquo;avais plus trop le loisir de prendre des photos pour documenter les recettes et m\u00eame, de septembre \u00e0 d\u00e9cembre, j&rsquo;ai boss\u00e9 soirs et week-ends, ne trouvant plus &hellip; <a href=\"https:\/\/hyperbate.fr\/homebook\/2015\/01\/21\/salade-aux-legumes-rotis-et-ventreche\/\" class=\"more-link\">Continuer la lecture de <span class=\"screen-reader-text\">Salade aux l\u00e9gumes r\u00f4tis et ventr\u00e8che<\/span><\/a><\/p>\n","protected":false},"author":7,"featured_media":0,"comment_status":"open","ping_status":"open","sticky":false,"template":"","format":"standard","meta":{"footnotes":""},"categories":[72,147],"tags":[415,460],"class_list":["post-6926","post","type-post","status-publish","format-standard","hentry","category-hiver","category-salades","tag-legumes","tag-ventreche"],"_links":{"self":[{"href":"https:\/\/hyperbate.fr\/homebook\/wp-json\/wp\/v2\/posts\/6926","targetHints":{"allow":["GET"]}}],"collection":[{"href":"https:\/\/hyperbate.fr\/homebook\/wp-json\/wp\/v2\/posts"}],"about":[{"href":"https:\/\/hyperbate.fr\/homebook\/wp-json\/wp\/v2\/types\/post"}],"author":[{"embeddable":true,"href":"https:\/\/hyperbate.fr\/homebook\/wp-json\/wp\/v2\/users\/7"}],"replies":[{"embeddable":true,"href":"https:\/\/hyperbate.fr\/homebook\/wp-json\/wp\/v2\/comments?post=6926"}],"version-history":[{"count":3,"href":"https:\/\/hyperbate.fr\/homebook\/wp-json\/wp\/v2\/posts\/6926\/revisions"}],"predecessor-version":[{"id":7017,"href":"https:\/\/hyperbate.fr\/homebook\/wp-json\/wp\/v2\/posts\/6926\/revisions\/7017"}],"wp:attachment":[{"href":"https:\/\/hyperbate.fr\/homebook\/wp-json\/wp\/v2\/media?parent=6926"}],"wp:term":[{"taxonomy":"category","embeddable":true,"href":"https:\/\/hyperbate.fr\/homebook\/wp-json\/wp\/v2\/categories?post=6926"},{"taxonomy":"post_tag","embeddable":true,"href":"https:\/\/hyperbate.fr\/homebook\/wp-json\/wp\/v2\/tags?post=6926"}],"curies":[{"name":"wp","href":"https:\/\/api.w.org\/{rel}","templated":true}]}}