{"id":6195,"date":"2013-07-05T19:14:04","date_gmt":"2013-07-05T17:14:04","guid":{"rendered":"http:\/\/hyperbate.fr\/homebook\/?p=6195"},"modified":"2013-07-07T02:09:05","modified_gmt":"2013-07-07T00:09:05","slug":"2013-jardin-6","status":"publish","type":"post","link":"https:\/\/hyperbate.fr\/homebook\/2013\/07\/05\/2013-jardin-6\/","title":{"rendered":"2013 Jardin #6"},"content":{"rendered":"<p><img decoding=\"async\" class=\"alignnone size-full wp-image-6196\" alt=\"130705Jardin01\" src=\"https:\/\/hyperbate.fr\/homebook\/files\/2013\/07\/130705Jardin01.jpg\" width=\"500\" height=\"380\" \/><\/p>\n<p>\u00c7a fait un moment que je n&rsquo;avais pas post\u00e9 de photos du jardin. Il \u00e9tait rest\u00e9 \u00e0 l&rsquo;abandon presque tout le printemps et avait pris l&rsquo;aspect d&rsquo;une vraie jungle, tellement il avait fait moche mais depuis que les beaux jours sont revenus, j&rsquo;ai recommenc\u00e9 \u00e0 y travailler et j&rsquo;ai bien d\u00e9sherb\u00e9, m\u00eame si je suis loin d&rsquo;avoir termin\u00e9.\u00a0 La suite :<!--more--><\/p>\n<p><img decoding=\"async\" class=\"alignnone size-full wp-image-6197\" alt=\"130705Jardin02\" src=\"https:\/\/hyperbate.fr\/homebook\/files\/2013\/07\/130705Jardin02.jpg\" width=\"500\" height=\"380\" \/><\/p>\n<p>La lavande est en fleur. Quelques coquelicots et de la bourrache, qui fait la joie des abeilles et des bourdons, ont repris spontan\u00e9ment pr\u00e8s de mon potager. J&rsquo;aime beaucoup la bourrache car elle se plait vraiment et prend la place des mauvaises herbes auxquelles je suis tr\u00e8s allergique. Il faudra que j&rsquo;en s\u00e8me pour en avoir plus encore l&rsquo;an prochain. Daphn\u00e9 m&rsquo;a donn\u00e9 des graines de coquelicots et nous avons ramass\u00e9 des pavots. Je vais essayer \u00e7a aussi car c&rsquo;est vraiment joli.<\/p>\n<p><img decoding=\"async\" class=\"alignnone size-full wp-image-6198\" alt=\"130705Jardin03\" src=\"https:\/\/hyperbate.fr\/homebook\/files\/2013\/07\/130705Jardin03.jpg\" width=\"500\" height=\"380\" \/><\/p>\n<p>Les plants de courgette qui ont surv\u00e9cu aux escargots fleurissent et commencent \u00e0 donner des petites courgettes dont il faudra attendre encore qu&rsquo;elles grossissent un peu avant de les cueillir. Tr\u00e8s peu des lys que j&rsquo;avais plant\u00e9 il y a quelques ann\u00e9es sont encore en vie mais ils fleurissent.<\/p>\n<p><img decoding=\"async\" class=\"alignnone size-full wp-image-6199\" alt=\"130705Jardin04\" src=\"https:\/\/hyperbate.fr\/homebook\/files\/2013\/07\/130705Jardin04.jpg\" width=\"500\" height=\"380\" \/><\/p>\n<p><img decoding=\"async\" class=\"alignnone size-full wp-image-6200\" alt=\"130705Jardin05\" src=\"https:\/\/hyperbate.fr\/homebook\/files\/2013\/07\/130705Jardin05.jpg\" width=\"500\" height=\"380\" \/><\/p>\n<p>En revanche, les faux lys n&rsquo;arr\u00eatent pas de croitre et fleurissent tr\u00e8s bien. Le kiwi est en fleurs. Les framboisiers ont donn\u00e9 quelques framboises mais moins que je ne l&rsquo;aurais esp\u00e9r\u00e9. En revanche, nous avons eu beaucoup de groseilles.<\/p>\n<p><img decoding=\"async\" class=\"alignnone size-full wp-image-6201\" alt=\"130705Jardin06\" src=\"https:\/\/hyperbate.fr\/homebook\/files\/2013\/07\/130705Jardin06.jpg\" width=\"500\" height=\"380\" \/><\/p>\n<p><img decoding=\"async\" class=\"alignnone size-full wp-image-6202\" alt=\"130705Jardin07\" src=\"https:\/\/hyperbate.fr\/homebook\/files\/2013\/07\/130705Jardin07.jpg\" width=\"500\" height=\"380\" \/><\/p>\n<p>Les scabieuses s&rsquo;\u00e9tendent et les petites fleurs violettes que j&rsquo;avais achet\u00e9 pour mettre dans les jardini\u00e8res avec des p\u00e9tunias se plaisent beaucoup et prolif\u00e8rent bien elles aussi.<\/p>\n<p><img decoding=\"async\" class=\"alignnone size-full wp-image-6203\" alt=\"130705Jardin08\" src=\"https:\/\/hyperbate.fr\/homebook\/files\/2013\/07\/130705Jardin08.jpg\" width=\"500\" height=\"380\" \/><\/p>\n<p>Les plants de tomate sont en fleurs mais j&rsquo;ai commis l&rsquo;erreur de mettre certains plants de tomates cerise sur l&rsquo;avant et ils font de l&rsquo;ombre aux plants de grosses tomates. C&rsquo;est idiot et il faudra que je pense \u00e0 ne pas reproduire cette erreur l&rsquo;an prochain. Nous avons beaucoup de menthe mais le persil, bien qu&rsquo;il ai repris, n&rsquo;a pas \u00e9t\u00e9 suffisamment coup\u00e9 : il ne s&rsquo;est pas \u00e9tendu et a mont\u00e9 en graines. Le cassis va donner un peu mais pas encore autant que j&rsquo;aimerais, surtout que l&rsquo;un des deux arbustes que j&rsquo;ai plant\u00e9 semble st\u00e9rile : depuis trois ans que je l&rsquo;ai, il n&rsquo;a jamais donn\u00e9 un fruit. J&rsquo;h\u00e9site \u00e0 le conserver. J&rsquo;ai plant\u00e9 un m\u00fbrier au printemps qui va donner des fruits mais il faudra attendre car ils sont encore verts.<\/p>\n<p><img decoding=\"async\" class=\"alignnone size-full wp-image-6204\" alt=\"130705Jardin09\" src=\"https:\/\/hyperbate.fr\/homebook\/files\/2013\/07\/130705Jardin09.jpg\" width=\"500\" height=\"380\" \/><\/p>\n<p>Le groseillier blanc a beaucoup donn\u00e9 cette ann\u00e9e, plus \u00e0 lui tout seul que tous les groseilliers rouges. Ma lavande papillon est toujours en fleur mais elle commence \u00e0 avoir moins bonne mine. Les foug\u00e8res sont \u00e9normes. J&rsquo;ai h\u00e2te maintenant de manger les courgettes du jardin et de voir poindre les premi\u00e8res tomates.<\/p>\n<p><img decoding=\"async\" class=\"alignnone size-full wp-image-6205\" alt=\"130705Jardin10\" src=\"https:\/\/hyperbate.fr\/homebook\/files\/2013\/07\/130705Jardin10.jpg\" width=\"500\" height=\"380\" \/><\/p>\n","protected":false},"excerpt":{"rendered":"<p>\u00c7a fait un moment que je n&rsquo;avais pas post\u00e9 de photos du jardin. Il \u00e9tait rest\u00e9 \u00e0 l&rsquo;abandon presque tout le printemps et avait pris l&rsquo;aspect d&rsquo;une vraie jungle, tellement il avait fait moche mais depuis que les beaux jours sont revenus, j&rsquo;ai recommenc\u00e9 \u00e0 y travailler et j&rsquo;ai bien d\u00e9sherb\u00e9, m\u00eame si je suis &hellip; <a href=\"https:\/\/hyperbate.fr\/homebook\/2013\/07\/05\/2013-jardin-6\/\" class=\"more-link\">Continuer la lecture de <span class=\"screen-reader-text\">2013 Jardin #6<\/span><\/a><\/p>\n","protected":false},"author":7,"featured_media":0,"comment_status":"open","ping_status":"open","sticky":false,"template":"","format":"standard","meta":{"footnotes":""},"categories":[73],"tags":[],"class_list":["post-6195","post","type-post","status-publish","format-standard","hentry","category-jardin"],"_links":{"self":[{"href":"https:\/\/hyperbate.fr\/homebook\/wp-json\/wp\/v2\/posts\/6195","targetHints":{"allow":["GET"]}}],"collection":[{"href":"https:\/\/hyperbate.fr\/homebook\/wp-json\/wp\/v2\/posts"}],"about":[{"href":"https:\/\/hyperbate.fr\/homebook\/wp-json\/wp\/v2\/types\/post"}],"author":[{"embeddable":true,"href":"https:\/\/hyperbate.fr\/homebook\/wp-json\/wp\/v2\/users\/7"}],"replies":[{"embeddable":true,"href":"https:\/\/hyperbate.fr\/homebook\/wp-json\/wp\/v2\/comments?post=6195"}],"version-history":[{"count":0,"href":"https:\/\/hyperbate.fr\/homebook\/wp-json\/wp\/v2\/posts\/6195\/revisions"}],"wp:attachment":[{"href":"https:\/\/hyperbate.fr\/homebook\/wp-json\/wp\/v2\/media?parent=6195"}],"wp:term":[{"taxonomy":"category","embeddable":true,"href":"https:\/\/hyperbate.fr\/homebook\/wp-json\/wp\/v2\/categories?post=6195"},{"taxonomy":"post_tag","embeddable":true,"href":"https:\/\/hyperbate.fr\/homebook\/wp-json\/wp\/v2\/tags?post=6195"}],"curies":[{"name":"wp","href":"https:\/\/api.w.org\/{rel}","templated":true}]}}