{"id":1469,"date":"2011-10-01T17:02:56","date_gmt":"2011-10-01T17:02:56","guid":{"rendered":"http:\/\/hyperbate.fr\/finsdumonde\/?p=1469"},"modified":"2011-12-22T11:32:15","modified_gmt":"2011-12-22T11:32:15","slug":"le-calendrier-maya","status":"publish","type":"post","link":"https:\/\/hyperbate.fr\/finsdumonde\/2011\/10\/01\/le-calendrier-maya\/","title":{"rendered":"Le calendrier Maya"},"content":{"rendered":"<p>Un dessin de <a href=\"http:\/\/bizarrocomic.blogspot.com\/2009\/12\/countdown-to-catastrophe.html\" target=\"_blank\">Dan Piraro<\/a> (Bizarro) sur la tr\u00e8s populaire date du 21 d\u00e9cembre 2012 comme fin du monde.<br \/>\n&#8211; <em>\u00ab\u00a0Je n&rsquo;ai eu de la place que jusqu&rsquo;en 2012\u00a0\u00bb<\/em><br \/>\n&#8211; <em>\u00ab\u00a0Ha ! \u00c7a\u00a0effraiera\u00a0quelqu&rsquo;un un jour\u00a0\u00bb<\/em><\/p>\n<p><img decoding=\"async\" class=\"aligncenter size-full wp-image-1470\" title=\"dan_piraro_12-21-09\" src=\"https:\/\/hyperbate.fr\/finsdumonde\/files\/2011\/10\/dan_piraro_12-21-09.jpg\" alt=\"\" width=\"375\" height=\"445\" srcset=\"https:\/\/hyperbate.fr\/finsdumonde\/files\/2011\/10\/dan_piraro_12-21-09.jpg 375w, https:\/\/hyperbate.fr\/finsdumonde\/files\/2011\/10\/dan_piraro_12-21-09-252x300.jpg 252w\" sizes=\"(max-width: 375px) 100vw, 375px\" \/><\/p>\n<p>Effectivement, les pr\u00e9dictions qui concernent cette date s&rsquo;appuient sur un calendrier Maya d&rsquo;une tr\u00e8s grande pr\u00e9cision, qui s&rsquo;interrompt au solstice d&rsquo;hiver 2012. Mais comme l&rsquo;a si bien \u00e9crit Alfred Korzybski, <em>\u00ab\u00a0la carte n&rsquo;est pas le territoire\u00a0\u00bb<\/em>, et donc, l&rsquo;histoire ne s&rsquo;arr\u00eate pas aux limites des calendriers.<\/p>\n<p><small>(merci <a href=\"https:\/\/twitter.com\/#!\/melanielelapin\/status\/120081846712283137\" target=\"_blank\">melanielelapin<\/a> pour la trouvaille)<\/small><\/p>\n","protected":false},"excerpt":{"rendered":"<p>Un dessin de Dan Piraro (Bizarro) sur la tr\u00e8s populaire date du 21 d\u00e9cembre 2012 comme fin du monde. &#8211; \u00ab\u00a0Je n&rsquo;ai eu de la place que jusqu&rsquo;en 2012\u00a0\u00bb &#8211; \u00ab\u00a0Ha ! \u00c7a\u00a0effraiera\u00a0quelqu&rsquo;un un jour\u00a0\u00bb Effectivement, les pr\u00e9dictions qui concernent &hellip; <a href=\"https:\/\/hyperbate.fr\/finsdumonde\/2011\/10\/01\/le-calendrier-maya\/\">Continuer la lecture <span class=\"meta-nav\">&rarr;<\/span><\/a><\/p>\n","protected":false},"author":1,"featured_media":0,"comment_status":"open","ping_status":"open","sticky":false,"template":"","format":"standard","meta":{"footnotes":""},"categories":[24,10,45],"tags":[],"class_list":["post-1469","post","type-post","status-publish","format-standard","hentry","category-actualite","category-fin-du-monde","category-mayas"],"_links":{"self":[{"href":"https:\/\/hyperbate.fr\/finsdumonde\/wp-json\/wp\/v2\/posts\/1469","targetHints":{"allow":["GET"]}}],"collection":[{"href":"https:\/\/hyperbate.fr\/finsdumonde\/wp-json\/wp\/v2\/posts"}],"about":[{"href":"https:\/\/hyperbate.fr\/finsdumonde\/wp-json\/wp\/v2\/types\/post"}],"author":[{"embeddable":true,"href":"https:\/\/hyperbate.fr\/finsdumonde\/wp-json\/wp\/v2\/users\/1"}],"replies":[{"embeddable":true,"href":"https:\/\/hyperbate.fr\/finsdumonde\/wp-json\/wp\/v2\/comments?post=1469"}],"version-history":[{"count":0,"href":"https:\/\/hyperbate.fr\/finsdumonde\/wp-json\/wp\/v2\/posts\/1469\/revisions"}],"wp:attachment":[{"href":"https:\/\/hyperbate.fr\/finsdumonde\/wp-json\/wp\/v2\/media?parent=1469"}],"wp:term":[{"taxonomy":"category","embeddable":true,"href":"https:\/\/hyperbate.fr\/finsdumonde\/wp-json\/wp\/v2\/categories?post=1469"},{"taxonomy":"post_tag","embeddable":true,"href":"https:\/\/hyperbate.fr\/finsdumonde\/wp-json\/wp\/v2\/tags?post=1469"}],"curies":[{"name":"wp","href":"https:\/\/api.w.org\/{rel}","templated":true}]}}