{"id":6643,"date":"2022-01-07T16:27:08","date_gmt":"2022-01-07T16:27:08","guid":{"rendered":"https:\/\/hyperbate.fr\/fatras\/?p=6643"},"modified":"2022-01-07T17:49:28","modified_gmt":"2022-01-07T17:49:28","slug":"igor-grichka-et-moi","status":"publish","type":"post","link":"https:\/\/hyperbate.fr\/fatras\/2022\/01\/07\/igor-grichka-et-moi\/","title":{"rendered":"Igor, Grichka, et moi"},"content":{"rendered":"\n<p>Igor et Grichka Bogdanov<sup><a href=\"#footnote_1_6643\" id=\"identifier_1_6643\" class=\"footnote-link footnote-identifier-link\" title=\"Je pr&eacute;f&egrave;re transcrire en &laquo;&nbsp;ov&nbsp;&raquo; qu&rsquo;en &laquo;&nbsp;off&nbsp;&raquo; mais on peut bien s&ucirc;r &eacute;crire Bogdanoff. On pourrait m&ecirc;me &eacute;crire Ostasenko-Bogdanoff, qui &eacute;tait leur patronyme complet. Leur ascendance est assez &eacute;tonnante : leur m&egrave;re, qui avait &eacute;pous&eacute; un russe blanc, &eacute;tait la fille cach&eacute;e adult&eacute;rine d&rsquo;une aristocrate austro-hongroise et d&rsquo;un musicien noir &eacute;tasunien, Roland Hayes, premier afro-am&eacute;ricain &agrave; avoir &eacute;t&eacute; c&eacute;l&egrave;bre internationalement comme chanteur d&rsquo;op&eacute;ra, qu&rsquo;on dit descendre d&rsquo;un chef de tribu Ivoirien.\">1<\/a><\/sup> sont apparus dans le poste en 1979. J&rsquo;\u00e9tais \u00e0 l&rsquo;\u00e9cole primaire, il n&rsquo;y avait que trois cha\u00eenes, on n&rsquo;aurait pas pu les rater. Je me souviens de leurs combinaisons aluminium, de leur soucoupe volante, de leurs dialogues \u00e0 la fa\u00e7on des tripl\u00e9s <em>Riri<\/em>&#8211;<em>Fifi<\/em>&#8211;<em>Loulou<\/em>, o\u00f9 l&rsquo;un peut commencer une phrase et l&rsquo;autre la terminer, donnant l&rsquo;impression d&rsquo;\u00eatre absolument  d&rsquo;accord sur tout. Surnaturellement d&rsquo;accord. <em>The Midwich Cuckoos<\/em>. Un de leurs proches disait r\u00e9cemment qu&rsquo;ils \u00e9taient capables de transmission de pens\u00e9e, formule un peu merveilleuse pour d\u00e9crire un ph\u00e9nom\u00e8ne sans myst\u00e8re : comme d&rsquo;autres fr\u00e8res et\/ou s\u0153urs, comme les membres d&rsquo;un vieux couple, comme parfois certains amis, ils \u00e9taient synchronis\u00e9s, ils \u00e9taient sur la m\u00eame longueur d&rsquo;onde. Pour ce qu&rsquo;on en sait, ils ont presque tout v\u00e9cu, tout fait ensemble (au point de n&rsquo;avoir qu&rsquo;une page Wikip\u00e9dia \u00e0 deux), sans doute vu les m\u00eames films, lus les m\u00eames livres, ou se les \u00e9tant racont\u00e9s. Alors ils pensaient ensemble et en m\u00eame temps. Et ils sont n\u00e9s en m\u00eame temps et morts \u00e0 quelques jours d&rsquo;intervalle<sup><a href=\"#footnote_2_6643\" id=\"identifier_2_6643\" class=\"footnote-link footnote-identifier-link\" title=\"Digression : parmi les myst&egrave;res qui les entourent se trouve celui de la nature de leur g&eacute;mellit&eacute;, monozygote selon certain, dizygote selon d&rsquo;autres. S&rsquo;ils sont dans le premier cas, alors leur ADN &eacute;tait presque identique, et leur fragilit&eacute; face au virus (malgr&eacute; une sant&eacute; de fer dit-on) pourrait s&rsquo;expliquer par un trait g&eacute;n&eacute;tique&hellip; J&rsquo;esp&egrave;re que la science se penche sur ce genre de cas. J&rsquo;y pense, car dans ma famille les trois personnes (sur dix-sept) &agrave; ne pas avoir attrap&eacute; le covid-19 (ou en tout cas eu de sympt&ocirc;mes) sont aussi les trois dont l&rsquo;ADN est le plus &laquo;&nbsp;norv&eacute;gien&nbsp;&raquo;, selon les tests r&eacute;alis&eacute;s par myHeritage. Or la Norv&egrave;ge a eu (gr&acirc;ce aussi sans doute &agrave; la conformation du pays et &agrave; la rectitude de l&rsquo;application de sa politique sanitaire) huit fois moins de morts par habitants que la France !\">2<\/a><\/sup>.<\/p>\n\n\n\n<div class=\"wp-block-image\"><figure class=\"aligncenter size-large\"><a href=\"https:\/\/hyperbate.fr\/fatras\/files\/2022\/01\/image-4.png\"><img decoding=\"async\" width=\"1024\" height=\"672\" src=\"https:\/\/hyperbate.fr\/fatras\/files\/2022\/01\/image-4-1024x672.png\" alt=\"\" class=\"wp-image-6707\" srcset=\"https:\/\/hyperbate.fr\/fatras\/files\/2022\/01\/image-4-1024x672.png 1024w, https:\/\/hyperbate.fr\/fatras\/files\/2022\/01\/image-4-300x197.png 300w, https:\/\/hyperbate.fr\/fatras\/files\/2022\/01\/image-4-768x504.png 768w, https:\/\/hyperbate.fr\/fatras\/files\/2022\/01\/image-4.png 1365w\" sizes=\"(max-width: 1024px) 100vw, 1024px\" \/><\/a><\/figure><\/div>\n\n\n\n<p>L&rsquo;\u00e9mission <em>Temps X<\/em> parlait de science-fiction mais aussi des promesses de la science : l&rsquo;an 2000, vous alliez voir ce que vous alliez voir, il y aurait des touristes dans l&rsquo;espace, des cit\u00e9s sous la mer et des robots partout. On y visionnait des extraits de films, notamment, on y entendait parler du festival du film fantastique d&rsquo;Avoriaz (disparu il y a trente ans d\u00e9j\u00e0), et puis la cha\u00eene diffusait juste avant ou juste apr\u00e8s, ou pendant, j&rsquo;ai oubli\u00e9, des s\u00e9ries de science fiction telles que l&rsquo;excellent <em><a href=\"https:\/\/hyperbate.fr\/dernier\/?p=16283\" data-type=\"URL\" data-id=\"https:\/\/hyperbate.fr\/dernier\/?p=16283\">Cosmos 1999<\/a><\/em>, ou encore (un peu plus facile \u00e0 oublier), <em>L&rsquo;\u00e2ge de Cristal<\/em>.<br>Tout \u00e7a \u00e9tait \u00e0 la fois incongru, instructif, distrayant et stimulant. Des ann\u00e9es plus tard j&rsquo;ai constat\u00e9 que les fr\u00e8res Bogdanov avaient \u00e9t\u00e9 en leur temps d&rsquo;authentiques connaisseurs de la science-fiction, ayant publi\u00e9 deux livres \u00e0 ce sujet, <em>Clefs pour la science-fiction<\/em> (qui n&rsquo;apporte rien de r\u00e9volutionnaire je pense mais qui d\u00e9montre une authentique culture du registre), et, bien plus int\u00e9ressant, <em><a rel=\"noreferrer noopener\" href=\"https:\/\/hyperbate.fr\/dernier\/?p=13248\" target=\"_blank\">L&rsquo;Effet Science-fiction<\/a><\/em>, contemporain de la cr\u00e9ation de <em>Temps X<\/em>, qui consiste en une enqu\u00eate sur la perception que des artistes, \u00e9crivains, scientifiques ou politiciens ont de la Science-fiction. On imagine que les Bogdanov ont pens\u00e9 ce projet pour s&rsquo;inscrire eux-m\u00eames au sein une certaine \u00e9lite intellectuelle \u2014 et m\u00eame aristocratique, car il y a parmi les interview\u00e9s foultitude de ducs et de princesses (ainsi que d&rsquo;Acad\u00e9miciens). Les courriers envoy\u00e9s par les fr\u00e8res Bogdanov sont sign\u00e9s \u00ab\u00a0Igor et Gregori<sup><a href=\"#footnote_3_6643\" id=\"identifier_3_6643\" class=\"footnote-link footnote-identifier-link\" title=\"Eh oui, c&rsquo;est son v&eacute;ritable pr&eacute;nom semble-t-il.\">3<\/a><\/sup> Bogdanov\u00a0\u00bb avec pour adresse le \u00ab\u00a0Ch\u00e2teau de Saint-Lary\u00a0\u00bb<sup><a href=\"#footnote_4_6643\" id=\"identifier_4_6643\" class=\"footnote-link footnote-identifier-link\" title=\"Les Bogdanov ont grandi dans un village du d&eacute;partement du Gers.\">4<\/a><\/sup>. Au fond j&rsquo;ai l&rsquo;impression que leur ambition d\u00e9passait de loin le cadre de la science-fiction, qu&rsquo;ils souhaitaient dialoguer d&rsquo;\u00e9gal \u00e0 \u00e9gal avec Louis Leprince-Ringuet, Jacques Derrida ou le pape, qui ne ma\u00eetrisent pas le sujet, plus qu&rsquo;avec les <em>nerds<\/em> pointus des conventions de Science-fiction. T\u00e9lescoper des mondes est excitant, tandis qu&rsquo;\u00eatre un authentique sp\u00e9cialiste est \u00e9puisant. C&rsquo;est avec \u00e7a en t\u00eate que je vois leur passage de l&rsquo;approche pas-s\u00e9rieuse-mais-en-fait-tr\u00e8s-s\u00e9rieuse des sciences que constitue la Science-fiction, vers la science-s\u00e9rieuse-pas-s\u00e9rieuse que semble \u00eatre (\u00e0 en croire la majorit\u00e9 des sp\u00e9cialistes) leur \u0153uvre acad\u00e9mique dans le domaine de la physique fondamentale.<\/p>\n\n\n\n<figure class=\"wp-block-image size-large\"><a href=\"https:\/\/hyperbate.fr\/fatras\/files\/2022\/01\/image-5.png\"><img decoding=\"async\" width=\"1024\" height=\"672\" src=\"https:\/\/hyperbate.fr\/fatras\/files\/2022\/01\/image-5-1024x672.png\" alt=\"\" class=\"wp-image-6709\" srcset=\"https:\/\/hyperbate.fr\/fatras\/files\/2022\/01\/image-5-1024x672.png 1024w, https:\/\/hyperbate.fr\/fatras\/files\/2022\/01\/image-5-300x197.png 300w, https:\/\/hyperbate.fr\/fatras\/files\/2022\/01\/image-5-768x504.png 768w, https:\/\/hyperbate.fr\/fatras\/files\/2022\/01\/image-5.png 1365w\" sizes=\"(max-width: 1024px) 100vw, 1024px\" \/><\/a><figcaption>Le premier \u00e9pisode du magazine Temps X parlait d\u00e9j\u00e0 du Big Bang \u2014 dans sa version la plus grand public possible : une explosion biblique qui a donn\u00e9 naissance aux \u00e9toiles&#8230; <\/figcaption><\/figure>\n\n\n\n<p><br>Ils aimaient le merveilleux de la science et ils \u00e9taient intelligents, ils ont \u00e9t\u00e9 jusqu&rsquo;\u00e0 croire qu&rsquo;ils pourraient en remontrer \u00e0 Planck et \u00e0 Einstein, qu&rsquo;ils pourraient trouver Dieu dans des \u00e9quations, et qu&rsquo;ils pourraient faire tout cela en \u00e9tant \u00e0 la fois des figures <em>people<\/em>, des clowns, m\u00eame, des \u00e9crivains de science-fiction et des producteurs de t\u00e9l\u00e9vision. Je comprends absolument tout \u00e7a. Je comprends parfaitement qu&rsquo;on veuille \u00eatre tout \u00e0 la fois. Je comprends aussi tr\u00e8s bien qu&rsquo;on soit amen\u00e9 \u00e0 la science par go\u00fbt du merveilleux et qu&rsquo;on manque un peu de forces lorsqu&rsquo;il faut avoir le courage d&rsquo;accepter qu&rsquo;on s&rsquo;est \u00e9gar\u00e9 \u2014 c&rsquo;est bien malheureusement \u00e7a, et non le g\u00e9nie r\u00e9v\u00e9l\u00e9, qui fait la science. Je peux m\u00eame concevoir qu&rsquo;on croie en soi-m\u00eame au point d&rsquo;\u00eatre obnubil\u00e9 par sa propre l\u00e9gende. Je me souviens l&rsquo;acharnement des fr\u00e8res Bogdanov \u00e0 tenter de tirer la fiche Wikip\u00e9dia qui leur \u00e9tait consacr\u00e9e vers leur point de vue, ou encore leur agressivit\u00e9 judiciaire \u2014 ils ont attaqu\u00e9 le CNRS ou la revue <em>Ciel et Espace<\/em> qui se montraient dubitatifs quant \u00e0 la valeur scientifique des th\u00e8ses des deux fr\u00e8res. Ils n&rsquo;\u00e9voquaient pas leur propre g\u00e9nie avec la plus grande honn\u00eatet\u00e9 intellectuelle ou la plus grande lucidit\u00e9 qui soit. S&rsquo;ils accusaient les Wachowski d&rsquo;avoir pill\u00e9 la moelle de leur roman <em><a rel=\"noreferrer noopener\" href=\"https:\/\/hyperbate.fr\/dernier\/?p=13459\" target=\"_blank\">La M\u00e9moire double<\/a><\/em> (1984), et affirmaient pour cette raison avoir imagin\u00e9 <em>Matrix<\/em> quinze ans avant <em>Matrix<\/em>, ils se vantaient moins d&rsquo;avoir \u00e9t\u00e9 des lecteurs enthousiastes de <em>Simulacron 3<\/em> (Daniel F. Galouye, 1964), ainsi qu&rsquo;on peut le savoir en lisant <em>Clefs pour la Science-fiction<\/em>. Ils avaient donc plut\u00f4t vingt ans de retard que quinze ans d&rsquo;avance \u2014 en tant qu&rsquo;auteurs de science-fiction ils n&rsquo;ont pas brill\u00e9 par une grande originalit\u00e9, m\u00eame si <em>La M\u00e9moire double<\/em> a beaucoup de qualit\u00e9s.<\/p>\n\n\n\n<div class=\"wp-block-image\"><figure class=\"aligncenter size-full\"><a href=\"https:\/\/twitter.com\/Enthoven_R\/status\/1476841776317190178\" target=\"_blank\" rel=\"noopener\"><img decoding=\"async\" width=\"512\" height=\"188\" src=\"https:\/\/hyperbate.fr\/fatras\/files\/2022\/01\/image.png\" alt=\"\" class=\"wp-image-6645\" srcset=\"https:\/\/hyperbate.fr\/fatras\/files\/2022\/01\/image.png 512w, https:\/\/hyperbate.fr\/fatras\/files\/2022\/01\/image-300x110.png 300w\" sizes=\"(max-width: 512px) 100vw, 512px\" \/><\/a><figcaption>Pas tr\u00e8s gentil ! Ce tweet a \u00e9t\u00e9 post\u00e9 apr\u00e8s la mort de Grichka, et alors qu&rsquo;Igor \u00e9tait dans le coma, tous deux victimes du covid-19 et ayant l&rsquo;un comme l&rsquo;autre refus\u00e9 d&rsquo;\u00eatre vaccin\u00e9s&#8230; J&rsquo;admets que la m\u00e9tamorphose des fr\u00e8res Bogdanov en faisait, litt\u00e9ralement, des monstres : des gens dont l&rsquo;apparence surprend, que l&rsquo;on montre.<\/figcaption><\/figure><\/div>\n\n\n\n<p>J&rsquo;ai quatre liens avec les fr\u00e8res Bogdanov.<br>Le premier, c&rsquo;est bien s\u00fbr que je les ai vus na\u00eetre \u00e0 la t\u00e9l\u00e9vision, et que mon go\u00fbt pour la science-fiction et ma familiarit\u00e9 avec ses th\u00e8mes leur doivent sans doute beaucoup et ma foi, je les en remercie. <br>Le second est li\u00e9 \u00e0 mon tout premier m\u00e9tier. Tout juste sorti de mon LEP de retouche-photo, j&rsquo;ai \u00e9t\u00e9 embauch\u00e9 par une soci\u00e9t\u00e9 de photogravure. Je devais notamment r\u00e9aliser des clich\u00e9s de la maquette mise en page d&rsquo;une revue, <em>N comme nouvelles<\/em><sup><a href=\"#footnote_5_6643\" id=\"identifier_5_6643\" class=\"footnote-link footnote-identifier-link\" title=\"Magazine diffus&eacute; en kiosque qui &eacute;tait exclusivement compos&eacute; d&rsquo;un format qu&rsquo;on dit mal-aim&eacute; en France, la nouvelle. Il n&rsquo;y avait pas que du fantastique et de la science-fiction.\">5<\/a><\/sup>. C&rsquo;\u00e9tait avant Indesign ou Quark Xpress et le m\u00e9tier \u00e9tait un peu plus artisanal qu&rsquo;aujourd&rsquo;hui : les colonnes de texte et la titraille, compos\u00e9es \u00e0 la machine, \u00e9taient coll\u00e9es avec les photos, les illustrations, les filets, sur des planches de papier fort ou de carton. J&rsquo;\u00e9tais tr\u00e8s mauvais dans mon m\u00e9tier, tr\u00e8s lent, notamment parce que je passais mon temps \u00e0 lire ce que j&rsquo;\u00e9tais cens\u00e9 photographier. Apr\u00e8s une semaine, j&rsquo;ai \u00e9t\u00e9 remerci\u00e9, mais je me souviens bien de la couverture du magazine :<\/p>\n\n\n\n<div class=\"wp-block-image\"><figure class=\"aligncenter size-full\"><a href=\"https:\/\/hyperbate.fr\/fatras\/files\/2022\/01\/image-2.png\"><img decoding=\"async\" width=\"569\" height=\"740\" src=\"https:\/\/hyperbate.fr\/fatras\/files\/2022\/01\/image-2.png\" alt=\"\" class=\"wp-image-6699\" srcset=\"https:\/\/hyperbate.fr\/fatras\/files\/2022\/01\/image-2.png 569w, https:\/\/hyperbate.fr\/fatras\/files\/2022\/01\/image-2-231x300.png 231w\" sizes=\"(max-width: 569px) 100vw, 569px\" \/><\/a><\/figure><\/div>\n\n\n\n<p>Ma troisi\u00e8me anecdote est ma rencontre physique avec les fr\u00e8res Bogdanov, ou en tout cas avec l&rsquo;un des deux. Je me trouvais au salon du Livre de Paris, et pour une raison quelconque je regardais le sol, lorsqu&rsquo;est apparu dans mon champ de vision un pied immense, ou en tout cas chauss\u00e9 d&rsquo;une chaussure taille clown \u2014 au moins une pointure de cinquante, ce qui m&rsquo;a impressionn\u00e9 alors que je n&rsquo;ai pas de petits pieds moi-m\u00eame<sup><a href=\"#footnote_6_6643\" id=\"identifier_6_6643\" class=\"footnote-link footnote-identifier-link\" title=\"48 selon Adidas, 46 selon la pr&eacute;fecture.\">6<\/a><\/sup>. Lorsque j&rsquo;ai lev\u00e9 les yeux, je suis tomb\u00e9 nez \u00e0 nez avec un des fr\u00e8res Bogdanov, qui s&rsquo;\u00e9tait d\u00e9j\u00e0 compos\u00e9<sup><a href=\"#footnote_7_6643\" id=\"identifier_7_6643\" class=\"footnote-link footnote-identifier-link\" title=\"Acrom&eacute;galie caus&eacute;e par des hormones de croissance et\/ou chirurgie et\/ou botox, difficile de savoir, mais les confidences r&eacute;centes de proches interrog&eacute;s apr&egrave;s le d&eacute;c&egrave;s des fr&egrave;res Bogdanov laisse penser qu&rsquo;ils ont sciemment choisi leur apparence hors-normes.\">7<\/a><\/sup> le visage un peu monstrueux que l&rsquo;on conna\u00eet.<\/p>\n\n\n\n<figure class=\"wp-block-image size-full\"><a href=\"https:\/\/www.cieletespace.fr\/actualites\/affaire-bogdanov-une-mise-au-point-de-ciel-espace\" target=\"_blank\" rel=\"noopener\"><img decoding=\"async\" width=\"831\" height=\"401\" src=\"https:\/\/hyperbate.fr\/fatras\/files\/2022\/01\/image-3.png\" alt=\"\" class=\"wp-image-6704\" srcset=\"https:\/\/hyperbate.fr\/fatras\/files\/2022\/01\/image-3.png 831w, https:\/\/hyperbate.fr\/fatras\/files\/2022\/01\/image-3-300x145.png 300w, https:\/\/hyperbate.fr\/fatras\/files\/2022\/01\/image-3-768x371.png 768w\" sizes=\"(max-width: 831px) 100vw, 831px\" \/><\/a><figcaption>C&rsquo;est moi, le \u00ab\u00a0un lecteur\u00a0\u00bb !<sup><a href=\"#footnote_8_6643\" id=\"identifier_8_6643\" class=\"footnote-link footnote-identifier-link\" title=\"On note que la date de naissance des Bogdanoff &eacute;tait signal&eacute;e en 4e de couverture de leur roman La M&eacute;moire Double&hellip; Wikip&eacute;dia connaissait cette date aussi. Pourtant il est assez courant, ces jours derniers, de lire qu&rsquo;ils &eacute;taient pudiques quant &agrave; leur &acirc;ge qu&rsquo;on ignorait leur date de naissance. C&rsquo;est &ccedil;a aussi, les fr&egrave;res Bogdanov : faire croire qu&rsquo;une donn&eacute;e est un myst&egrave;re alors m&ecirc;me qu&rsquo;elle est tout ce qu&rsquo;il y a de publique.\">8<\/a><\/sup><\/figcaption><\/figure>\n\n\n\n<p>Mon dernier lien est peut-\u00eatre moins anecdotique, ou plut\u00f4t, a eu peut-\u00eatre eu plus de cons\u00e9quences puisqu&rsquo;il s&rsquo;est ajout\u00e9 au dossier journalistique sur la cr\u00e9dibilit\u00e9 scientifique des Bogdanov. Ayant chez moi les recueils de nouvelles et le roman de science-fiction, ainsi que les deux essais consacr\u00e9spar les fr\u00e8res Bogdanov \u00e0 la Science-fiction, j&rsquo;avais pu transmettre \u00e0 <em>Ciel et Espace<\/em> la preuve, sous forme de scan, que les jumeaux s&rsquo;\u00e9taient vant\u00e9s de mani\u00e8re r\u00e9p\u00e9t\u00e9e d&rsquo;\u00eatre titulaires de doctorats universitaires bien avant que ce fut effectivement le cas.<br>Eh oui, j&rsquo;ai poukave<sup><a href=\"#footnote_9_6643\" id=\"identifier_9_6643\" class=\"footnote-link footnote-identifier-link\" title=\"Terme d&rsquo;origine gitane (comme beaucoup de mots en &laquo;&nbsp;ave&nbsp;&raquo;) qui signifie &laquo;&nbsp;d&eacute;noncer&nbsp;&raquo;, &laquo;&nbsp;balancer&nbsp;&raquo;,&hellip; Dans mon coin, on ne le conjugue pas, on &eacute;crit &laquo;&nbsp;j&rsquo;ai poukave&nbsp;&raquo; (ou &laquo;&nbsp;j&nbsp;&raquo;ai poucave&nbsp;&raquo;) et pas &laquo;&nbsp;j&rsquo;ai poukav&eacute;&nbsp;&raquo;.\">9<\/a><\/sup> les Bogdanov !<\/p>\n\n\n\n<p>J&rsquo;ai une petite tendresse pour les r\u00eaveurs, et ma foi, ces deux-l\u00e0 en \u00e9taient. Il semble exclu que leur \u0153uvre marque l&rsquo;Histoire de la physique, mais leur biographie impossible fera un bon roman.<\/p>\n\n\n\n<p> <\/p>\n<ol class=\"footnotes\"><li id=\"footnote_1_6643\" class=\"footnote\">Je pr\u00e9f\u00e8re transcrire en \u00ab\u00a0ov\u00a0\u00bb qu&rsquo;en \u00ab\u00a0off\u00a0\u00bb mais on peut bien s\u00fbr \u00e9crire Bogdanoff. On pourrait m\u00eame \u00e9crire Ostasenko-Bogdanoff, qui \u00e9tait leur patronyme complet. Leur ascendance est assez \u00e9tonnante : leur m\u00e8re, qui avait \u00e9pous\u00e9 un russe blanc, \u00e9tait la fille cach\u00e9e adult\u00e9rine d&rsquo;une aristocrate austro-hongroise et d&rsquo;un musicien noir \u00e9tasunien, Roland Hayes, premier afro-am\u00e9ricain \u00e0 avoir \u00e9t\u00e9 c\u00e9l\u00e8bre internationalement comme chanteur d&rsquo;op\u00e9ra, qu&rsquo;on dit descendre d&rsquo;un chef de tribu Ivoirien. <span class=\"footnote-back-link-wrapper\"> [<a href=\"#identifier_1_6643\" class=\"footnote-link footnote-back-link\">&#8617;<\/a>]<\/span><\/li><li id=\"footnote_2_6643\" class=\"footnote\">Digression : parmi les myst\u00e8res qui les entourent se trouve celui de la nature de leur g\u00e9mellit\u00e9, monozygote selon certain, dizygote selon d&rsquo;autres. S&rsquo;ils sont dans le premier cas, alors leur ADN \u00e9tait presque identique, et leur fragilit\u00e9 face au virus (malgr\u00e9 une sant\u00e9 de fer dit-on) pourrait s&rsquo;expliquer par un trait g\u00e9n\u00e9tique&#8230; J&rsquo;esp\u00e8re que la science se penche sur ce genre de cas. J&rsquo;y pense, car dans ma famille les trois personnes (sur dix-sept) \u00e0 ne pas avoir attrap\u00e9 le covid-19 (ou en tout cas eu de sympt\u00f4mes) sont aussi les trois dont l&rsquo;ADN est le plus \u00ab\u00a0norv\u00e9gien\u00a0\u00bb, selon les tests r\u00e9alis\u00e9s par myHeritage. Or la Norv\u00e8ge a eu (gr\u00e2ce aussi sans doute \u00e0 la conformation du pays et \u00e0 la rectitude de l&rsquo;application de sa politique sanitaire) huit fois moins de morts par habitants que la France ! <span class=\"footnote-back-link-wrapper\"> [<a href=\"#identifier_2_6643\" class=\"footnote-link footnote-back-link\">&#8617;<\/a>]<\/span><\/li><li id=\"footnote_3_6643\" class=\"footnote\">Eh oui, c&rsquo;est son v\u00e9ritable pr\u00e9nom semble-t-il. <span class=\"footnote-back-link-wrapper\"> [<a href=\"#identifier_3_6643\" class=\"footnote-link footnote-back-link\">&#8617;<\/a>]<\/span><\/li><li id=\"footnote_4_6643\" class=\"footnote\">Les Bogdanov ont grandi dans un village du d\u00e9partement du Gers. <span class=\"footnote-back-link-wrapper\"> [<a href=\"#identifier_4_6643\" class=\"footnote-link footnote-back-link\">&#8617;<\/a>]<\/span><\/li><li id=\"footnote_5_6643\" class=\"footnote\">Magazine diffus\u00e9 en kiosque qui \u00e9tait exclusivement compos\u00e9 d&rsquo;un format qu&rsquo;on dit mal-aim\u00e9 en France, la nouvelle. Il n&rsquo;y avait pas que du fantastique et de la science-fiction. <span class=\"footnote-back-link-wrapper\"> [<a href=\"#identifier_5_6643\" class=\"footnote-link footnote-back-link\">&#8617;<\/a>]<\/span><\/li><li id=\"footnote_6_6643\" class=\"footnote\">48 selon Adidas, 46 selon la pr\u00e9fecture. <span class=\"footnote-back-link-wrapper\"> [<a href=\"#identifier_6_6643\" class=\"footnote-link footnote-back-link\">&#8617;<\/a>]<\/span><\/li><li id=\"footnote_7_6643\" class=\"footnote\">Acrom\u00e9galie caus\u00e9e par des hormones de croissance et\/ou chirurgie et\/ou botox, difficile de savoir, mais les confidences r\u00e9centes de proches interrog\u00e9s apr\u00e8s le d\u00e9c\u00e8s des fr\u00e8res Bogdanov laisse penser qu&rsquo;ils ont sciemment choisi leur apparence hors-normes. <span class=\"footnote-back-link-wrapper\"> [<a href=\"#identifier_7_6643\" class=\"footnote-link footnote-back-link\">&#8617;<\/a>]<\/span><\/li><li id=\"footnote_8_6643\" class=\"footnote\">On note que la date de naissance des Bogdanoff \u00e9tait signal\u00e9e en 4e de couverture de leur roman <em>La M\u00e9moire Double<\/em>&#8230; Wikip\u00e9dia connaissait cette date aussi. Pourtant il est assez courant, ces jours derniers, de lire qu&rsquo;ils \u00e9taient pudiques quant \u00e0 leur \u00e2ge qu&rsquo;on ignorait leur date de naissance. C&rsquo;est \u00e7a aussi, les fr\u00e8res Bogdanov : faire croire qu&rsquo;une donn\u00e9e est un myst\u00e8re alors m\u00eame qu&rsquo;elle est tout ce qu&rsquo;il y a de publique. <span class=\"footnote-back-link-wrapper\"> [<a href=\"#identifier_8_6643\" class=\"footnote-link footnote-back-link\">&#8617;<\/a>]<\/span><\/li><li id=\"footnote_9_6643\" class=\"footnote\">Terme d&rsquo;origine gitane (comme beaucoup de mots en \u00ab\u00a0ave\u00a0\u00bb) qui signifie \u00ab\u00a0d\u00e9noncer\u00a0\u00bb, \u00ab\u00a0balancer\u00a0\u00bb,&#8230; Dans mon coin, on ne le conjugue pas, on \u00e9crit <em>\u00ab\u00a0j&rsquo;ai poukave\u00a0\u00bb<\/em> (ou <em>\u00ab\u00a0j\u00a0\u00bbai poucave\u00a0\u00bb<\/em>) et pas <em>\u00ab\u00a0j&rsquo;ai poukav\u00e9\u00a0\u00bb<\/em>. <span class=\"footnote-back-link-wrapper\"> [<a href=\"#identifier_9_6643\" class=\"footnote-link footnote-back-link\">&#8617;<\/a>]<\/span><\/li><\/ol>","protected":false},"excerpt":{"rendered":"<p>Igor et Grichka Bogdanov1 sont apparus dans le poste en 1979. J&rsquo;\u00e9tais \u00e0 l&rsquo;\u00e9cole primaire, il n&rsquo;y avait que trois cha\u00eenes, on n&rsquo;aurait pas pu les rater. Je me souviens de leurs combinaisons aluminium, de leur soucoupe volante, de leurs dialogues \u00e0 la fa\u00e7on des tripl\u00e9s Riri&#8211;Fifi&#8211;Loulou, o\u00f9 l&rsquo;un peut commencer une phrase et l&rsquo;autre &hellip; <a href=\"https:\/\/hyperbate.fr\/fatras\/2022\/01\/07\/igor-grichka-et-moi\/\" class=\"more-link\">Continuer la lecture de <span class=\"screen-reader-text\">Igor, Grichka, et moi<\/span><\/a><\/p>\n","protected":false},"author":1,"featured_media":0,"comment_status":"open","ping_status":"open","sticky":false,"template":"","format":"standard","meta":{"footnotes":""},"categories":[51],"tags":[],"class_list":["post-6643","post","type-post","status-publish","format-standard","hentry","category-souvenirs"],"_links":{"self":[{"href":"https:\/\/hyperbate.fr\/fatras\/wp-json\/wp\/v2\/posts\/6643","targetHints":{"allow":["GET"]}}],"collection":[{"href":"https:\/\/hyperbate.fr\/fatras\/wp-json\/wp\/v2\/posts"}],"about":[{"href":"https:\/\/hyperbate.fr\/fatras\/wp-json\/wp\/v2\/types\/post"}],"author":[{"embeddable":true,"href":"https:\/\/hyperbate.fr\/fatras\/wp-json\/wp\/v2\/users\/1"}],"replies":[{"embeddable":true,"href":"https:\/\/hyperbate.fr\/fatras\/wp-json\/wp\/v2\/comments?post=6643"}],"version-history":[{"count":2,"href":"https:\/\/hyperbate.fr\/fatras\/wp-json\/wp\/v2\/posts\/6643\/revisions"}],"predecessor-version":[{"id":6720,"href":"https:\/\/hyperbate.fr\/fatras\/wp-json\/wp\/v2\/posts\/6643\/revisions\/6720"}],"wp:attachment":[{"href":"https:\/\/hyperbate.fr\/fatras\/wp-json\/wp\/v2\/media?parent=6643"}],"wp:term":[{"taxonomy":"category","embeddable":true,"href":"https:\/\/hyperbate.fr\/fatras\/wp-json\/wp\/v2\/categories?post=6643"},{"taxonomy":"post_tag","embeddable":true,"href":"https:\/\/hyperbate.fr\/fatras\/wp-json\/wp\/v2\/tags?post=6643"}],"curies":[{"name":"wp","href":"https:\/\/api.w.org\/{rel}","templated":true}]}}