{"id":6523,"date":"2021-07-18T14:39:58","date_gmt":"2021-07-18T14:39:58","guid":{"rendered":"https:\/\/hyperbate.fr\/fatras\/?p=6523"},"modified":"2021-07-21T12:16:02","modified_gmt":"2021-07-21T12:16:02","slug":"le-covid-ou-la-covid","status":"publish","type":"post","link":"https:\/\/hyperbate.fr\/fatras\/2021\/07\/18\/le-covid-ou-la-covid\/","title":{"rendered":"\u00ab\u00a0Le covid\u00a0\u00bb, ou \u00ab\u00a0la covid\u00a0\u00bb ?"},"content":{"rendered":"\n<p>Doit-on dire \u00ab\u00a0la covid\u00a0\u00bb ou \u00ab\u00a0le covid\u00a0\u00bb ? Pendant vos vacances, ne commettez pas d&rsquo;impair ! Une infographie exclusive.<\/p>\n\n\n\n<figure class=\"wp-block-image size-large\"><a href=\"https:\/\/hyperbate.fr\/fatras\/files\/2021\/07\/image-3.png\"><img decoding=\"async\" width=\"1024\" height=\"1024\" src=\"https:\/\/hyperbate.fr\/fatras\/files\/2021\/07\/image-3-1024x1024.png\" alt=\"\" class=\"wp-image-6524\" srcset=\"https:\/\/hyperbate.fr\/fatras\/files\/2021\/07\/image-3-1024x1024.png 1024w, https:\/\/hyperbate.fr\/fatras\/files\/2021\/07\/image-3-300x300.png 300w, https:\/\/hyperbate.fr\/fatras\/files\/2021\/07\/image-3-150x150.png 150w, https:\/\/hyperbate.fr\/fatras\/files\/2021\/07\/image-3-768x768.png 768w, https:\/\/hyperbate.fr\/fatras\/files\/2021\/07\/image-3.png 1200w\" sizes=\"(max-width: 1024px) 100vw, 1024px\" \/><\/a><\/figure>\n\n\n\n<p>Depuis la publication de cette infographie, de nombreux b\u00e9n\u00e9voles issus des r\u00e9gions m&rsquo;ont signal\u00e9 quelques erreurs. En cr\u00e9ole r\u00e9unionnais on dira <em>covid<\/em>, sans article (par exemple dans la phrase : <em>\u00ab\u00a0ma la pa gingn covid\u00a0\u00bb<\/em>). En cr\u00e9ole antillais, on me propose <em>kovid-la<\/em><sup><a href=\"#footnote_1_6523\" id=\"identifier_1_6523\" class=\"footnote-link footnote-identifier-link\" title=\"On me pr&eacute;cise : &laquo;&nbsp;Il n&rsquo;y a pas de genre en cr&eacute;ole : kovid-la ce n&rsquo;est pas f&eacute;minin, c&rsquo;est neutre (wonm-la veut dire &laquo;&nbsp;le rhum&nbsp;&raquo; par exemple)&nbsp;&raquo;.\">1<\/a><\/sup>. En Artois et en Picardie on dira <em>ch&rsquo;covid<\/em> ; en flandre flamingante, <em>de koveed<\/em> ; dans le grand Est on dira <em>&lsquo;s covid<\/em>, <em>die covid<\/em>, <em>d\u2019r kovit\u2019<\/em> ou <em>deh&rsquo; coooo\u00f4\u00f4vid<\/em> ; en Vaucluse on dira <em>lou couvidou<\/em> ; dans les Alpes-de-Haute-Provence, <em>Lou covidou<\/em>, et en pays aixois, <em>Lou couvido<\/em>. Au pays basque <em>kovid-a<\/em> ; en Corse, on me propose <em>u cov&rsquo;<\/em>, <em>u covid<\/em>, <em>u govid<\/em>, ou encore <em>le mal continental<\/em>. En Bretagne soit <em>ar c&rsquo;hovid<\/em>, <em>ar gaoued<\/em> ou <em>ar govid<\/em>, sauf en pays Gallo ou \u00e7a sera <em>la covid<\/em>. En Catalogne <em>el covid<\/em> ou <em>la covid<\/em> ; en occitan pyr\u00e9n\u00e9en, <em>eth covid<\/em> ; en occitan toulousain ou en audois, <em>l\u00e9 covid<\/em> ; en grassois <em>sou covid<\/em>, tandis qu&rsquo;en mentonasque, ce sera <em>ou covid<\/em>. <br>Zut il faudrait que je redessine tout ! <\/p>\n<ol class=\"footnotes\"><li id=\"footnote_1_6523\" class=\"footnote\">On me pr\u00e9cise : <em>\u00ab\u00a0Il n&rsquo;y a pas de genre en cr\u00e9ole : kovid-la ce n&rsquo;est pas f\u00e9minin, c&rsquo;est neutre (wonm-la veut dire \u00ab\u00a0le rhum\u00a0\u00bb par exemple)\u00a0\u00bb<\/em>.<span class=\"footnote-back-link-wrapper\"> [<a href=\"#identifier_1_6523\" class=\"footnote-link footnote-back-link\">&#8617;<\/a>]<\/span><\/li><\/ol>","protected":false},"excerpt":{"rendered":"<p>Doit-on dire \u00ab\u00a0la covid\u00a0\u00bb ou \u00ab\u00a0le covid\u00a0\u00bb ? Pendant vos vacances, ne commettez pas d&rsquo;impair ! Une infographie exclusive. Depuis la publication de cette infographie, de nombreux b\u00e9n\u00e9voles issus des r\u00e9gions m&rsquo;ont signal\u00e9 quelques erreurs. En cr\u00e9ole r\u00e9unionnais on dira covid, sans article (par exemple dans la phrase : \u00ab\u00a0ma la pa gingn covid\u00a0\u00bb). En &hellip; <a href=\"https:\/\/hyperbate.fr\/fatras\/2021\/07\/18\/le-covid-ou-la-covid\/\" class=\"more-link\">Continuer la lecture de <span class=\"screen-reader-text\">\u00ab\u00a0Le covid\u00a0\u00bb, ou \u00ab\u00a0la covid\u00a0\u00bb ?<\/span><\/a><\/p>\n","protected":false},"author":1,"featured_media":0,"comment_status":"open","ping_status":"open","sticky":false,"template":"","format":"standard","meta":{"footnotes":""},"categories":[52],"tags":[],"class_list":["post-6523","post","type-post","status-publish","format-standard","hentry","category-cest-sorti-tout-seul"],"_links":{"self":[{"href":"https:\/\/hyperbate.fr\/fatras\/wp-json\/wp\/v2\/posts\/6523","targetHints":{"allow":["GET"]}}],"collection":[{"href":"https:\/\/hyperbate.fr\/fatras\/wp-json\/wp\/v2\/posts"}],"about":[{"href":"https:\/\/hyperbate.fr\/fatras\/wp-json\/wp\/v2\/types\/post"}],"author":[{"embeddable":true,"href":"https:\/\/hyperbate.fr\/fatras\/wp-json\/wp\/v2\/users\/1"}],"replies":[{"embeddable":true,"href":"https:\/\/hyperbate.fr\/fatras\/wp-json\/wp\/v2\/comments?post=6523"}],"version-history":[{"count":3,"href":"https:\/\/hyperbate.fr\/fatras\/wp-json\/wp\/v2\/posts\/6523\/revisions"}],"predecessor-version":[{"id":6543,"href":"https:\/\/hyperbate.fr\/fatras\/wp-json\/wp\/v2\/posts\/6523\/revisions\/6543"}],"wp:attachment":[{"href":"https:\/\/hyperbate.fr\/fatras\/wp-json\/wp\/v2\/media?parent=6523"}],"wp:term":[{"taxonomy":"category","embeddable":true,"href":"https:\/\/hyperbate.fr\/fatras\/wp-json\/wp\/v2\/categories?post=6523"},{"taxonomy":"post_tag","embeddable":true,"href":"https:\/\/hyperbate.fr\/fatras\/wp-json\/wp\/v2\/tags?post=6523"}],"curies":[{"name":"wp","href":"https:\/\/api.w.org\/{rel}","templated":true}]}}