{"id":6429,"date":"2021-04-15T11:17:31","date_gmt":"2021-04-15T11:17:31","guid":{"rendered":"https:\/\/hyperbate.fr\/fatras\/?p=6429"},"modified":"2024-04-07T22:44:04","modified_gmt":"2024-04-07T22:44:04","slug":"la-norme-et-le-bizarre","status":"publish","type":"post","link":"https:\/\/hyperbate.fr\/fatras\/2021\/04\/15\/la-norme-et-le-bizarre\/","title":{"rendered":"La norme et le bizarre"},"content":{"rendered":"\n<blockquote class=\"wp-block-quote has-small-font-size is-layout-flow wp-block-quote-is-layout-flow\">\n<p class=\"has-text-align-left has-small-font-size\">\u00ab\u202f\u2014 Une \u00e9crivaine avec qui j&rsquo;ai d\u00een\u00e9 m&rsquo;a dit que j&rsquo;\u00e9tais un peu autiste<br>\u2014\u202fTu m&rsquo;\u00e9tonnes.<br>\u2014 Non mais je te jure, elle a \u00e9crit plein de trucs l\u00e0-dessus, elle avait l&rsquo;air assez s\u00fbre d&rsquo;elle.<br>\u2014&nbsp;Quand je dis \u00ab\u00a0tu m&rsquo;\u00e9tonnes\u00a0\u00bb je rigole, Jean-No.<br>\u2014 Ah.\u202f\u00bb<\/p>\n<\/blockquote>\n\n\n\n<p><em>(Forme de coming-out un peu impudique peut-\u00eatre dont je signale par avance qu&rsquo;il ne constitue pas un instant une mani\u00e8re de me faire plaindre, car sur cette Terre, peu de gens sont moins \u00e0 plaindre que moi. C&rsquo;est juste une fa\u00e7on, sans doute inappropri\u00e9e, \u00e7a m&rsquo;arrive souvent, d&rsquo;essayer d&rsquo;expliquer mon temp\u00e9rament, qui peut \u00eatre une source de malentendus)<\/em><\/p>\n\n\n\n<p>Depuis tout petit, je vois bien que ma mani\u00e8re de discuter les choses (et m\u00eame de moi-m\u00eame) avec distance et na\u00efvet\u00e9 est une source d&rsquo;\u00e9tonnement, et parfois aussi de f\u00e2cherie, soit parce qu&rsquo;on a l&rsquo;impression que je ne me sens pas assez concern\u00e9 par les choses les plus graves, lorsqu&rsquo;elles sont le sujet, soit parce que ma fa\u00e7on d&rsquo;\u00eatre est prise pour une forme artificielle de surplomb. Ma tentative d&rsquo;\u00eatre objectif et juste peut passer pour une absence d&rsquo;engagement. Mon incapacit\u00e9 \u00e0 ha\u00efr pour de la complaisance ou de l&rsquo;indiff\u00e9rence.<br>De mon c\u00f4t\u00e9, depuis tout petit, j&rsquo;ai au contraire l&rsquo;impression que c&rsquo;est le monde autour de moi qui est fou-furieux, et qui pense qu&rsquo;il faut mettre le ton partout, mettre du drame dans tout ce qui est dramatique, avoir un ton comique pour dire une blague, \u00eatre tragique quand on parle d&rsquo;une trag\u00e9die, et crier, pleurer, enfin toutes ces choses que je n&rsquo;ai jamais vraiment su faire autrement qu&rsquo;\u00e0 contretemps du nombre \u2014 ce qui fait que la foule m&rsquo;a toujours terrifi\u00e9.<br>C&rsquo;est mon c\u00f4t\u00e9 Uatu.<\/p>\n\n\n<div class=\"wp-block-image\">\n<figure class=\"aligncenter size-large\"><a href=\"https:\/\/hyperbate.fr\/fatras\/files\/2021\/04\/le_gardien_uatu.jpg\"><img decoding=\"async\" width=\"435\" height=\"422\" src=\"https:\/\/hyperbate.fr\/fatras\/files\/2021\/04\/le_gardien_uatu.jpg\" alt=\"\" class=\"wp-image-6436\" srcset=\"https:\/\/hyperbate.fr\/fatras\/files\/2021\/04\/le_gardien_uatu.jpg 435w, https:\/\/hyperbate.fr\/fatras\/files\/2021\/04\/le_gardien_uatu-300x291.jpg 300w\" sizes=\"(max-width: 435px) 100vw, 435px\" \/><\/a><figcaption class=\"wp-element-caption\">Je me demande si d&rsquo;autres enfants que moi se sont d\u00e9j\u00e0 identifi\u00e9s, comme super-h\u00e9ros, \u00e0 Uatu, \u00ab\u00a0Le Gardien\u00a0\u00bb, un type chauve avec une \u00e9norme t\u00eate qui ne fait qu&rsquo;observer la marche de l&rsquo;univers sans jamais intervenir mais qui, comme il aime bien les gens quand m\u00eame, donne de temps en temps un coup de pouce. En fait assez souvent.<\/figcaption><\/figure>\n<\/div>\n\n\n<p>Inversement, et m\u00eame si \u00e7a n&rsquo;a fait que s&rsquo;am\u00e9liorer avec le temps (notamment parce que je m&rsquo;impose d&rsquo;enseigner ou de prendre la parole publiquement de diverses fa\u00e7ons \u2014 et c&rsquo;est de moins en moins une \u00e9preuve), je vois bien que mes moments d&rsquo;intense \u00e9motion perceptible concernent rarement les questions que tout le monde juge sup\u00e9rieures. \u00c7a peut \u00eatre, par exemple, quand des gens braquent leurs yeux vers moi en attendant que je dise quelque chose de pertinent et que je ne comprends pas quoi ; quand je rougis de me sentir rougir ; ou, et c&rsquo;est le pire, quand je veux exprimer quelque chose mais que je vois que \u00e7a n&rsquo;arrive pas \u00e0 \u00eatre compris. Je constate que je suis souvent particuli\u00e8rement maladroit. C&rsquo;est mon cot\u00e9 Black Bolt.<\/p>\n\n\n\n<figure class=\"wp-block-image size-large\"><a href=\"https:\/\/hyperbate.fr\/fatras\/files\/2021\/04\/black_bolt.jpg\"><img decoding=\"async\" width=\"750\" height=\"343\" src=\"https:\/\/hyperbate.fr\/fatras\/files\/2021\/04\/black_bolt.jpg\" alt=\"\" class=\"wp-image-6433\" srcset=\"https:\/\/hyperbate.fr\/fatras\/files\/2021\/04\/black_bolt.jpg 750w, https:\/\/hyperbate.fr\/fatras\/files\/2021\/04\/black_bolt-300x137.jpg 300w\" sizes=\"(max-width: 750px) 100vw, 750px\" \/><\/a><figcaption class=\"wp-element-caption\">Second des trois personnages de fiction auxquels je m&rsquo;identifiais, enfant : Black Bolt (Fl\u00e8che-Noire), qui dirige les \u00ab\u00a0Inhumains\u00a0\u00bb (je ne vais pas vous raconter, je vous laisse vous renseigner, mais je ne vous recommande pas la r\u00e9cente adaptation t\u00e9l\u00e9). Il est r\u00e9put\u00e9 d&rsquo;une grande sagesse et souffre d&rsquo;un handicap : il ne peut pas parler, car il ne ma\u00eetrise pas la puissance de sa propre voix, qui peut d\u00e9truire une ville enti\u00e8re, ce qu&rsquo;il n&rsquo;a jamais envie de faire puisqu&rsquo;il est, on l&rsquo;a dit, plein de sagesse. Enfin \u00e7a lui prend parfois quand m\u00eame.<\/figcaption><\/figure>\n\n\n\n<p>J&rsquo;ai v\u00e9cu le peu d&rsquo;\u00e9v\u00e9nements tragiques de ma vie (douce en tout jusqu&rsquo;ici) avec une certaine indiff\u00e9rence apparente et en n&rsquo;en gardant d&rsquo;ailleurs aucun souvenir \u00e9motionnel, alors qu&rsquo;\u00e0 l&rsquo;inverse, je peux vivre des emballements tr\u00e8s intenses pour des questions qui semblent futiles \u00e0 d&rsquo;autres et que je peux \u00e9num\u00e9rer : le graffiti ; la programmation ; l&rsquo;Histoire de l&rsquo;art ; la peinture et le dessin ; internet (notamment les forums) ; la bande dessin\u00e9e ; Wikip\u00e9dia ; mes blogs ; le th\u00e8me de la fin du monde ; la g\u00e9n\u00e9alogie. Nathalie voit \u00e7a comme des \u00ab\u00a0p\u00e9riodes\u00a0\u00bb : je suis \u00e0 fond dans un truc, et \u00e7a dure trois ans puis un nouveau truc me passionne, sans que j&rsquo;abandonne jamais tout \u00e0 fait les passions pr\u00e9c\u00e9dentes, mais en m&rsquo;obnubilant clairement. Parfois je parviens \u00e0 transmettre mon enthousiasme autour de moi, parfois je fatigue juste les gens avec mes marottes incongrues.<\/p>\n\n\n\n<p>Enfin bref, voil\u00e0 comme je suis. Je me voyais jusque r\u00e9cemment encore comme un grand timide et un c\u00e9r\u00e9bral, mais sans me dire que j&rsquo;\u00e9tais r\u00e9ellement bizarre, d&rsquo;autant que je ne suis pas seul \u00e0 \u00eatre tel que je suis. Je me disais jusqu&rsquo;ici que c&rsquo;\u00e9tait d\u00fb \u00e0 mon ascendance norv\u00e9gienne.<br>Et puis un jour, une dame qui a des raisons familiales de s&rsquo;y conna\u00eetre et avec qui j&rsquo;ai d\u00een\u00e9 un soir<sup><a href=\"#footnote_1_6429\" id=\"identifier_1_6429\" class=\"footnote-link footnote-identifier-link\" title=\"C&rsquo;&eacute;tait en fait une journaliste et &eacute;crivaine invit&eacute;e par mon &eacute;cole, j&rsquo;avais la charge de lui montrer un peu la ville.\">1<\/a><\/sup> m&rsquo;a donn\u00e9 son diagnostic sauvage : selon elle, j&rsquo;entre dans le spectre autistique, je suis atteint du syndrome d&rsquo;Asperger. Tr\u00e8s l\u00e9g\u00e8rement, sans doute, mais suffisamment pour que \u00e7a lui saute aux yeux, non pas pour les traits de caract\u00e8re que j&rsquo;\u00e9voque ci-avant, mais, apparemment, pour des traits auxquels je n&rsquo;aurais jamais pens\u00e9, comme ma mani\u00e8re de constamment baisser les yeux et autres tics, le d\u00e9calage entre ce dont je parle et l&rsquo;expression de mon visage, ma mani\u00e8re m\u00eame de parler \u2014 tant dans le ton de ma voix que pour mon vocabulaire.<br>Je n&rsquo;ai pas tent\u00e9 de faire v\u00e9rifier cette intuition par une personne dont c&rsquo;est la profession, car au fond je ne vois pas ce que \u00e7a changerait, mais \u00e7a m&rsquo;a \u00e9clair\u00e9 sur mes na\u00efvet\u00e9s, mes moments \u00ab\u00a0premier degr\u00e9\u00a0\u00bb, ma prosopagnosie<sup><a href=\"#footnote_2_6429\" id=\"identifier_2_6429\" class=\"footnote-link footnote-identifier-link\" title=\"Apparemment, la prosopagnosie, c&rsquo;est &agrave; dire la difficult&eacute; &agrave; reconna&icirc;tre des visages, peut-&ecirc;tre li&eacute;e au syndr&ocirc;me d&rsquo;Asperger.\">2<\/a><\/sup>, sur mon rapport au monde, \u00e0 l&rsquo;honn\u00eatet\u00e9<sup><a href=\"#footnote_3_6429\" id=\"identifier_3_6429\" class=\"footnote-link footnote-identifier-link\" title=\"Lors d&rsquo;un workshop consacr&eacute; aux &laquo;&nbsp;fake news&nbsp;&raquo; &agrave; l&rsquo;&eacute;cole d&rsquo;art du Havre, trois &eacute;tudiants m&rsquo;avaient demand&eacute; de participer &agrave; une exp&eacute;rience sociale : je devais donner rendez-vous &agrave; tous les &eacute;tudiants participants &agrave; une heure et un lieu pr&eacute;cis, mais ne jamais m&rsquo;y pr&eacute;senter. L&rsquo;exp&eacute;rience consistait &agrave; observer (et filmer) la r&eacute;action des &eacute;tudiants &mdash; lesquels ont &eacute;t&eacute; para&icirc;t-il tr&egrave;s patients et ont invent&eacute; mille hypoth&egrave;ses bienveillantes pour m&rsquo;attendre une bonne heure. J&rsquo;avais accept&eacute; de me pr&ecirc;ter au jeu, mais dans la douleur et la honte, car je n&rsquo;aime ni mentir ni &ecirc;tre en retard. &Eacute;motionnellement incapable de supporter la situation, j&rsquo;avais quitt&eacute; l&rsquo;&eacute;cole pour aller sur la plage du Havre o&ugrave; je suis rest&eacute; jusqu&rsquo;au soir. J&rsquo;en rougis encore en y pensant.\">3<\/a><\/sup>, \u00e0 la bonne foi, \u00e0 la justice.<\/p>\n\n\n<div class=\"wp-block-image\">\n<figure class=\"aligncenter size-large\"><a href=\"https:\/\/hyperbate.fr\/fatras\/files\/2021\/04\/spock.jpeg\"><img decoding=\"async\" width=\"630\" height=\"315\" src=\"https:\/\/hyperbate.fr\/fatras\/files\/2021\/04\/spock.jpeg\" alt=\"\" class=\"wp-image-6451\" srcset=\"https:\/\/hyperbate.fr\/fatras\/files\/2021\/04\/spock.jpeg 630w, https:\/\/hyperbate.fr\/fatras\/files\/2021\/04\/spock-300x150.jpeg 300w\" sizes=\"(max-width: 630px) 100vw, 630px\" \/><\/a><figcaption class=\"wp-element-caption\">Le troisi\u00e8me h\u00e9ros auquel je me suis toujours identifi\u00e9 : monsieur Spock, dans Star Trek, mi-humain, mi-vulcain, qui porte un regard \u00e9tonn\u00e9 sur le manque de logique des actions ou des r\u00e9actions de son entourage humain, comme envers ses propres sentiments.<\/figcaption><\/figure>\n<\/div>\n\n\n<p>\u00c0 y r\u00e9fl\u00e9chir, donc, il me semble concevable que je souffre d&rsquo;un tr\u00e8s l\u00e9ger handicap social, aux franges du spectre autistique. Tr\u00e8s l\u00e9ger car il ne m&rsquo;a jamais emp\u00each\u00e9 d&rsquo;avoir des amiti\u00e9s (nombreuses et soutenues), de travailler, d&rsquo;\u00eatre heureux. C&rsquo;est juste une petite bizarrerie, quoi, qui fait que je suis nerveusement incapable de jouer \u00e0 un jeu de soci\u00e9t\u00e9, et qui fait que je suis distanci\u00e9, ne serait-ce qu&rsquo;\u00e0 mon propre sujet, ou encore que je me montre notoirement patient dans mes conversations<sup><a href=\"#footnote_4_6429\" id=\"identifier_4_6429\" class=\"footnote-link footnote-identifier-link\" title=\"Je le dis, car c&rsquo;est une chose qui revient tr&egrave;s souvent, on me f&eacute;licite pour ma patience alors que je sais que celle-ci n&rsquo;a rien de forc&eacute; et ne me cause aucune douleur particuli&egrave;re.\">4<\/a><\/sup> et assez indiff\u00e9rent aux cat\u00e9gories ou aux positions d&rsquo;autorit\u00e9 qui me semblent non-rationnelles<sup><a href=\"#footnote_5_6429\" id=\"identifier_5_6429\" class=\"footnote-link footnote-identifier-link\" title=\"Je ne vais pas d&eacute;velopper ce que j&rsquo;entends par l&agrave;, c&rsquo;est un sujet &agrave; part enti&egrave;re.\">5<\/a><\/sup>.<\/p>\n\n\n\n<p>Bon, en attendant que j&rsquo;arrive aux \u00e2ges o\u00f9 on a des choses passionnantes \u00e0 raconter sur ses probl\u00e8mes de sant\u00e9, je crois que vous savez vraiment tout sur moi !<\/p>\n<ol class=\"footnotes\"><li id=\"footnote_1_6429\" class=\"footnote\">C&rsquo;\u00e9tait en fait une journaliste et \u00e9crivaine invit\u00e9e par mon \u00e9cole, j&rsquo;avais la charge de lui montrer un peu la ville. <span class=\"footnote-back-link-wrapper\"> [<a href=\"#identifier_1_6429\" class=\"footnote-link footnote-back-link\">&#8617;<\/a>]<\/span><\/li><li id=\"footnote_2_6429\" class=\"footnote\">Apparemment, la prosopagnosie, c&rsquo;est \u00e0 dire la difficult\u00e9 \u00e0 reconna\u00eetre des visages, peut-\u00eatre li\u00e9e au syndr\u00f4me d&rsquo;Asperger. <span class=\"footnote-back-link-wrapper\"> [<a href=\"#identifier_2_6429\" class=\"footnote-link footnote-back-link\">&#8617;<\/a>]<\/span><\/li><li id=\"footnote_3_6429\" class=\"footnote\">Lors d&rsquo;un workshop consacr\u00e9 aux \u00ab\u00a0fake news\u00a0\u00bb \u00e0 l&rsquo;\u00e9cole d&rsquo;art du Havre, trois \u00e9tudiants m&rsquo;avaient demand\u00e9 de participer \u00e0 une exp\u00e9rience sociale : je devais donner rendez-vous \u00e0 tous les \u00e9tudiants participants \u00e0 une heure et un lieu pr\u00e9cis, mais ne jamais m&rsquo;y pr\u00e9senter. L&rsquo;exp\u00e9rience consistait \u00e0 observer (et filmer) la r\u00e9action des \u00e9tudiants \u2014 lesquels ont \u00e9t\u00e9 para\u00eet-il tr\u00e8s patients et ont invent\u00e9 mille hypoth\u00e8ses bienveillantes pour m&rsquo;attendre une bonne heure. J&rsquo;avais accept\u00e9 de me pr\u00eater au jeu, mais dans la douleur et la honte, car je n&rsquo;aime ni mentir ni \u00eatre en retard. \u00c9motionnellement incapable de supporter la situation, j&rsquo;avais quitt\u00e9 l&rsquo;\u00e9cole pour aller sur la plage du Havre o\u00f9 je suis rest\u00e9 jusqu&rsquo;au soir. J&rsquo;en rougis encore en y pensant. <span class=\"footnote-back-link-wrapper\"> [<a href=\"#identifier_3_6429\" class=\"footnote-link footnote-back-link\">&#8617;<\/a>]<\/span><\/li><li id=\"footnote_4_6429\" class=\"footnote\">Je le dis, car c&rsquo;est une chose qui revient tr\u00e8s souvent, on me f\u00e9licite pour ma patience alors que je sais que celle-ci n&rsquo;a rien de forc\u00e9 et ne me cause aucune douleur particuli\u00e8re. <span class=\"footnote-back-link-wrapper\"> [<a href=\"#identifier_4_6429\" class=\"footnote-link footnote-back-link\">&#8617;<\/a>]<\/span><\/li><li id=\"footnote_5_6429\" class=\"footnote\">Je ne vais pas d\u00e9velopper ce que j&rsquo;entends par l\u00e0, c&rsquo;est un sujet \u00e0 part enti\u00e8re. <span class=\"footnote-back-link-wrapper\"> [<a href=\"#identifier_5_6429\" class=\"footnote-link footnote-back-link\">&#8617;<\/a>]<\/span><\/li><\/ol>","protected":false},"excerpt":{"rendered":"<p>\u00ab\u202f\u2014 Une \u00e9crivaine avec qui j&rsquo;ai d\u00een\u00e9 m&rsquo;a dit que j&rsquo;\u00e9tais un peu autiste\u2014\u202fTu m&rsquo;\u00e9tonnes.\u2014 Non mais je te jure, elle a \u00e9crit plein de trucs l\u00e0-dessus, elle avait l&rsquo;air assez s\u00fbre d&rsquo;elle.\u2014&nbsp;Quand je dis \u00ab\u00a0tu m&rsquo;\u00e9tonnes\u00a0\u00bb je rigole, Jean-No.\u2014 Ah.\u202f\u00bb (Forme de coming-out un peu impudique peut-\u00eatre dont je signale par avance qu&rsquo;il ne &hellip; <a href=\"https:\/\/hyperbate.fr\/fatras\/2021\/04\/15\/la-norme-et-le-bizarre\/\" class=\"more-link\">Continuer la lecture de <span class=\"screen-reader-text\">La norme et le bizarre<\/span><\/a><\/p>\n","protected":false},"author":1,"featured_media":0,"comment_status":"open","ping_status":"open","sticky":false,"template":"","format":"standard","meta":{"footnotes":""},"categories":[1],"tags":[],"class_list":["post-6429","post","type-post","status-publish","format-standard","hentry","category-non-classe"],"_links":{"self":[{"href":"https:\/\/hyperbate.fr\/fatras\/wp-json\/wp\/v2\/posts\/6429","targetHints":{"allow":["GET"]}}],"collection":[{"href":"https:\/\/hyperbate.fr\/fatras\/wp-json\/wp\/v2\/posts"}],"about":[{"href":"https:\/\/hyperbate.fr\/fatras\/wp-json\/wp\/v2\/types\/post"}],"author":[{"embeddable":true,"href":"https:\/\/hyperbate.fr\/fatras\/wp-json\/wp\/v2\/users\/1"}],"replies":[{"embeddable":true,"href":"https:\/\/hyperbate.fr\/fatras\/wp-json\/wp\/v2\/comments?post=6429"}],"version-history":[{"count":3,"href":"https:\/\/hyperbate.fr\/fatras\/wp-json\/wp\/v2\/posts\/6429\/revisions"}],"predecessor-version":[{"id":7157,"href":"https:\/\/hyperbate.fr\/fatras\/wp-json\/wp\/v2\/posts\/6429\/revisions\/7157"}],"wp:attachment":[{"href":"https:\/\/hyperbate.fr\/fatras\/wp-json\/wp\/v2\/media?parent=6429"}],"wp:term":[{"taxonomy":"category","embeddable":true,"href":"https:\/\/hyperbate.fr\/fatras\/wp-json\/wp\/v2\/categories?post=6429"},{"taxonomy":"post_tag","embeddable":true,"href":"https:\/\/hyperbate.fr\/fatras\/wp-json\/wp\/v2\/tags?post=6429"}],"curies":[{"name":"wp","href":"https:\/\/api.w.org\/{rel}","templated":true}]}}