{"id":6337,"date":"2020-10-16T12:35:17","date_gmt":"2020-10-16T12:35:17","guid":{"rendered":"http:\/\/hyperbate.fr\/fatras\/?p=6337"},"modified":"2021-02-14T11:41:17","modified_gmt":"2021-02-14T11:41:17","slug":"scandale","status":"publish","type":"post","link":"https:\/\/hyperbate.fr\/fatras\/2020\/10\/16\/scandale\/","title":{"rendered":"Cr\u00e9ons un scandale d&rsquo;\u00c9tat"},"content":{"rendered":"\n<p>J&rsquo;aimerais acheter une combinaison Hazmat et prendre le m\u00e9tro ou le bus avec. Il faudrait que deux ou trois autres personnes en fassent autant, et puis qu&rsquo;on se retrouve chacun film\u00e9 par des passants, et mis sur Youtube ou sur Twitter. Les internautes rigoleraient bien, au d\u00e9but.<\/p>\n\n\n\n<div class=\"wp-block-image\"><figure class=\"aligncenter\"><img decoding=\"async\" width=\"464\" height=\"464\" src=\"https:\/\/hyperbate.fr\/fatras\/files\/2020\/10\/dupont_hazmat.jpg\" alt=\"\" class=\"wp-image-6338\" srcset=\"https:\/\/hyperbate.fr\/fatras\/files\/2020\/10\/dupont_hazmat.jpg 464w, https:\/\/hyperbate.fr\/fatras\/files\/2020\/10\/dupont_hazmat-150x150.jpg 150w, https:\/\/hyperbate.fr\/fatras\/files\/2020\/10\/dupont_hazmat-300x300.jpg 300w\" sizes=\"(max-width: 464px) 100vw, 464px\" \/><figcaption><em>HAZ<\/em>ardous <em>MAT<\/em>erial suit (1000 euros environ).<\/figcaption><\/figure><\/div>\n\n\n\n<p>Et puis Cnews en parlerait et demanderait \u00e0 un repr\u00e9sentant de commerce d&rsquo;une soci\u00e9t\u00e9 qui les fabrique si ces combinaisons prot\u00e8gent vraiment. Le mec dirait que oui, \u00e9videmment. Il le dirait d\u00e9j\u00e0 parce qu&rsquo;il est pay\u00e9 pour \u00e7a, mais aussi parce que c&rsquo;est vrai, \u00e7a prot\u00e8ge.<br>Alors Pascal Praud sortirait de ses gonds : <em>\u00ab\u00a0mais comment \u00e7a se fait qu&rsquo;on n&rsquo;en distribue pas \u00e0 tous les Fran\u00e7ais ?!\u00a0\u00bb<\/em>.<br>Paniqu\u00e9, le gouvernement commanderait des combinaisons en catastrophe sur Aliexpress. Le d\u00e9lai d&rsquo;exp\u00e9dition est d&rsquo;un bon mois, voire plus si les porte-conteneurs affrontent des temp\u00eates, mais bon, pas le choix : il n&rsquo;y a plus d&rsquo;usines capables de produire ce genre de truc en France. Malheureusement, les fournisseurs chinois enverraient tous un mail pour dire que finalement ils vendent plut\u00f4t aux \u00c9tats-Unis car Donald Trump s&rsquo;est engag\u00e9 \u00e0 payer un dollar de plus par combinaison.<\/p>\n\n\n\n<p>Ce serait le d\u00e9sespoir. L&rsquo;opposition demanderait une commission parlementaire pour mettre la honte aux ministres, lesquels annonceraient juste \u00e0 ce moment-l\u00e0 que finalement ils veulent tenter leur chance en se pr\u00e9sentant au Conseil g\u00e9n\u00e9ral de la Creuse ou autre \u00e9lection pour laquelle \u00e7a ne se bouscule en g\u00e9n\u00e9ral pas trop. La v\u00e9rit\u00e9, ce serait qu&rsquo;ils font dans leur froc, la voil\u00e0 la v\u00e9rit\u00e9.<br>Roselyne Bachelot passerait partout \u00e0 la t\u00e9l\u00e9 pour se vanter que, elle, elle en avait command\u00e9, des combinaisons, lors des \u00e9pid\u00e9mies de gastro sous la pr\u00e9sidence de Sarkozy (vous vous souvenez ? Sous Sarko c&rsquo;\u00e9tait gastro sur gastro), et que tout le monde s&rsquo;\u00e9tait bien foutu de sa gueule \u00e0 l&rsquo;\u00e9poque mais qu&rsquo;elle avait raison, la preuve !<br>Ce serait son moment de gloire.<\/p>\n\n\n\n<p>Le docteur Raoult ferait une vid\u00e9o pour dire que ses confr\u00e8res sont fous, incomp\u00e9tents ou corrompus, mais il oublierait compl\u00e8tement d&rsquo;argumenter, en fait il oublierait m\u00eame de dire ce qu&rsquo;il leur reproche, ce qui fait que sur ce coup, seuls les believers vraiment hardcore le suivraient et s&rsquo;indigneraient en apprenant que l&rsquo;ordre des m\u00e9decins envisagerait (pour rire, parce qu&rsquo;ils ne le feraient pas, en vrai) des sanctions. Des employ\u00e9s de la fili\u00e8re nucl\u00e9aire arrondiraient leurs fins de mois en vendant leurs combinaisons usag\u00e9es sur leboncoin, les d\u00e9put\u00e9s R\u00e9publique en marche s&rsquo;indigneraient face \u00e0 ce trafic, voteraient une loi interdisant ces achats, mais on apprendrait plus tard par M\u00e9diapart que les parlementaires n&rsquo;auront pas \u00e9t\u00e9 les derniers \u00e0 acheter ce genre d&rsquo;\u00e9quipement au march\u00e9 noir pour eux-m\u00eames.<\/p>\n\n\n\n<p>Les combinaisons command\u00e9es commenceraient \u00e0 arriver, mais le doute s&rsquo;installerait : \u00e7a n&rsquo;a pas l&rsquo;air tr\u00e8s pratique, quand m\u00eame, ces bidules. Pascal Praud lancerait le d\u00e9bat : <em>\u00ab\u00a0est-ce qu&rsquo;il est bien utile de porter ces trucs qui contraignent les mouvements ?\u00a0\u00bb<\/em> D&rsquo;autres diraient que c&rsquo;est bien ce qu&rsquo;il fallait, mais que c&rsquo;est trop tard, que c&rsquo;est deux mois plus t\u00f4t qu&rsquo;on en aurait eu besoin. Nicolas Dupont-Aignan ferait un tweet bien senti pour comparer \u00e7a \u00e0 du George Orwell et compagnie car il est quasi impossible de p\u00e9cho en boite de nuit quand on porte une combinaison de protection int\u00e9grale.<br>Mais les gens seraient \u00e0 nouveau indign\u00e9s en apprenant que le gouvernement ne distribue les combinaisons qu&rsquo;aux gens fragiles ou expos\u00e9s. Pascal Praud monterait sur ses grands chevaux : <em>\u00ab\u00a0Pourquoi seulement les plus expos\u00e9s ? Et les autres, on pense pas \u00e0 nous ?\u00a0\u00bb<\/em>. Il \u00e9toufferait de rage en apprenant que le gouvernement veut faire payer un euro symbolique chaque combinaison distribu\u00e9e : <em>\u00ab\u00a0et les plus pr\u00e9caires, qui pense \u00e0 eux, hein ? C&rsquo;est des mesures \u00e0 deux vitesses !\u00a0\u00bb<\/em>. Le gouvernement ferait alors marche-arri\u00e8re, dirait qu&rsquo;en fait il ne voulait pas les vendre mais qu&rsquo;il voulait les donner, que ce serait gratuit, qu&rsquo;on n&rsquo;a rien compris, ou qu&rsquo;il n&rsquo;a pas fait preuve d&rsquo;assez de p\u00e9dagogie, enfin que c&rsquo;est un malentendu, bien entendu. <em>\u00ab\u00a0Mais qui va payer, alors ? Nos imp\u00f4ts ?\u00a0\u00bb<\/em>, s&rsquo;\u00e9tranglera, une derni\u00e8re fois, Pascal Praud, qui prendra ensuite des vacances bien m\u00e9rit\u00e9es.<\/p>\n\n\n\n<p>Mais de toute fa\u00e7on, effectivement, il sera trop tard. Plus personne ne voudra des combinaisons, car on aura r\u00e9v\u00e9l\u00e9 qu&rsquo;elles sont deux fois trop petites, qu&rsquo;elles sont poreuses, inflammables et que m\u00eame sans br\u00fbler elles d\u00e9gagent un produit toxique pour les voies respiratoires, car ce ne sont pas des vraies combinaisons, mais un gadget rigolo vendu (sans grand succ\u00e8s, \u00e0 vrai dire) \u00e0 destination de certains pays d&rsquo;Am\u00e9rique du Sud afin de confectionner des pi\u00f1atas pour Halloween. <br>Le gouvernement, soucieux de ne pas faire trop de frais, aura en effet command\u00e9 les produits les moins chers du site, sans lire leur description compl\u00e8te, sans faire attention aux dimensions pourtant clairement indiqu\u00e9es, et en se laissant mystifier par les commentaires \u00e9logieux post\u00e9s par des faux clients.<\/p>\n\n\n\n<p>Tout \u00e7a nous aura bien occup\u00e9s, c&rsquo;est l&rsquo;essentiel.<br>En France, on n&rsquo;a pas de p\u00e9trole mais on a des sujets de conversation.<\/p>\n","protected":false},"excerpt":{"rendered":"<p>J&rsquo;aimerais acheter une combinaison Hazmat et prendre le m\u00e9tro ou le bus avec. Il faudrait que deux ou trois autres personnes en fassent autant, et puis qu&rsquo;on se retrouve chacun film\u00e9 par des passants, et mis sur Youtube ou sur Twitter. Les internautes rigoleraient bien, au d\u00e9but. Et puis Cnews en parlerait et demanderait \u00e0 &hellip; <a href=\"https:\/\/hyperbate.fr\/fatras\/2020\/10\/16\/scandale\/\" class=\"more-link\">Continuer la lecture de <span class=\"screen-reader-text\">Cr\u00e9ons un scandale d&rsquo;\u00c9tat<\/span><\/a><\/p>\n","protected":false},"author":1,"featured_media":0,"comment_status":"open","ping_status":"open","sticky":false,"template":"","format":"standard","meta":{"footnotes":""},"categories":[46,25],"tags":[],"class_list":["post-6337","post","type-post","status-publish","format-standard","hentry","category-ca-arrivera","category-pensee-du-jour"],"_links":{"self":[{"href":"https:\/\/hyperbate.fr\/fatras\/wp-json\/wp\/v2\/posts\/6337","targetHints":{"allow":["GET"]}}],"collection":[{"href":"https:\/\/hyperbate.fr\/fatras\/wp-json\/wp\/v2\/posts"}],"about":[{"href":"https:\/\/hyperbate.fr\/fatras\/wp-json\/wp\/v2\/types\/post"}],"author":[{"embeddable":true,"href":"https:\/\/hyperbate.fr\/fatras\/wp-json\/wp\/v2\/users\/1"}],"replies":[{"embeddable":true,"href":"https:\/\/hyperbate.fr\/fatras\/wp-json\/wp\/v2\/comments?post=6337"}],"version-history":[{"count":3,"href":"https:\/\/hyperbate.fr\/fatras\/wp-json\/wp\/v2\/posts\/6337\/revisions"}],"predecessor-version":[{"id":6412,"href":"https:\/\/hyperbate.fr\/fatras\/wp-json\/wp\/v2\/posts\/6337\/revisions\/6412"}],"wp:attachment":[{"href":"https:\/\/hyperbate.fr\/fatras\/wp-json\/wp\/v2\/media?parent=6337"}],"wp:term":[{"taxonomy":"category","embeddable":true,"href":"https:\/\/hyperbate.fr\/fatras\/wp-json\/wp\/v2\/categories?post=6337"},{"taxonomy":"post_tag","embeddable":true,"href":"https:\/\/hyperbate.fr\/fatras\/wp-json\/wp\/v2\/tags?post=6337"}],"curies":[{"name":"wp","href":"https:\/\/api.w.org\/{rel}","templated":true}]}}