{"id":5453,"date":"2018-02-27T22:04:34","date_gmt":"2018-02-27T22:04:34","guid":{"rendered":"http:\/\/hyperbate.fr\/fatras\/?p=5453"},"modified":"2018-02-27T22:04:34","modified_gmt":"2018-02-27T22:04:34","slug":"migrants-a-paris-8","status":"publish","type":"post","link":"https:\/\/hyperbate.fr\/fatras\/2018\/02\/27\/migrants-a-paris-8\/","title":{"rendered":"Migrants \u00e0 Paris 8"},"content":{"rendered":"<p>Les \u00e9tudiants en arts plastiques \u00e0 Paris 8 n&rsquo;auront pas profit\u00e9 longtemps de la r\u00e9novation de leurs locaux, car ceux-ci sont d\u00e9sormais occup\u00e9s par des migrants, ou plut\u00f4t des exil\u00e9.e.s, selon la formule en vogue<sup><a href=\"#footnote_1_5453\" id=\"identifier_1_5453\" class=\"footnote-link footnote-identifier-link\" title=\"Je dois dire que je n&rsquo;ai pas vu de femmes parmi les personnes que j&rsquo;ai identifi&eacute;es comme migrantes.\">1<\/a><\/sup>.<\/p>\n<p><img decoding=\"async\" class=\"aligncenter size-medium wp-image-5461\" src=\"https:\/\/hyperbate.fr\/fatras\/files\/2018\/02\/migrants5-225x300.jpg\" alt=\"\" width=\"225\" height=\"300\" srcset=\"https:\/\/hyperbate.fr\/fatras\/files\/2018\/02\/migrants5-225x300.jpg 225w, https:\/\/hyperbate.fr\/fatras\/files\/2018\/02\/migrants5-768x1024.jpg 768w, https:\/\/hyperbate.fr\/fatras\/files\/2018\/02\/migrants5.jpg 900w\" sizes=\"(max-width: 225px) 100vw, 225px\" \/><\/p>\n<p>Deux logiques sont \u00e0 l&rsquo;\u0153uvre : une logique humaniste, qui pousse \u00e0 la sympathie envers des mis\u00e9reux venus d&rsquo;\u00c9thiopie, d&rsquo;\u00c9rythr\u00e9e, du Soudan ou de Guin\u00e9e, qu&rsquo;il est naturel de prot\u00e9ger d&rsquo;un froid glacial ; une logique li\u00e9e \u00e0 la mission p\u00e9dagogique des enseignants, puisque de nombreux cours ne peuvent avoir lieu dans ces conditions. Ces deux logiques sont l\u00e9gitimes, et pour trancher, il faudrait pouvoir \u00e9valuer de nombreux param\u00e8tres : solutions de logement alternatives, but vis\u00e9, revendications exprim\u00e9es, efficacit\u00e9 de l&rsquo;action,&#8230; Compliqu\u00e9.<\/p>\n<p>Pendant une r\u00e9union de d\u00e9partement, nous sommes mont\u00e9s voir l&rsquo;\u00e9tat des salles. D\u00e8s que j&rsquo;ai sorti mon appareil photo, un gaillard s&rsquo;est coll\u00e9 derri\u00e8re moi, afin, je crois, de v\u00e9rifier que je ne photographiais pas de visages \u2014 c&rsquo;est ce que j&rsquo;ai d\u00e9duit \u00e0 son attitude et au fait qu&rsquo;il \u00e9tait affich\u00e9 \u00e0 plusieurs endroits qu&rsquo;il ne fallait prendre personne en photo. Je n&rsquo;ai donc pris en photo que les murs et les objets. Les migrants eux-m\u00eames nous ont regard\u00e9 avec des yeux inquiets : qui sont ces adultes qui d\u00e9barquent en masse ?<\/p>\n<div id='gallery-1' class='gallery galleryid-5453 gallery-columns-3 gallery-size-thumbnail'><figure class='gallery-item'>\n\t\t\t<div class='gallery-icon landscape'>\n\t\t\t\t<a href='https:\/\/hyperbate.fr\/fatras\/2018\/02\/27\/migrants-a-paris-8\/migrants2\/'><img decoding=\"async\" width=\"150\" height=\"150\" src=\"https:\/\/hyperbate.fr\/fatras\/files\/2018\/02\/migrants2-150x150.jpg\" class=\"attachment-thumbnail size-thumbnail\" alt=\"\" \/><\/a>\n\t\t\t<\/div><\/figure><figure class='gallery-item'>\n\t\t\t<div class='gallery-icon landscape'>\n\t\t\t\t<a href='https:\/\/hyperbate.fr\/fatras\/2018\/02\/27\/migrants-a-paris-8\/migrants3\/'><img decoding=\"async\" width=\"150\" height=\"150\" src=\"https:\/\/hyperbate.fr\/fatras\/files\/2018\/02\/migrants3-150x150.jpg\" class=\"attachment-thumbnail size-thumbnail\" alt=\"\" \/><\/a>\n\t\t\t<\/div><\/figure><figure class='gallery-item'>\n\t\t\t<div class='gallery-icon landscape'>\n\t\t\t\t<a href='https:\/\/hyperbate.fr\/fatras\/2018\/02\/27\/migrants-a-paris-8\/migrants21\/'><img decoding=\"async\" width=\"150\" height=\"150\" src=\"https:\/\/hyperbate.fr\/fatras\/files\/2018\/02\/migrants21-150x150.jpg\" class=\"attachment-thumbnail size-thumbnail\" alt=\"\" \/><\/a>\n\t\t\t<\/div><\/figure><figure class='gallery-item'>\n\t\t\t<div class='gallery-icon landscape'>\n\t\t\t\t<a href='https:\/\/hyperbate.fr\/fatras\/2018\/02\/27\/migrants-a-paris-8\/migrants20\/'><img decoding=\"async\" width=\"150\" height=\"150\" src=\"https:\/\/hyperbate.fr\/fatras\/files\/2018\/02\/migrants20-150x150.jpg\" class=\"attachment-thumbnail size-thumbnail\" alt=\"\" \/><\/a>\n\t\t\t<\/div><\/figure><figure class='gallery-item'>\n\t\t\t<div class='gallery-icon portrait'>\n\t\t\t\t<a href='https:\/\/hyperbate.fr\/fatras\/2018\/02\/27\/migrants-a-paris-8\/migrants19\/'><img decoding=\"async\" width=\"150\" height=\"150\" src=\"https:\/\/hyperbate.fr\/fatras\/files\/2018\/02\/migrants19-150x150.jpg\" class=\"attachment-thumbnail size-thumbnail\" alt=\"\" \/><\/a>\n\t\t\t<\/div><\/figure><figure class='gallery-item'>\n\t\t\t<div class='gallery-icon landscape'>\n\t\t\t\t<a href='https:\/\/hyperbate.fr\/fatras\/2018\/02\/27\/migrants-a-paris-8\/migrants18\/'><img decoding=\"async\" width=\"150\" height=\"150\" src=\"https:\/\/hyperbate.fr\/fatras\/files\/2018\/02\/migrants18-150x150.jpg\" class=\"attachment-thumbnail size-thumbnail\" alt=\"\" aria-describedby=\"gallery-1-5474\" srcset=\"https:\/\/hyperbate.fr\/fatras\/files\/2018\/02\/migrants18-150x150.jpg 150w, https:\/\/hyperbate.fr\/fatras\/files\/2018\/02\/migrants18-300x300.jpg 300w, https:\/\/hyperbate.fr\/fatras\/files\/2018\/02\/migrants18-768x768.jpg 768w, https:\/\/hyperbate.fr\/fatras\/files\/2018\/02\/migrants18.jpg 900w\" sizes=\"(max-width: 150px) 100vw, 150px\" \/><\/a>\n\t\t\t<\/div>\n\t\t\t\t<figcaption class='wp-caption-text gallery-caption' id='gallery-1-5474'>\n\t\t\t\tInstructions \u00e0 la presse : interdiction de ceci, interdiction de cela.\n\t\t\t\t<\/figcaption><\/figure><figure class='gallery-item'>\n\t\t\t<div class='gallery-icon landscape'>\n\t\t\t\t<a href='https:\/\/hyperbate.fr\/fatras\/2018\/02\/27\/migrants-a-paris-8\/migrants17\/'><img decoding=\"async\" width=\"150\" height=\"150\" src=\"https:\/\/hyperbate.fr\/fatras\/files\/2018\/02\/migrants17-150x150.jpg\" class=\"attachment-thumbnail size-thumbnail\" alt=\"\" \/><\/a>\n\t\t\t<\/div><\/figure><figure class='gallery-item'>\n\t\t\t<div class='gallery-icon landscape'>\n\t\t\t\t<a href='https:\/\/hyperbate.fr\/fatras\/2018\/02\/27\/migrants-a-paris-8\/migrants16\/'><img decoding=\"async\" width=\"150\" height=\"150\" src=\"https:\/\/hyperbate.fr\/fatras\/files\/2018\/02\/migrants16-150x150.jpg\" class=\"attachment-thumbnail size-thumbnail\" alt=\"\" \/><\/a>\n\t\t\t<\/div><\/figure><figure class='gallery-item'>\n\t\t\t<div class='gallery-icon portrait'>\n\t\t\t\t<a href='https:\/\/hyperbate.fr\/fatras\/2018\/02\/27\/migrants-a-paris-8\/migrants15\/'><img decoding=\"async\" width=\"150\" height=\"150\" src=\"https:\/\/hyperbate.fr\/fatras\/files\/2018\/02\/migrants15-150x150.jpg\" class=\"attachment-thumbnail size-thumbnail\" alt=\"\" aria-describedby=\"gallery-1-5471\" \/><\/a>\n\t\t\t<\/div>\n\t\t\t\t<figcaption class='wp-caption-text gallery-caption' id='gallery-1-5471'>\n\t\t\t\tDes instructions antisexistes donn\u00e9es par les activistes envers leurs pairs\n\t\t\t\t<\/figcaption><\/figure><figure class='gallery-item'>\n\t\t\t<div class='gallery-icon landscape'>\n\t\t\t\t<a href='https:\/\/hyperbate.fr\/fatras\/2018\/02\/27\/migrants-a-paris-8\/migrants14\/'><img decoding=\"async\" width=\"150\" height=\"150\" src=\"https:\/\/hyperbate.fr\/fatras\/files\/2018\/02\/migrants14-150x150.jpg\" class=\"attachment-thumbnail size-thumbnail\" alt=\"\" \/><\/a>\n\t\t\t<\/div><\/figure><figure class='gallery-item'>\n\t\t\t<div class='gallery-icon portrait'>\n\t\t\t\t<a href='https:\/\/hyperbate.fr\/fatras\/2018\/02\/27\/migrants-a-paris-8\/migrants13\/'><img decoding=\"async\" width=\"150\" height=\"150\" src=\"https:\/\/hyperbate.fr\/fatras\/files\/2018\/02\/migrants13-150x150.jpg\" class=\"attachment-thumbnail size-thumbnail\" alt=\"\" \/><\/a>\n\t\t\t<\/div><\/figure><figure class='gallery-item'>\n\t\t\t<div class='gallery-icon landscape'>\n\t\t\t\t<a href='https:\/\/hyperbate.fr\/fatras\/2018\/02\/27\/migrants-a-paris-8\/migrants12\/'><img decoding=\"async\" width=\"150\" height=\"150\" src=\"https:\/\/hyperbate.fr\/fatras\/files\/2018\/02\/migrants12-150x150.jpg\" class=\"attachment-thumbnail size-thumbnail\" alt=\"\" \/><\/a>\n\t\t\t<\/div><\/figure><figure class='gallery-item'>\n\t\t\t<div class='gallery-icon portrait'>\n\t\t\t\t<a href='https:\/\/hyperbate.fr\/fatras\/2018\/02\/27\/migrants-a-paris-8\/migrants11\/'><img decoding=\"async\" width=\"150\" height=\"150\" src=\"https:\/\/hyperbate.fr\/fatras\/files\/2018\/02\/migrants11-150x150.jpg\" class=\"attachment-thumbnail size-thumbnail\" alt=\"\" \/><\/a>\n\t\t\t<\/div><\/figure><figure class='gallery-item'>\n\t\t\t<div class='gallery-icon portrait'>\n\t\t\t\t<a href='https:\/\/hyperbate.fr\/fatras\/2018\/02\/27\/migrants-a-paris-8\/migrants10\/'><img decoding=\"async\" width=\"150\" height=\"150\" src=\"https:\/\/hyperbate.fr\/fatras\/files\/2018\/02\/migrants10-150x150.jpg\" class=\"attachment-thumbnail size-thumbnail\" alt=\"\" \/><\/a>\n\t\t\t<\/div><\/figure><figure class='gallery-item'>\n\t\t\t<div class='gallery-icon landscape'>\n\t\t\t\t<a href='https:\/\/hyperbate.fr\/fatras\/2018\/02\/27\/migrants-a-paris-8\/migrants9\/'><img decoding=\"async\" width=\"150\" height=\"150\" src=\"https:\/\/hyperbate.fr\/fatras\/files\/2018\/02\/migrants9-150x150.jpg\" class=\"attachment-thumbnail size-thumbnail\" alt=\"\" \/><\/a>\n\t\t\t<\/div><\/figure><figure class='gallery-item'>\n\t\t\t<div class='gallery-icon landscape'>\n\t\t\t\t<a href='https:\/\/hyperbate.fr\/fatras\/2018\/02\/27\/migrants-a-paris-8\/migrants8\/'><img decoding=\"async\" width=\"150\" height=\"150\" src=\"https:\/\/hyperbate.fr\/fatras\/files\/2018\/02\/migrants8-150x150.jpg\" class=\"attachment-thumbnail size-thumbnail\" alt=\"\" \/><\/a>\n\t\t\t<\/div><\/figure><figure class='gallery-item'>\n\t\t\t<div class='gallery-icon portrait'>\n\t\t\t\t<a href='https:\/\/hyperbate.fr\/fatras\/2018\/02\/27\/migrants-a-paris-8\/migrants7\/'><img decoding=\"async\" width=\"150\" height=\"150\" src=\"https:\/\/hyperbate.fr\/fatras\/files\/2018\/02\/migrants7-150x150.jpg\" class=\"attachment-thumbnail size-thumbnail\" alt=\"\" \/><\/a>\n\t\t\t<\/div><\/figure><figure class='gallery-item'>\n\t\t\t<div class='gallery-icon landscape'>\n\t\t\t\t<a href='https:\/\/hyperbate.fr\/fatras\/2018\/02\/27\/migrants-a-paris-8\/migrants23\/'><img decoding=\"async\" width=\"150\" height=\"150\" src=\"https:\/\/hyperbate.fr\/fatras\/files\/2018\/02\/migrants23-150x150.jpg\" class=\"attachment-thumbnail size-thumbnail\" alt=\"\" \/><\/a>\n\t\t\t<\/div><\/figure><figure class='gallery-item'>\n\t\t\t<div class='gallery-icon landscape'>\n\t\t\t\t<a href='https:\/\/hyperbate.fr\/fatras\/2018\/02\/27\/migrants-a-paris-8\/migrants22\/'><img decoding=\"async\" width=\"150\" height=\"150\" src=\"https:\/\/hyperbate.fr\/fatras\/files\/2018\/02\/migrants22-150x150.jpg\" class=\"attachment-thumbnail size-thumbnail\" alt=\"\" \/><\/a>\n\t\t\t<\/div><\/figure><figure class='gallery-item'>\n\t\t\t<div class='gallery-icon landscape'>\n\t\t\t\t<a href='https:\/\/hyperbate.fr\/fatras\/2018\/02\/27\/migrants-a-paris-8\/migrants6\/'><img decoding=\"async\" width=\"150\" height=\"150\" src=\"https:\/\/hyperbate.fr\/fatras\/files\/2018\/02\/migrants6-150x150.jpg\" class=\"attachment-thumbnail size-thumbnail\" alt=\"\" aria-describedby=\"gallery-1-5462\" \/><\/a>\n\t\t\t<\/div>\n\t\t\t\t<figcaption class='wp-caption-text gallery-caption' id='gallery-1-5462'>\n\t\t\t\tApparemment le planning pourtant tr\u00e8s pr\u00e9cis qui distribue les t\u00e2ches ne dit pas qui doit descendre les poubelles.\n\t\t\t\t<\/figcaption><\/figure><figure class='gallery-item'>\n\t\t\t<div class='gallery-icon landscape'>\n\t\t\t\t<a href='https:\/\/hyperbate.fr\/fatras\/2018\/02\/27\/migrants-a-paris-8\/migrants4\/'><img decoding=\"async\" width=\"150\" height=\"150\" src=\"https:\/\/hyperbate.fr\/fatras\/files\/2018\/02\/migrants4-150x150.jpg\" class=\"attachment-thumbnail size-thumbnail\" alt=\"\" \/><\/a>\n\t\t\t<\/div><\/figure>\n\t\t<\/div>\n\n<p>On a discut\u00e9 avec les organisateurs-non-responsables (il n&rsquo;y a pas de responsables), des jeunes gens plein d&rsquo;envie de sauver le monde, au point que leurs revendications vont jusqu&rsquo;\u00e0 l&rsquo;abolition mondiale des fronti\u00e8res, ce qui n&rsquo;entre pas vraiment dans le p\u00e9rim\u00e8tre de comp\u00e9tences des enseignants en Arts plastiques \u00e0 Paris 8.<br \/>\nLe si\u00e8ge des salles attire beaucoup de monde et installe une ambiance, entre d\u00e9bats d&rsquo;id\u00e9es o\u00f9 convergent les luttes et o\u00f9 chacun a la parole<sup><a href=\"#footnote_2_5453\" id=\"identifier_2_5453\" class=\"footnote-link footnote-identifier-link\" title=\"Mais certains sont plus &eacute;loquents et moins r&ecirc;veurs que d&rsquo;autres, je crois avoir rep&eacute;r&eacute; celui qui deviendra premier secr&eacute;taire du PS dans quinze ans &ndash; il y en a toujours un .\">2<\/a><\/sup>, murs tapiss\u00e9s d&rsquo;instructions (aux militants, \u00e0 la presse,&#8230;) et, dans certains couloirs (sans rapport direct avec les migrants, s&rsquo;il faut le pr\u00e9ciser), des petits groupes qui tra\u00eenent, entour\u00e9s d&rsquo;une forte odeur de hashish. Le nombre des migrants log\u00e9s ne cesse d&rsquo;augmenter, et hier les \u00e9tudiants solidaires ont d\u00e9moli une porte en tentant de \u00ab\u00a0lib\u00e9rer\u00a0\u00bb une salle qui s&rsquo;est av\u00e9r\u00e9e contenir du mat\u00e9riel \u00e9lectrique dangereux.<\/p>\n<p>Ce n&rsquo;est pas hyper-solidaire d&rsquo;\u00e9crire \u00e7a, mais je dois dire que je suis content que ma propre salle ne soit pas concern\u00e9e \u2014 d&rsquo;autant qu&rsquo;elle a d\u00e9j\u00e0 donn\u00e9, puisqu&rsquo;elle a \u00e9t\u00e9 cambriol\u00e9e en d\u00e9but d&rsquo;ann\u00e9e.<\/p>\n<ol class=\"footnotes\"><li id=\"footnote_1_5453\" class=\"footnote\">Je dois dire que je n&rsquo;ai pas vu de femmes parmi les personnes que j&rsquo;ai identifi\u00e9es comme migrantes. <span class=\"footnote-back-link-wrapper\"> [<a href=\"#identifier_1_5453\" class=\"footnote-link footnote-back-link\">&#8617;<\/a>]<\/span><\/li><li id=\"footnote_2_5453\" class=\"footnote\">Mais certains sont plus \u00e9loquents et moins r\u00eaveurs que d&rsquo;autres, je crois avoir rep\u00e9r\u00e9 celui qui deviendra premier secr\u00e9taire du PS dans quinze ans &#8211; il y en a toujours un .<span class=\"footnote-back-link-wrapper\"> [<a href=\"#identifier_2_5453\" class=\"footnote-link footnote-back-link\">&#8617;<\/a>]<\/span><\/li><\/ol>","protected":false},"excerpt":{"rendered":"<p>Les \u00e9tudiants en arts plastiques \u00e0 Paris 8 n&rsquo;auront pas profit\u00e9 longtemps de la r\u00e9novation de leurs locaux, car ceux-ci sont d\u00e9sormais occup\u00e9s par des migrants, ou plut\u00f4t des exil\u00e9.e.s, selon la formule en vogue1. Deux logiques sont \u00e0 l&rsquo;\u0153uvre : une logique humaniste, qui pousse \u00e0 la sympathie envers des mis\u00e9reux venus d&rsquo;\u00c9thiopie, d&rsquo;\u00c9rythr\u00e9e, &hellip; <a href=\"https:\/\/hyperbate.fr\/fatras\/2018\/02\/27\/migrants-a-paris-8\/\" class=\"more-link\">Continuer la lecture de <span class=\"screen-reader-text\">Migrants \u00e0 Paris 8<\/span><\/a><\/p>\n","protected":false},"author":1,"featured_media":0,"comment_status":"open","ping_status":"open","sticky":false,"template":"","format":"standard","meta":{"footnotes":""},"categories":[1],"tags":[],"class_list":["post-5453","post","type-post","status-publish","format-standard","hentry","category-non-classe"],"_links":{"self":[{"href":"https:\/\/hyperbate.fr\/fatras\/wp-json\/wp\/v2\/posts\/5453","targetHints":{"allow":["GET"]}}],"collection":[{"href":"https:\/\/hyperbate.fr\/fatras\/wp-json\/wp\/v2\/posts"}],"about":[{"href":"https:\/\/hyperbate.fr\/fatras\/wp-json\/wp\/v2\/types\/post"}],"author":[{"embeddable":true,"href":"https:\/\/hyperbate.fr\/fatras\/wp-json\/wp\/v2\/users\/1"}],"replies":[{"embeddable":true,"href":"https:\/\/hyperbate.fr\/fatras\/wp-json\/wp\/v2\/comments?post=5453"}],"version-history":[{"count":3,"href":"https:\/\/hyperbate.fr\/fatras\/wp-json\/wp\/v2\/posts\/5453\/revisions"}],"predecessor-version":[{"id":5503,"href":"https:\/\/hyperbate.fr\/fatras\/wp-json\/wp\/v2\/posts\/5453\/revisions\/5503"}],"wp:attachment":[{"href":"https:\/\/hyperbate.fr\/fatras\/wp-json\/wp\/v2\/media?parent=5453"}],"wp:term":[{"taxonomy":"category","embeddable":true,"href":"https:\/\/hyperbate.fr\/fatras\/wp-json\/wp\/v2\/categories?post=5453"},{"taxonomy":"post_tag","embeddable":true,"href":"https:\/\/hyperbate.fr\/fatras\/wp-json\/wp\/v2\/tags?post=5453"}],"curies":[{"name":"wp","href":"https:\/\/api.w.org\/{rel}","templated":true}]}}