{"id":522,"date":"2015-01-21T01:46:23","date_gmt":"2015-01-21T01:46:23","guid":{"rendered":"http:\/\/hyperbate.fr\/fatras\/?p=522"},"modified":"2015-01-21T09:43:36","modified_gmt":"2015-01-21T09:43:36","slug":"prefacons-les-textes-sacres","status":"publish","type":"post","link":"https:\/\/hyperbate.fr\/fatras\/2015\/01\/21\/prefacons-les-textes-sacres\/","title":{"rendered":"Pr\u00e9fa\u00e7ons les textes sacr\u00e9s"},"content":{"rendered":"<p>Depuis un jugement de 1979, il est licite de publier en France le livre <em>Mein Kampf<\/em>, par Adolf Hitler, car malgr\u00e9 (ou du fait de) la toxicit\u00e9 av\u00e9r\u00e9e de ce livre, il constitue un document historique important. Mais toute \u00e9dition de ce livre doit contenir une pr\u00e9face de huit pages, situ\u00e9e entre la couverture et les pages de garde, qui contextualise historiquement l&rsquo;ouvrage, rappelle les crimes nazis et \u00e9gr\u00e8ne la liste des articles de loi qui limitent la libert\u00e9 d&rsquo;expression en mati\u00e8re d&rsquo;incitation \u00e0 la haine.<\/p>\n<p>Ne serait-il pas opportun de faire pr\u00e9c\u00e9der la <em>Bible<\/em> et le <em>Coran<\/em> de\u00a0pr\u00e9faces semblables, afin de rappeler que ces livres, s&rsquo;ils \u00e9taient parfois modernes par bien des aspects aux \u00e9poques de leurs r\u00e9dactions, sont d\u00e9sormais porteurs de consid\u00e9rations\u00a0d\u00e9sormais d\u00e9rangeantes et r\u00e9gressives sur certains sujets, comme le traitement des ath\u00e9es ou des fid\u00e8les d&rsquo;autres religions, et bien entendu les droits des femmes ou encore l&rsquo;homosexualit\u00e9.<br \/>\nJe pensais \u00e0 \u00e7a en apprenant ces atroces ex\u00e9cutions d&rsquo;homosexuels en Irak par l&rsquo;\u00c9tat islamique, ces pauvres hommes projet\u00e9s du haut d&rsquo;immeubles<sup><a href=\"#footnote_1_522\" id=\"identifier_1_522\" class=\"footnote-link footnote-identifier-link\" title=\"Si, depuis la re-parution de Charlie Hebdo, le &laquo;&nbsp;monde musulman s&rsquo;enflamme&nbsp;&raquo; contre l&rsquo;hebdomadaire, les crimes horribles commis au nom m&ecirc;me de la religion semblent avoir plus de peine &agrave; rassembler des foules. Pour ma part, je trouverais plus honteux qu&rsquo;on commette des crimes en se r&eacute;clamant de moi, comme le fait Daesh avec les musulmans, plut&ocirc;t que l&rsquo;on raille ma foi de mani&egrave;re potache &agrave; coup de dessins, il me semble.\">1<\/a><\/sup> en punition du \u00ab\u00a0crime du peuple\u00a0de Loth\u00a0\u00bb, que r\u00e9prouve\u00a0le <em>Coran<\/em> et que quelques hadiths (pas les plus authentiques, parait-il) imposent de sanctionner par la peine de mort. La <em>Torah<\/em> (l&rsquo;<em>Ancien testament<\/em>, chez les Chr\u00e9tiens), de mani\u00e8re tr\u00e8s explicite, impose aussi le meurtre des homosexuels. Aussi abominables que soient les ex\u00e9cutions mentionn\u00e9es plus haut, ces derni\u00e8res sont pr\u00e9vues, voire conseill\u00e9es<sup><a href=\"#footnote_2_522\" id=\"identifier_2_522\" class=\"footnote-link footnote-identifier-link\" title=\"Les livres que je cite ont en commun de ne pas &ecirc;tre consid&eacute;r&eacute;s comme des fictions ou des ouvrages po&eacute;tiques (quoi qu&rsquo;ils ne manquent ni de fictions ni de po&eacute;sie), mais comme des programmes, avec des obligations et des proscriptions de tout type.\">2<\/a><\/sup>, par ces textes diffus\u00e9s massivement et sans frein.<\/p>\n<p>Les livres ne font pas les hommes, on peut lire <em>Mein Kampf<\/em> sans devenir nazi<sup><a href=\"#footnote_3_522\" id=\"identifier_3_522\" class=\"footnote-link footnote-identifier-link\" title=\"Mein Kampf est, &agrave; vrai dire, une lecture assez risible, o&ugrave; se m&ecirc;lent des justifications biographiques ridicules (je suis un rat&eacute; mais c&rsquo;est &agrave; cause des autres&hellip;) et des &eacute;l&eacute;ments de th&eacute;orie politique qui resteraient les &eacute;lucubrations comiques d&rsquo;un illumin&eacute; si elles n&rsquo;avaient pas eu les cons&eacute;quences que nous savons. Notons que les Allemands, pour la plupart, n&rsquo;ont lu&nbsp;Mein Kampf qu&rsquo;apr&egrave;s la prise de pouvoir des Nazis.\">3<\/a><\/sup>, on peut lire des livres religieux sans se conformer \u00e0 tout ce qui y est \u00e9crit (ce qui serait, du reste, impossible, eu \u00e9gard aux contradictions contenues dans ces textes) mais est-il normal de les publier\u00a0sans avertissement alors que leur contenu tombe sous le coup de nombreux articles de\u00a0lois ?<\/p>\n<ol class=\"footnotes\"><li id=\"footnote_1_522\" class=\"footnote\">Si, depuis la re-parution de Charlie Hebdo, le \u00ab\u00a0monde musulman s&rsquo;enflamme\u00a0\u00bb contre l&rsquo;hebdomadaire, les crimes horribles commis au nom m\u00eame de la religion semblent avoir plus de peine \u00e0 rassembler des foules. Pour ma part, je trouverais plus honteux qu&rsquo;on commette des crimes en se r\u00e9clamant de moi, comme le fait Daesh avec les musulmans, plut\u00f4t que l&rsquo;on raille ma foi de mani\u00e8re potache \u00e0 coup de dessins, il me semble.<span class=\"footnote-back-link-wrapper\"> [<a href=\"#identifier_1_522\" class=\"footnote-link footnote-back-link\">&#8617;<\/a>]<\/span><\/li><li id=\"footnote_2_522\" class=\"footnote\">Les livres que je cite ont en commun de ne pas \u00eatre consid\u00e9r\u00e9s comme des fictions ou des ouvrages po\u00e9tiques (quoi qu&rsquo;ils ne manquent ni de fictions ni de po\u00e9sie), mais comme des programmes, avec des obligations et des proscriptions de tout type.<span class=\"footnote-back-link-wrapper\"> [<a href=\"#identifier_2_522\" class=\"footnote-link footnote-back-link\">&#8617;<\/a>]<\/span><\/li><li id=\"footnote_3_522\" class=\"footnote\"><em>Mein Kampf<\/em> est, \u00e0 vrai dire, une lecture assez risible, o\u00f9 se m\u00ealent des justifications biographiques ridicules (je suis un rat\u00e9 mais c&rsquo;est \u00e0 cause des autres&#8230;) et des \u00e9l\u00e9ments de th\u00e9orie politique qui resteraient les \u00e9lucubrations comiques d&rsquo;un illumin\u00e9 si elles n&rsquo;avaient pas eu les cons\u00e9quences que nous savons. Notons que les Allemands, pour la plupart, n&rsquo;ont lu\u00a0<em>Mein Kampf<\/em> qu&rsquo;apr\u00e8s la prise de pouvoir des Nazis.<span class=\"footnote-back-link-wrapper\"> [<a href=\"#identifier_3_522\" class=\"footnote-link footnote-back-link\">&#8617;<\/a>]<\/span><\/li><\/ol>","protected":false},"excerpt":{"rendered":"<p>Depuis un jugement de 1979, il est licite de publier en France le livre Mein Kampf, par Adolf Hitler, car malgr\u00e9 (ou du fait de) la toxicit\u00e9 av\u00e9r\u00e9e de ce livre, il constitue un document historique important. Mais toute \u00e9dition de ce livre doit contenir une pr\u00e9face de huit pages, situ\u00e9e entre la couverture et &hellip; <a href=\"https:\/\/hyperbate.fr\/fatras\/2015\/01\/21\/prefacons-les-textes-sacres\/\" class=\"more-link\">Continuer la lecture de <span class=\"screen-reader-text\">Pr\u00e9fa\u00e7ons les textes sacr\u00e9s<\/span><\/a><\/p>\n","protected":false},"author":1,"featured_media":0,"comment_status":"open","ping_status":"open","sticky":false,"template":"","format":"standard","meta":{"footnotes":""},"categories":[1],"tags":[],"class_list":["post-522","post","type-post","status-publish","format-standard","hentry","category-non-classe"],"_links":{"self":[{"href":"https:\/\/hyperbate.fr\/fatras\/wp-json\/wp\/v2\/posts\/522","targetHints":{"allow":["GET"]}}],"collection":[{"href":"https:\/\/hyperbate.fr\/fatras\/wp-json\/wp\/v2\/posts"}],"about":[{"href":"https:\/\/hyperbate.fr\/fatras\/wp-json\/wp\/v2\/types\/post"}],"author":[{"embeddable":true,"href":"https:\/\/hyperbate.fr\/fatras\/wp-json\/wp\/v2\/users\/1"}],"replies":[{"embeddable":true,"href":"https:\/\/hyperbate.fr\/fatras\/wp-json\/wp\/v2\/comments?post=522"}],"version-history":[{"count":0,"href":"https:\/\/hyperbate.fr\/fatras\/wp-json\/wp\/v2\/posts\/522\/revisions"}],"wp:attachment":[{"href":"https:\/\/hyperbate.fr\/fatras\/wp-json\/wp\/v2\/media?parent=522"}],"wp:term":[{"taxonomy":"category","embeddable":true,"href":"https:\/\/hyperbate.fr\/fatras\/wp-json\/wp\/v2\/categories?post=522"},{"taxonomy":"post_tag","embeddable":true,"href":"https:\/\/hyperbate.fr\/fatras\/wp-json\/wp\/v2\/tags?post=522"}],"curies":[{"name":"wp","href":"https:\/\/api.w.org\/{rel}","templated":true}]}}