{"id":3169,"date":"2016-07-28T19:18:09","date_gmt":"2016-07-28T19:18:09","guid":{"rendered":"http:\/\/hyperbate.fr\/fatras\/?p=3169"},"modified":"2016-07-28T20:05:46","modified_gmt":"2016-07-28T20:05:46","slug":"le-complot-des-sacs-en-plastique-blanc","status":"publish","type":"post","link":"https:\/\/hyperbate.fr\/fatras\/2016\/07\/28\/le-complot-des-sacs-en-plastique-blanc\/","title":{"rendered":"Le complot des sacs en plastique blanc"},"content":{"rendered":"<p>Paris. Un mec d&rsquo;une voix pressante me dit <em>\u00ab\u00a0h\u00e9 m&rsquo;sieur, m&rsquo;sieur !\u00a0\u00bb<\/em>. Je sens d\u00e9j\u00e0 l&#8217;embrouille, je me tourne quand m\u00eame vers lui parce que je suis bien \u00e9lev\u00e9, peut-\u00eatre, mais en m&rsquo;attendant \u00e0 ce qu&rsquo;il me demande une cigarette ou de l&rsquo;argent, et en me pr\u00e9parant \u00e0 refuser. Sous un bras il porte\u00a0un grand sac en plastique blanc sale. Il\u00a0me tend l&rsquo;autre en d\u00e9signant le sol : <em>\u00ab\u00a0Eh, il est tomb\u00e9 par terre&#8230; votre sourire !\u00a0\u00bb<\/em>. Mes yeux ont suivi son index, le type\u00a0est \u00e9croul\u00e9 de rire, et d&rsquo;un air mauvais il me dit :\u00a0<em>\u00ab\u00a0Ha ! il a regard\u00e9 ! Comme un con !\u00a0\u00bb<\/em>. Le mot <em>\u00ab\u00a0con\u00a0\u00bb<\/em> est dit de mani\u00e8re particuli\u00e8rement sonore et appuy\u00e9e. Il rit en continuant de marcher d&rsquo;un bon pas.\u00a0Il n&rsquo;y avait que lui et moi dans le p\u00e9rim\u00e8tre. J&rsquo;ai hauss\u00e9 les \u00e9paules d&rsquo;incompr\u00e9hension, mais j&rsquo;aurais bien voulu le rattraper, lui demander pourquoi il avait eu besoin de me dire \u00e7a, d&rsquo;\u00eatre agressif.<\/p>\n<p><img decoding=\"async\" class=\"aligncenter size-full wp-image-3176\" src=\"https:\/\/hyperbate.fr\/fatras\/files\/2016\/07\/sac_dans_la_fnac.jpg\" alt=\"sac_dans_la_fnac\" width=\"792\" height=\"607\" srcset=\"https:\/\/hyperbate.fr\/fatras\/files\/2016\/07\/sac_dans_la_fnac.jpg 792w, https:\/\/hyperbate.fr\/fatras\/files\/2016\/07\/sac_dans_la_fnac-300x230.jpg 300w, https:\/\/hyperbate.fr\/fatras\/files\/2016\/07\/sac_dans_la_fnac-768x589.jpg 768w\" sizes=\"(max-width: 792px) 100vw, 792px\" \/><\/p>\n<p>Une demi-heure plus tard, je suis \u00e0 la Fnac. Ma fille aimerait avoir\u00a0une compilation de Jacques Brel, et je compare les titres pr\u00e9sents sur celles qui sont dans le rayon. De mani\u00e8re incompr\u00e9hensible, aucune ne semble avoir <em>Mathilde<\/em>, qui une de mes\u00a0chansons pr\u00e9f\u00e9r\u00e9es. Je lis, je relis, j&rsquo;essaie de me concentrer et de deviner les titres \u00e0 demi recouverts par\u00a0l&rsquo;\u00e9tiquette du prix. Subitement, je re\u00e7ois un coup de sac en plastique\u00a0\u2014 encore un sac en plastique blanc et sale, dont j&rsquo;ignore le contenu\u00a0\u2014 dans la main, qui fait voler les bo\u00eetiers de cd en l&rsquo;air. Je me tourne, et je vois un type plut\u00f4t petit, m\u00e9somorphe, poilu, suant, qui me regarde d&rsquo;un air de d\u00e9fi haineux et continue d&rsquo;agiter son sac en me fr\u00f4lant et en dansant sur ce qui passait dans le rayon, \u00e0 savoir une chanson\u00a0de Benjamin Biolay, sans doute de son dernier album. Je ramasse les Cds en restant sur mes gardes, et en disant quelque chose comme <em>\u00ab\u00a0\u00c7a va pas bien ?\u00a0\u00bb<\/em>. Aucune r\u00e9ponse, il continue de me regarder en balan\u00e7ant son sac et en dansant, mais il recule. Je signale \u00e0 deux vendeurs qui se trouvent tout pr\u00e8s mais qu&rsquo;il y a quelqu&rsquo;un de bizarre dans leur rayon. Ils n&rsquo;avaient rien vu. Ils le scrutent, en me disant <em>\u00ab\u00a0ah oui il a l&rsquo;air&#8230;\u00a0\u00bb<\/em>. Et je les laisse avec le probl\u00e8me, bien r\u00e9veill\u00e9 par l&rsquo;adr\u00e9naline.<\/p>\n<p>Qu&rsquo;est-ce qu&rsquo;il y a dans l&rsquo;air aujourd&rsquo;hui ? Est-ce qu&rsquo;on est dans une p\u00e9riode d&rsquo;\u00e9ruptions solaires qui rend les fous m\u00e9chants ? Est-ce qu&rsquo;il y a de perturbateurs endocriniens dans les vieux sacs blancs en plastique qui rendent agressifs ?<br \/>\nJe comprends pas. Ou bien c&rsquo;est moi qui ne vais pas assez souvent \u00e0 Paris ces temps-ci ? J&rsquo;ai perdu ma vigilance ? Il y a quand m\u00eame beaucoup de gens qui ne vont pas tr\u00e8s bien.<\/p>\n","protected":false},"excerpt":{"rendered":"<p>Paris. Un mec d&rsquo;une voix pressante me dit \u00ab\u00a0h\u00e9 m&rsquo;sieur, m&rsquo;sieur !\u00a0\u00bb. Je sens d\u00e9j\u00e0 l&#8217;embrouille, je me tourne quand m\u00eame vers lui parce que je suis bien \u00e9lev\u00e9, peut-\u00eatre, mais en m&rsquo;attendant \u00e0 ce qu&rsquo;il me demande une cigarette ou de l&rsquo;argent, et en me pr\u00e9parant \u00e0 refuser. Sous un bras il porte\u00a0un grand &hellip; <a href=\"https:\/\/hyperbate.fr\/fatras\/2016\/07\/28\/le-complot-des-sacs-en-plastique-blanc\/\" class=\"more-link\">Continuer la lecture de <span class=\"screen-reader-text\">Le complot des sacs en plastique blanc<\/span><\/a><\/p>\n","protected":false},"author":1,"featured_media":0,"comment_status":"open","ping_status":"open","sticky":false,"template":"","format":"standard","meta":{"footnotes":""},"categories":[23],"tags":[],"class_list":["post-3169","post","type-post","status-publish","format-standard","hentry","category-dessine-de-memoire"],"_links":{"self":[{"href":"https:\/\/hyperbate.fr\/fatras\/wp-json\/wp\/v2\/posts\/3169","targetHints":{"allow":["GET"]}}],"collection":[{"href":"https:\/\/hyperbate.fr\/fatras\/wp-json\/wp\/v2\/posts"}],"about":[{"href":"https:\/\/hyperbate.fr\/fatras\/wp-json\/wp\/v2\/types\/post"}],"author":[{"embeddable":true,"href":"https:\/\/hyperbate.fr\/fatras\/wp-json\/wp\/v2\/users\/1"}],"replies":[{"embeddable":true,"href":"https:\/\/hyperbate.fr\/fatras\/wp-json\/wp\/v2\/comments?post=3169"}],"version-history":[{"count":0,"href":"https:\/\/hyperbate.fr\/fatras\/wp-json\/wp\/v2\/posts\/3169\/revisions"}],"wp:attachment":[{"href":"https:\/\/hyperbate.fr\/fatras\/wp-json\/wp\/v2\/media?parent=3169"}],"wp:term":[{"taxonomy":"category","embeddable":true,"href":"https:\/\/hyperbate.fr\/fatras\/wp-json\/wp\/v2\/categories?post=3169"},{"taxonomy":"post_tag","embeddable":true,"href":"https:\/\/hyperbate.fr\/fatras\/wp-json\/wp\/v2\/tags?post=3169"}],"curies":[{"name":"wp","href":"https:\/\/api.w.org\/{rel}","templated":true}]}}