{"id":3136,"date":"2016-07-17T12:41:57","date_gmt":"2016-07-17T12:41:57","guid":{"rendered":"http:\/\/hyperbate.fr\/fatras\/?p=3136"},"modified":"2016-07-17T13:02:13","modified_gmt":"2016-07-17T13:02:13","slug":"pourquoi-je-ne-comprendrai-jamais-la-psychanalyse","status":"publish","type":"post","link":"https:\/\/hyperbate.fr\/fatras\/2016\/07\/17\/pourquoi-je-ne-comprendrai-jamais-la-psychanalyse\/","title":{"rendered":"Pourquoi je ne comprendrai jamais la psychanalyse"},"content":{"rendered":"<p><em>(Pour un long trajet en train, vendredi dernier, j&rsquo;ai achet\u00e9 le Charlie Hebdo de la semaine. J&rsquo;aime bien avoir un journal dans le train, m\u00eame si je ne le lis en g\u00e9n\u00e9ral pas tr\u00e8s attentivement. Souvent, ce journal est Charlie Hebdo, que je n&rsquo;ai pas d&rsquo;\u00e9tats d&rsquo;\u00e2me \u00e0 abandonner sur place : si quelqu&rsquo;un d&rsquo;autre veut le lire, si quelqu&rsquo;un veut v\u00e9rifier que Charlie n&rsquo;est pas exactement le br\u00fblot raciste que disent certains, eh bien libre \u00e0 cette personne de le faire. Tout \u00e7a pour dire que je n&rsquo;ai plus le dernier Charlie Hebdo sous la main, et que je vais parler d&rsquo;un article de m\u00e9moire)<\/em><\/p>\n<p>L&rsquo;article est celui d&rsquo;un psychanalyste<sup><a href=\"#footnote_1_3136\" id=\"identifier_1_3136\" class=\"footnote-link footnote-identifier-link\" title=\"Le go&ucirc;t b&eacute;at pour la psychanalyse est pour moi la plus horripilante scorie du passage du sinistre Philippe Val &agrave; la t&ecirc;te de l&rsquo;hebdomadaire b&ecirc;te-et-m&eacute;chant.\">1<\/a><\/sup>, qui parle d&rsquo;un client \u00e2g\u00e9\u00a0de dix-sept ans qui a fait un s\u00e9jour dans une institution psychiatrique apr\u00e8s des crises d&rsquo;angoisse et des bouff\u00e9es d\u00e9lirantes. En enqu\u00eatant, le praticien d\u00e9couvre un \u00e9l\u00e9ment majeur de l&rsquo;affaire : le jeune homme \u00e9tait tr\u00e8s engag\u00e9 dans les luttes contre la loi Travail, a beaucoup manifest\u00e9, et ses crises d&rsquo;angoisse sont directement cons\u00e9cutives \u00e0 une forte\u00a0exposition \u00e0 des\u00a0gaz lacrymog\u00e8nes.<br \/>\nLa suite est int\u00e9ressante : pour moi qui ne r\u00e9fl\u00e9chit pas tr\u00e8s loin, l&rsquo;affaire est entendue\u00a0: les gaz lacrymog\u00e8nes sont de puissants neurotoxiques interdits en temps de guerre comme arme contre ses ennemis, mais \u00e9trangement autoris\u00e9s en temps de paix comme moyen de calmer les citoyens qui ne se tiennent pas sages. Il existe plusieurs mol\u00e9cules diff\u00e9rentes de gaz utilis\u00e9s par les forces de l&rsquo;ordre mais il semble que plusieurs d&rsquo;entre celles qui sont employ\u00e9es sont connues pour provoquer, justement, de fortes crises d&rsquo;angoisse chez ceux qui y ont \u00e9t\u00e9 expos\u00e9s\u00a0\u2014 et pour causer des s\u00e9quelles durables de l&rsquo;appareil respiratoire, mais c&rsquo;est une autre question, peut-\u00eatre<sup><a href=\"#footnote_2_3136\" id=\"identifier_2_3136\" class=\"footnote-link footnote-identifier-link\" title=\"Peut-&ecirc;tre, mais peut-&ecirc;tre pas, car rien n&rsquo;est plus angoissant que d&rsquo;avoir des probl&egrave;mes pour respirer, surtout en en ignorant les raisons.\">2<\/a><\/sup>.<\/p>\n<figure id=\"attachment_3151\" aria-describedby=\"caption-attachment-3151\" style=\"width: 792px\" class=\"wp-caption aligncenter\"><a href=\"https:\/\/www.flickr.com\/photos\/37299532@N08\/5105354017\"><img decoding=\"async\" class=\"size-full wp-image-3151\" src=\"https:\/\/hyperbate.fr\/fatras\/files\/2016\/07\/Sylvain_SZEWCZYK_5105354017_6852d642a5_b.jpg\" alt=\"Sylvain SZEWCZYK (CC BY 2.0)\" width=\"792\" height=\"343\" srcset=\"https:\/\/hyperbate.fr\/fatras\/files\/2016\/07\/Sylvain_SZEWCZYK_5105354017_6852d642a5_b.jpg 792w, https:\/\/hyperbate.fr\/fatras\/files\/2016\/07\/Sylvain_SZEWCZYK_5105354017_6852d642a5_b-300x130.jpg 300w, https:\/\/hyperbate.fr\/fatras\/files\/2016\/07\/Sylvain_SZEWCZYK_5105354017_6852d642a5_b-768x333.jpg 768w\" sizes=\"(max-width: 792px) 100vw, 792px\" \/><\/a><figcaption id=\"caption-attachment-3151\" class=\"wp-caption-text\">Photographie de Sylvain Szewczyk (<a href=\"https:\/\/www.flickr.com\/photos\/37299532@N08\/5105354017\">licence CC BY 2.0<\/a>)<\/figcaption><\/figure>\n<p>Si vous faites le m\u00eame raisonnement que moi, peut-\u00eatre aurez-vous du mal \u00e0 comprendre les conclusions du psychanalyste auteur de l&rsquo;article. Pour lui,\u00a0l&rsquo;important est invisible pour les yeux, et les yeux ne pleurent pas \u00e0 cause du gaz ni \u00e0 cause du tarif de la consultation, mais pour des raisons plus profondes et moins triviales : le jeune homme a dans sa famille quelqu&rsquo;un qui n&rsquo;est pas revenu des camps, et qui avait d&rsquo;ailleurs son \u00e2ge. Alors voir les fum\u00e9es polici\u00e8res\u00a0et lire des slogans tels que \u00ab\u00a0CRS=SS\u00a0\u00bb ou \u00ab\u00a0Bernard Gazeneuve\u00a0\u00bb lui a fait remonter les heures les plus sombres de l&rsquo;histoire de sa famille, qu&rsquo;il tentait jusqu&rsquo;ici de refouler avec \u00e9nergie. Le gaz ne lui a pas fait du mal, il lui a rappel\u00e9 le gaz des camps d&rsquo;extermination. Par association d&rsquo;id\u00e9es.<\/p>\n<p>Voil\u00e0 exactement ce qui me g\u00e8ne profond\u00e9ment avec la psychanalyse : elle \u00e9carte ce qui est \u00e9vident, au profit d&rsquo;une improbable construction intellectuelle qui rel\u00e8ve du <em>se non \u00e8 vero \u00e8 bene trovato<\/em> : si ce n&rsquo;est pas vrai, c&rsquo;est bien trouv\u00e9.<br \/>\nCe qui impressionne souvent, avec la psychanalyse, c&rsquo;est que c&rsquo;est une marotte de gens intelligents, et l&rsquo;intelligence force le respect. C&rsquo;est un peu comme le complotisme. Il s&rsquo;agit d&rsquo;ailleurs\u00a0peut-\u00eatre de deux r\u00e9ponses semblables (l&rsquo;une appliqu\u00e9e \u00e0 la psychologie, l&rsquo;autre \u00e0 l&rsquo;actualit\u00e9) \u00e0 un m\u00eame sain besoin de regarder au del\u00e0 des apparences. Mais l&rsquo;une et l&rsquo;autre souffrent d&rsquo;un m\u00eame caract\u00e8re syst\u00e9matique : ce qu&rsquo;on voit est faux, ce qu&rsquo;on ne voit pas est vrai, ce qui semble simple doit \u00eatre complexifi\u00e9 jusqu&rsquo;\u00e0 perdre tout lien avec une quelconque r\u00e9alit\u00e9, et ce qui ne rel\u00e8ve pas du jeu intellectuel sophistiqu\u00e9 est d\u00e9cid\u00e9ment trop trivial pour m\u00e9riter d&rsquo;\u00eatre consid\u00e9r\u00e9.<br \/>\nJe sais ce qu&rsquo;on va me dire : je prends un exemple extr\u00eame, pas forc\u00e9ment repr\u00e9sentatif de toute la profession, etc. Mouais.<\/p>\n<ol class=\"footnotes\"><li id=\"footnote_1_3136\" class=\"footnote\">Le go\u00fbt b\u00e9at pour la psychanalyse est pour moi la plus horripilante scorie du passage du sinistre Philippe Val \u00e0 la t\u00eate de l&rsquo;hebdomadaire b\u00eate-et-m\u00e9chant.<span class=\"footnote-back-link-wrapper\"> [<a href=\"#identifier_1_3136\" class=\"footnote-link footnote-back-link\">&#8617;<\/a>]<\/span><\/li><li id=\"footnote_2_3136\" class=\"footnote\">Peut-\u00eatre, mais peut-\u00eatre pas, car rien n&rsquo;est plus angoissant que d&rsquo;avoir des probl\u00e8mes pour respirer, surtout en en ignorant les raisons.<span class=\"footnote-back-link-wrapper\"> [<a href=\"#identifier_2_3136\" class=\"footnote-link footnote-back-link\">&#8617;<\/a>]<\/span><\/li><\/ol>","protected":false},"excerpt":{"rendered":"<p>(Pour un long trajet en train, vendredi dernier, j&rsquo;ai achet\u00e9 le Charlie Hebdo de la semaine. J&rsquo;aime bien avoir un journal dans le train, m\u00eame si je ne le lis en g\u00e9n\u00e9ral pas tr\u00e8s attentivement. Souvent, ce journal est Charlie Hebdo, que je n&rsquo;ai pas d&rsquo;\u00e9tats d&rsquo;\u00e2me \u00e0 abandonner sur place : si quelqu&rsquo;un d&rsquo;autre &hellip; <a href=\"https:\/\/hyperbate.fr\/fatras\/2016\/07\/17\/pourquoi-je-ne-comprendrai-jamais-la-psychanalyse\/\" class=\"more-link\">Continuer la lecture de <span class=\"screen-reader-text\">Pourquoi je ne comprendrai jamais la psychanalyse<\/span><\/a><\/p>\n","protected":false},"author":1,"featured_media":0,"comment_status":"open","ping_status":"open","sticky":false,"template":"","format":"standard","meta":{"footnotes":""},"categories":[3],"tags":[],"class_list":["post-3136","post","type-post","status-publish","format-standard","hentry","category-je-sais-bien-que-je-devrais-arreter-de-dire-du-mal-de-la-religion-mais-cest-plus-fort-que-moi"],"_links":{"self":[{"href":"https:\/\/hyperbate.fr\/fatras\/wp-json\/wp\/v2\/posts\/3136","targetHints":{"allow":["GET"]}}],"collection":[{"href":"https:\/\/hyperbate.fr\/fatras\/wp-json\/wp\/v2\/posts"}],"about":[{"href":"https:\/\/hyperbate.fr\/fatras\/wp-json\/wp\/v2\/types\/post"}],"author":[{"embeddable":true,"href":"https:\/\/hyperbate.fr\/fatras\/wp-json\/wp\/v2\/users\/1"}],"replies":[{"embeddable":true,"href":"https:\/\/hyperbate.fr\/fatras\/wp-json\/wp\/v2\/comments?post=3136"}],"version-history":[{"count":0,"href":"https:\/\/hyperbate.fr\/fatras\/wp-json\/wp\/v2\/posts\/3136\/revisions"}],"wp:attachment":[{"href":"https:\/\/hyperbate.fr\/fatras\/wp-json\/wp\/v2\/media?parent=3136"}],"wp:term":[{"taxonomy":"category","embeddable":true,"href":"https:\/\/hyperbate.fr\/fatras\/wp-json\/wp\/v2\/categories?post=3136"},{"taxonomy":"post_tag","embeddable":true,"href":"https:\/\/hyperbate.fr\/fatras\/wp-json\/wp\/v2\/tags?post=3136"}],"curies":[{"name":"wp","href":"https:\/\/api.w.org\/{rel}","templated":true}]}}