{"id":3113,"date":"2016-07-16T09:09:17","date_gmt":"2016-07-16T09:09:17","guid":{"rendered":"http:\/\/hyperbate.fr\/fatras\/?p=3113"},"modified":"2016-07-16T14:14:40","modified_gmt":"2016-07-16T14:14:40","slug":"reflexion-sans-interet","status":"publish","type":"post","link":"https:\/\/hyperbate.fr\/fatras\/2016\/07\/16\/reflexion-sans-interet\/","title":{"rendered":"R\u00e9flexion sans int\u00e9r\u00eat"},"content":{"rendered":"<p><em>(On finit par s&rsquo;habituer \u00e0 l&rsquo;horreur des attentats, mais on finit aussi par s&rsquo;habituer aux d\u00e9clarations d\u00e9biles qui accompagnent l&rsquo;horreur. Et on ne peut pas toujours se retenir soi-m\u00eame d&rsquo;en \u00e9mettre, ce que je fais ici \u2014 soyez indulgents et ne voyez l\u00e0\u00a0que le besoin de r\u00e9fl\u00e9chir \u00e0 voix haute)<\/em><\/p>\n<p><img decoding=\"async\" class=\"aligncenter size-full wp-image-3123\" src=\"https:\/\/hyperbate.fr\/fatras\/files\/2016\/07\/hirondelle.jpg\" alt=\"hirondelle\" width=\"792\" height=\"594\" srcset=\"https:\/\/hyperbate.fr\/fatras\/files\/2016\/07\/hirondelle.jpg 792w, https:\/\/hyperbate.fr\/fatras\/files\/2016\/07\/hirondelle-300x225.jpg 300w, https:\/\/hyperbate.fr\/fatras\/files\/2016\/07\/hirondelle-768x576.jpg 768w\" sizes=\"(max-width: 792px) 100vw, 792px\" \/><\/p>\n<p>Je sais bien qu&rsquo;il faut attendre ce que dira l&rsquo;enqu\u00eate, mais plus j&rsquo;en apprends sur Lahouaiej Bouhel et plus je me dis qu&rsquo;il n&rsquo;a rien \u00e0 voir avec l&rsquo;islamisme, je me dis qu&rsquo;il a plut\u00f4t le m\u00eame profil qu&rsquo;Andreas Lubitz, l&rsquo;Allemand qui s&rsquo;\u00e9tait suicid\u00e9 en emmenant avec lui cent quarante neuf autres passagers et personnels de l&rsquo;avion dont il \u00e9tait co-piolote. Un <em>mass-murderer<\/em> tel que les \u00c9tats-Unis en produisent toutes les semaines, quoi, une de ces personnes qui peinent \u00e0 vivre avec les autres et qui veulent mourir en emmenant un maximum de\u00a0gens avec eux.<br \/>\nSommes-nous dans une soci\u00e9t\u00e9 qui produit plus que d&rsquo;autres des gens inquiets de leur avenir, frustr\u00e9s, malheureux ? Est-ce que leur m\u00e9diatisation a transform\u00e9 les suicides meurtriers en mode, ou est-ce qu&rsquo;il s&rsquo;agit juste\u00a0d&rsquo;en avoir eu les moyens, l&rsquo;occasion, l&rsquo;id\u00e9e ? Est-ce que nous assistons \u00e0 une \u00e9pid\u00e9mie d&rsquo;un probl\u00e8me psychologique neuf ? Apr\u00e8s tout il existe dans l&rsquo;histoire plus d&rsquo;un souverain ou d&rsquo;un meneur de secte qui a fait payer ses probl\u00e8mes psychologiques et son immaturit\u00e9 \u00e0 des centaines, des milliers ou des millions de gens. Et finalement, est-ce tous que les gens qui se suicident en emmenant un maximum d&rsquo;autres avec eux, en se vengeant du monde entier,\u00a0ne sont pas\u00a0les m\u00eames, qu&rsquo;ils se donnent un pr\u00e9texte id\u00e9ologique ou non ?<\/p>\n<p>Comment faire pour que les gens soient heureux\u00a0? Ou lorsqu&rsquo;ils ne peuvent pas l&rsquo;\u00eatre\u00a0\u2014 et du reste, \u00e7a serait impossible\u00a0\u2014, comment faire pour qu&rsquo;ils\u00a0apprivoisent leurs propres frustrations, leur solitude ? Tout ramener \u00e0 une question de soci\u00e9t\u00e9 de consommation (supplice de tantale perp\u00e9tuel qui produit de la frustration en donnant \u00e0 chacun l&rsquo;impression \u2014 fond\u00e9e \u2014 d&rsquo;\u00eatre submerg\u00e9 par l&rsquo;abondance, et parfois tortur\u00e9 par le d\u00e9sir impuissant de poss\u00e9der des biens ou des gens) serait un peu\u00a0court, sans aucun doute, mais il doit y avoir quelque chose \u00e0 r\u00e9fl\u00e9chir par l\u00e0.<\/p>\n","protected":false},"excerpt":{"rendered":"<p>(On finit par s&rsquo;habituer \u00e0 l&rsquo;horreur des attentats, mais on finit aussi par s&rsquo;habituer aux d\u00e9clarations d\u00e9biles qui accompagnent l&rsquo;horreur. Et on ne peut pas toujours se retenir soi-m\u00eame d&rsquo;en \u00e9mettre, ce que je fais ici \u2014 soyez indulgents et ne voyez l\u00e0\u00a0que le besoin de r\u00e9fl\u00e9chir \u00e0 voix haute) Je sais bien qu&rsquo;il faut &hellip; <a href=\"https:\/\/hyperbate.fr\/fatras\/2016\/07\/16\/reflexion-sans-interet\/\" class=\"more-link\">Continuer la lecture de <span class=\"screen-reader-text\">R\u00e9flexion sans int\u00e9r\u00eat<\/span><\/a><\/p>\n","protected":false},"author":1,"featured_media":0,"comment_status":"open","ping_status":"open","sticky":false,"template":"","format":"standard","meta":{"footnotes":""},"categories":[1],"tags":[],"class_list":["post-3113","post","type-post","status-publish","format-standard","hentry","category-non-classe"],"_links":{"self":[{"href":"https:\/\/hyperbate.fr\/fatras\/wp-json\/wp\/v2\/posts\/3113","targetHints":{"allow":["GET"]}}],"collection":[{"href":"https:\/\/hyperbate.fr\/fatras\/wp-json\/wp\/v2\/posts"}],"about":[{"href":"https:\/\/hyperbate.fr\/fatras\/wp-json\/wp\/v2\/types\/post"}],"author":[{"embeddable":true,"href":"https:\/\/hyperbate.fr\/fatras\/wp-json\/wp\/v2\/users\/1"}],"replies":[{"embeddable":true,"href":"https:\/\/hyperbate.fr\/fatras\/wp-json\/wp\/v2\/comments?post=3113"}],"version-history":[{"count":0,"href":"https:\/\/hyperbate.fr\/fatras\/wp-json\/wp\/v2\/posts\/3113\/revisions"}],"wp:attachment":[{"href":"https:\/\/hyperbate.fr\/fatras\/wp-json\/wp\/v2\/media?parent=3113"}],"wp:term":[{"taxonomy":"category","embeddable":true,"href":"https:\/\/hyperbate.fr\/fatras\/wp-json\/wp\/v2\/categories?post=3113"},{"taxonomy":"post_tag","embeddable":true,"href":"https:\/\/hyperbate.fr\/fatras\/wp-json\/wp\/v2\/tags?post=3113"}],"curies":[{"name":"wp","href":"https:\/\/api.w.org\/{rel}","templated":true}]}}