{"id":2513,"date":"2015-12-20T15:34:57","date_gmt":"2015-12-20T15:34:57","guid":{"rendered":"http:\/\/hyperbate.fr\/fatras\/?p=2513"},"modified":"2016-03-21T08:18:08","modified_gmt":"2016-03-21T08:18:08","slug":"la-nuit-du-discours-dalain-juppe","status":"publish","type":"post","link":"https:\/\/hyperbate.fr\/fatras\/2015\/12\/20\/la-nuit-du-discours-dalain-juppe\/","title":{"rendered":"La nuit du discours d&rsquo;Alain Jupp\u00e9"},"content":{"rendered":"<p>Je me souviens que \u00e7a se passait dans un quartier pavillonnaire. De loin, tout semblait banal mais il y avait un circuit de galeries entre les maisons, et la possibilit\u00e9 d&rsquo;entrer dans la cave depuis l&rsquo;ext\u00e9rieur. C&rsquo;\u00e9tait important, car nous \u00e9tions surveill\u00e9s, ou poursuivis, peut-\u00eatre en danger.<br \/>\nJe devais r\u00e9diger un discours pour Alain Jupp\u00e9. Il m&rsquo;a dit plusieurs fois que c&rsquo;\u00e9tait tr\u00e8s important que je m&rsquo;en occupe car seul un cheminot pouvait le faire. Je ne savais pas comment lui expliquer qu&rsquo;il y avait m\u00e9prise, que je n&rsquo;\u00e9tais pas cheminot. Et puis\u00a0il me semblait que, m\u00eame si je n&rsquo;\u00e9tais pas la bonne personne, r\u00e9diger ce discours \u00e9tait mon devoir. L&rsquo;affaire\u00a0\u00e9tait tr\u00e8s urgente.<\/p>\n<p><img decoding=\"async\" class=\"size-full wp-image-2518 aligncenter\" src=\"https:\/\/hyperbate.fr\/fatras\/files\/2015\/12\/alain_juppe.jpg\" alt=\"alain_juppe\" width=\"480\" height=\"659\" srcset=\"https:\/\/hyperbate.fr\/fatras\/files\/2015\/12\/alain_juppe.jpg 480w, https:\/\/hyperbate.fr\/fatras\/files\/2015\/12\/alain_juppe-219x300.jpg 219w\" sizes=\"(max-width: 480px) 100vw, 480px\" \/><\/p>\n<p>\u00c0 c\u00f4t\u00e9, sous un lit assez haut\u00a0\u2014 comme un lit d&rsquo;h\u00f4pital\u00a0\u2014, Eva Joly \u00e9tait allong\u00e9e sur le dos, en train de parler\u00a0avec une autre personne dont je ne distinguais ni les traits ni la voix.\u00a0Et puis je me suis r\u00e9veill\u00e9.<br \/>\nJe peux dire sans h\u00e9sitation\u00a0qu&rsquo;il s&rsquo;agissait d&rsquo;un r\u00eave, car contrairement au monde r\u00e9el, tout y \u00e9tait\u00a0parfaitement coh\u00e9rent.<\/p>\n","protected":false},"excerpt":{"rendered":"<p>Je me souviens que \u00e7a se passait dans un quartier pavillonnaire. De loin, tout semblait banal mais il y avait un circuit de galeries entre les maisons, et la possibilit\u00e9 d&rsquo;entrer dans la cave depuis l&rsquo;ext\u00e9rieur. C&rsquo;\u00e9tait important, car nous \u00e9tions surveill\u00e9s, ou poursuivis, peut-\u00eatre en danger. Je devais r\u00e9diger un discours pour Alain Jupp\u00e9. &hellip; <a href=\"https:\/\/hyperbate.fr\/fatras\/2015\/12\/20\/la-nuit-du-discours-dalain-juppe\/\" class=\"more-link\">Continuer la lecture de <span class=\"screen-reader-text\">La nuit du discours d&rsquo;Alain Jupp\u00e9<\/span><\/a><\/p>\n","protected":false},"author":1,"featured_media":0,"comment_status":"open","ping_status":"open","sticky":false,"template":"","format":"standard","meta":{"footnotes":""},"categories":[23,11],"tags":[],"class_list":["post-2513","post","type-post","status-publish","format-standard","hentry","category-dessine-de-memoire","category-reves"],"_links":{"self":[{"href":"https:\/\/hyperbate.fr\/fatras\/wp-json\/wp\/v2\/posts\/2513","targetHints":{"allow":["GET"]}}],"collection":[{"href":"https:\/\/hyperbate.fr\/fatras\/wp-json\/wp\/v2\/posts"}],"about":[{"href":"https:\/\/hyperbate.fr\/fatras\/wp-json\/wp\/v2\/types\/post"}],"author":[{"embeddable":true,"href":"https:\/\/hyperbate.fr\/fatras\/wp-json\/wp\/v2\/users\/1"}],"replies":[{"embeddable":true,"href":"https:\/\/hyperbate.fr\/fatras\/wp-json\/wp\/v2\/comments?post=2513"}],"version-history":[{"count":0,"href":"https:\/\/hyperbate.fr\/fatras\/wp-json\/wp\/v2\/posts\/2513\/revisions"}],"wp:attachment":[{"href":"https:\/\/hyperbate.fr\/fatras\/wp-json\/wp\/v2\/media?parent=2513"}],"wp:term":[{"taxonomy":"category","embeddable":true,"href":"https:\/\/hyperbate.fr\/fatras\/wp-json\/wp\/v2\/categories?post=2513"},{"taxonomy":"post_tag","embeddable":true,"href":"https:\/\/hyperbate.fr\/fatras\/wp-json\/wp\/v2\/tags?post=2513"}],"curies":[{"name":"wp","href":"https:\/\/api.w.org\/{rel}","templated":true}]}}