{"id":2086,"date":"2015-10-17T16:49:06","date_gmt":"2015-10-17T16:49:06","guid":{"rendered":"http:\/\/hyperbate.fr\/fatras\/?p=2086"},"modified":"2015-10-17T16:49:06","modified_gmt":"2015-10-17T16:49:06","slug":"la-probite","status":"publish","type":"post","link":"https:\/\/hyperbate.fr\/fatras\/2015\/10\/17\/la-probite\/","title":{"rendered":"La probit\u00e9"},"content":{"rendered":"<p>Jean-Yves Le Drihan a annonc\u00e9 que s&rsquo;il \u00e9tait \u00e9lu pr\u00e9sident de Bretagne, il abandonnera la t\u00eate du minist\u00e8re de la D\u00e9fense, conform\u00e9ment \u00e0 la r\u00e8gle du non-cumul qui a plus ou moins cours au sein du gouvernement auquel il appartient. Extraordinaire de pr\u00e9senter comme une preuve de probit\u00e9 politique le fait de chercher un poste\u00a0de six ans\u00a0pour remplacer celui que l&rsquo;on est certain de perdre dans un peu moins de deux, et d&rsquo;annoncer aussi que si l&rsquo;on n&rsquo;est pas pl\u00e9biscit\u00e9 par les \u00e9lecteurs&#8230; On conservera n\u00e9anmoins le\u00a0pouvoir. Je n&rsquo;ai aucune opinion sur Jean-Yves Le Drihan,\u00a0sa carri\u00e8re politique est sans doute similaire \u00e0 celle de bien d&rsquo;autres de ses coll\u00e8gues, mais c&rsquo;est justement le probl\u00e8me : je ne parviens plus \u00e0 prendre ces gens au s\u00e9rieux, \u00e0 les voir ces gens autrement que comme une pantomime oligarchique un peu path\u00e9tique.<\/p>\n","protected":false},"excerpt":{"rendered":"<p>Jean-Yves Le Drihan a annonc\u00e9 que s&rsquo;il \u00e9tait \u00e9lu pr\u00e9sident de Bretagne, il abandonnera la t\u00eate du minist\u00e8re de la D\u00e9fense, conform\u00e9ment \u00e0 la r\u00e8gle du non-cumul qui a plus ou moins cours au sein du gouvernement auquel il appartient. Extraordinaire de pr\u00e9senter comme une preuve de probit\u00e9 politique le fait de chercher un poste\u00a0de &hellip; <a href=\"https:\/\/hyperbate.fr\/fatras\/2015\/10\/17\/la-probite\/\" class=\"more-link\">Continuer la lecture de <span class=\"screen-reader-text\">La probit\u00e9<\/span><\/a><\/p>\n","protected":false},"author":1,"featured_media":0,"comment_status":"open","ping_status":"open","sticky":false,"template":"","format":"standard","meta":{"footnotes":""},"categories":[1],"tags":[],"class_list":["post-2086","post","type-post","status-publish","format-standard","hentry","category-non-classe"],"_links":{"self":[{"href":"https:\/\/hyperbate.fr\/fatras\/wp-json\/wp\/v2\/posts\/2086","targetHints":{"allow":["GET"]}}],"collection":[{"href":"https:\/\/hyperbate.fr\/fatras\/wp-json\/wp\/v2\/posts"}],"about":[{"href":"https:\/\/hyperbate.fr\/fatras\/wp-json\/wp\/v2\/types\/post"}],"author":[{"embeddable":true,"href":"https:\/\/hyperbate.fr\/fatras\/wp-json\/wp\/v2\/users\/1"}],"replies":[{"embeddable":true,"href":"https:\/\/hyperbate.fr\/fatras\/wp-json\/wp\/v2\/comments?post=2086"}],"version-history":[{"count":0,"href":"https:\/\/hyperbate.fr\/fatras\/wp-json\/wp\/v2\/posts\/2086\/revisions"}],"wp:attachment":[{"href":"https:\/\/hyperbate.fr\/fatras\/wp-json\/wp\/v2\/media?parent=2086"}],"wp:term":[{"taxonomy":"category","embeddable":true,"href":"https:\/\/hyperbate.fr\/fatras\/wp-json\/wp\/v2\/categories?post=2086"},{"taxonomy":"post_tag","embeddable":true,"href":"https:\/\/hyperbate.fr\/fatras\/wp-json\/wp\/v2\/tags?post=2086"}],"curies":[{"name":"wp","href":"https:\/\/api.w.org\/{rel}","templated":true}]}}