{"id":1974,"date":"2015-10-02T17:24:38","date_gmt":"2015-10-02T17:24:38","guid":{"rendered":"http:\/\/hyperbate.fr\/fatras\/?p=1974"},"modified":"2015-10-02T17:38:32","modified_gmt":"2015-10-02T17:38:32","slug":"lhomme-flou","status":"publish","type":"post","link":"https:\/\/hyperbate.fr\/fatras\/2015\/10\/02\/lhomme-flou\/","title":{"rendered":"L&rsquo;homme flou"},"content":{"rendered":"<p>Le <em>Figaro<\/em> ferait n&rsquo;importe quoi pour un clic, apparemment.<br \/>\nMais puisque depuis quelques jours tous les m\u00e9dias nous mart\u00e8lent que le livre de Fran\u00e7ois Fillon<sup><a href=\"#footnote_1_1974\" id=\"identifier_1_1974\" class=\"footnote-link footnote-identifier-link\" title=\"Ancien premier ministre fran&ccedil;ais, connu pour l&rsquo;exploit d&rsquo;avoir support&eacute; Nicolas Sarkozy quatre ans et onze mois, c&rsquo;est &agrave; dire quarante-neuf mois de plus que moi. C&rsquo;est sans doute pour percer ce myst&egrave;re et dans l&rsquo;espoir d&rsquo;anecdotes croustillantes sur l&rsquo;&eacute;nerv&eacute; de Neuilly que le public ach&egrave;te ce livre.\">1<\/a><\/sup> est un ph\u00e9nom\u00e8ne d&rsquo;\u00e9dition, on se doute que ce n&rsquo;est pas une photo de Christine Boutin (qui ne porte pas de cravate) ni de Jean-Vincent Plac\u00e9, bien que ce dernier ait, dit-on (dit-il, en fait), suivi un r\u00e9gime s\u00e9rieux.<\/p>\n<p><a href=\"https:\/\/twitter.com\/Le_Figaro\/status\/649971629691269121\"><img decoding=\"async\" class=\"aligncenter size-full wp-image-1975\" src=\"https:\/\/hyperbate.fr\/fatras\/files\/2015\/10\/fillon_pas_net.png\" alt=\"fillon_pas_net\" width=\"605\" height=\"650\" srcset=\"https:\/\/hyperbate.fr\/fatras\/files\/2015\/10\/fillon_pas_net.png 605w, https:\/\/hyperbate.fr\/fatras\/files\/2015\/10\/fillon_pas_net-279x300.png 279w\" sizes=\"(max-width: 605px) 100vw, 605px\" \/><\/a><\/p>\n<p>Puisque Fillon a vendu 50 000 exemplaires de son livre <em>\u00ab\u00a0Faire\u00a0\u00bb<\/em><sup><a href=\"#footnote_2_1974\" id=\"identifier_2_1974\" class=\"footnote-link footnote-identifier-link\" title=\"Faire, mais faire quoi ? C&rsquo;est un peu comme &laquo;&nbsp;r&eacute;former&nbsp;&raquo;, &laquo;&nbsp;faire&nbsp;&raquo;, &ccedil;a ne veut rien dire en soi&hellip;\">2<\/a><\/sup>, on peut imaginer qu&rsquo;il va vendre plus. En effet, les slogans\u00a0<em>\u00ab\u00a0Succ\u00e8s de la rentr\u00e9e\u00a0\u00bb<\/em>, <em>\u00ab\u00a0Vu \u00e0 la t\u00e9l\u00e9\u00a0\u00bb<\/em> ou <em>\u00ab\u00a0Num\u00e9ro 1\u00a0aux USA\u00a0\u00bb<\/em>, font vendre, c&rsquo;est vieux comme les camelots de foire.<\/p>\n<p>Je m&rsquo;interroge sur le sens subliminal du tweet du <em>Figaro<\/em> et de cette photo floue de Fran\u00e7ois Fillon. Veut-on nous faire comprendre que ce type a quelque chose de pas net&nbsp;?<\/p>\n<ol class=\"footnotes\"><li id=\"footnote_1_1974\" class=\"footnote\">Ancien premier ministre fran\u00e7ais, connu pour l&rsquo;exploit d&rsquo;avoir support\u00e9 Nicolas Sarkozy quatre ans et onze mois, c&rsquo;est \u00e0 dire quarante-neuf mois de plus que moi. C&rsquo;est sans doute pour percer ce myst\u00e8re et dans l&rsquo;espoir d&rsquo;anecdotes croustillantes sur l&rsquo;\u00e9nerv\u00e9 de Neuilly que le public ach\u00e8te ce livre.<span class=\"footnote-back-link-wrapper\"> [<a href=\"#identifier_1_1974\" class=\"footnote-link footnote-back-link\">&#8617;<\/a>]<\/span><\/li><li id=\"footnote_2_1974\" class=\"footnote\">Faire, mais faire quoi ? C&rsquo;est un peu comme \u00ab\u00a0r\u00e9former\u00a0\u00bb, \u00ab\u00a0faire\u00a0\u00bb, \u00e7a ne veut rien dire en soi&#8230;<span class=\"footnote-back-link-wrapper\"> [<a href=\"#identifier_2_1974\" class=\"footnote-link footnote-back-link\">&#8617;<\/a>]<\/span><\/li><\/ol>","protected":false},"excerpt":{"rendered":"<p>Le Figaro ferait n&rsquo;importe quoi pour un clic, apparemment. Mais puisque depuis quelques jours tous les m\u00e9dias nous mart\u00e8lent que le livre de Fran\u00e7ois Fillon1 est un ph\u00e9nom\u00e8ne d&rsquo;\u00e9dition, on se doute que ce n&rsquo;est pas une photo de Christine Boutin (qui ne porte pas de cravate) ni de Jean-Vincent Plac\u00e9, bien que ce dernier &hellip; <a href=\"https:\/\/hyperbate.fr\/fatras\/2015\/10\/02\/lhomme-flou\/\" class=\"more-link\">Continuer la lecture de <span class=\"screen-reader-text\">L&rsquo;homme flou<\/span><\/a><\/p>\n","protected":false},"author":1,"featured_media":0,"comment_status":"open","ping_status":"open","sticky":false,"template":"","format":"standard","meta":{"footnotes":""},"categories":[1],"tags":[],"class_list":["post-1974","post","type-post","status-publish","format-standard","hentry","category-non-classe"],"_links":{"self":[{"href":"https:\/\/hyperbate.fr\/fatras\/wp-json\/wp\/v2\/posts\/1974","targetHints":{"allow":["GET"]}}],"collection":[{"href":"https:\/\/hyperbate.fr\/fatras\/wp-json\/wp\/v2\/posts"}],"about":[{"href":"https:\/\/hyperbate.fr\/fatras\/wp-json\/wp\/v2\/types\/post"}],"author":[{"embeddable":true,"href":"https:\/\/hyperbate.fr\/fatras\/wp-json\/wp\/v2\/users\/1"}],"replies":[{"embeddable":true,"href":"https:\/\/hyperbate.fr\/fatras\/wp-json\/wp\/v2\/comments?post=1974"}],"version-history":[{"count":0,"href":"https:\/\/hyperbate.fr\/fatras\/wp-json\/wp\/v2\/posts\/1974\/revisions"}],"wp:attachment":[{"href":"https:\/\/hyperbate.fr\/fatras\/wp-json\/wp\/v2\/media?parent=1974"}],"wp:term":[{"taxonomy":"category","embeddable":true,"href":"https:\/\/hyperbate.fr\/fatras\/wp-json\/wp\/v2\/categories?post=1974"},{"taxonomy":"post_tag","embeddable":true,"href":"https:\/\/hyperbate.fr\/fatras\/wp-json\/wp\/v2\/tags?post=1974"}],"curies":[{"name":"wp","href":"https:\/\/api.w.org\/{rel}","templated":true}]}}