{"id":1727,"date":"2015-08-28T01:59:15","date_gmt":"2015-08-28T01:59:15","guid":{"rendered":"http:\/\/hyperbate.fr\/fatras\/?p=1727"},"modified":"2015-08-28T01:59:15","modified_gmt":"2015-08-28T01:59:15","slug":"le-jour-ou-jai-sonne","status":"publish","type":"post","link":"https:\/\/hyperbate.fr\/fatras\/2015\/08\/28\/le-jour-ou-jai-sonne\/","title":{"rendered":"Le jour o\u00f9 j&rsquo;ai sonn\u00e9"},"content":{"rendered":"<p>Je sors du magasin, je sonne. Je croise le regard du vigile qui me demande d&rsquo;attendre\u00a0\u2014 il est d\u00e9j\u00e0 occup\u00e9 \u00e0 compter\u00a0les achats d&rsquo;un autre client.\u00a0Il\u00a0inspecte enfin mon sac, v\u00e9rifie mon ticket de caisse et compte mes articles : tout est en ordre. Je passe \u00e0 nouveau le seuil, et \u00e0 nouveau, je sonne.\u00a0Je hasarde que, peut-\u00eatre, la faute incombe \u00e0 mes clefs. Je les sors de la poche en signe de bonne volont\u00e9, mais il hoche la t\u00eate et me dit avec une professionnalisme : <em>\u00ab\u00a0non, c&rsquo;est pas les clefs\u00a0\u00bb<\/em>.<br \/>\nJe sors pour de bon.<\/p>\n<p><a href=\"https:\/\/hyperbate.fr\/fatras\/files\/2015\/08\/etiquette1.jpg\"><img decoding=\"async\" class=\"aligncenter size-full wp-image-1728\" src=\"https:\/\/hyperbate.fr\/fatras\/files\/2015\/08\/etiquette1.jpg\" alt=\"etiquette1\" width=\"792\" height=\"594\" srcset=\"https:\/\/hyperbate.fr\/fatras\/files\/2015\/08\/etiquette1.jpg 792w, https:\/\/hyperbate.fr\/fatras\/files\/2015\/08\/etiquette1-300x225.jpg 300w\" sizes=\"(max-width: 792px) 100vw, 792px\" \/><\/a><\/p>\n<p>Aujourd&rsquo;hui, j&rsquo;entre dans la sup\u00e9rette de ma ville accueilli par un <em>tiii-tiii-tiii<\/em>\u00a0sonore et strident. Des yeux, le vigile me\u00a0fait comprendre\u00a0que je peux entrer.\u00a0Le m\u00eame son d\u00e9sagr\u00e9able signale ma sortie. Je devine\u00a0dans mon dos que le vigile me garde \u00e0 l&rsquo;\u0153il, mais il\u00a0ne me demande rien. Il faut dire que je discute avec le caissier, un ami de mon fils, qui me raconte qu&rsquo;il entame sa seconde ann\u00e9e d&rsquo;\u00e9tudes de biologie. Il faut dire surtout qu&rsquo;avec l&rsquo;\u00e2ge, on cesse d&rsquo;\u00eatre pris pour un probable voleur : cela fait cinq ou six ans qu&rsquo;on ne m&rsquo;a pas demand\u00e9 de d\u00e9poser mon sac \u00e0 dos \u00e0 l&rsquo;entr\u00e9e, alors que j&rsquo;ai toujours un sac \u00e0 dos et que\u00a0\u00a0je porte toujours des tee-shirts et des sweats \u00e0 capuche. Le myst\u00e8re reste entier : je sonne.<\/p>\n<p><a href=\"https:\/\/hyperbate.fr\/fatras\/files\/2015\/08\/etiquette2.jpg\"><img decoding=\"async\" class=\"aligncenter size-full wp-image-1729\" src=\"https:\/\/hyperbate.fr\/fatras\/files\/2015\/08\/etiquette2.jpg\" alt=\"etiquette2\" width=\"792\" height=\"594\" srcset=\"https:\/\/hyperbate.fr\/fatras\/files\/2015\/08\/etiquette2.jpg 792w, https:\/\/hyperbate.fr\/fatras\/files\/2015\/08\/etiquette2-300x225.jpg 300w\" sizes=\"(max-width: 792px) 100vw, 792px\" \/><\/a><\/p>\n<p>J&rsquo;ai trouv\u00e9 la raison en me d\u00e9shabillant cette nuit : il y un antivol dans mon pantalon. La boutique qui m&rsquo;a vendu le v\u00eatement\u00a0n&rsquo;a pas n\u00e9glig\u00e9\u00a0de d\u00e9magn\u00e9tiser ou d&rsquo;\u00f4ter l&rsquo;antivol, non, en fait c&rsquo;\u00e9tait \u00e0 moi de l&rsquo;enlever \u00e0 l&rsquo;aide de ciseaux.\u00a0Porter un pantalon en 2015 r\u00e9clame plus d&rsquo;attention, d&rsquo;expertise,\u00a0d&rsquo;esprit d&rsquo;initiative et de mat\u00e9riel qu&rsquo;il y a seulement cinq ans.<\/p>\n","protected":false},"excerpt":{"rendered":"<p>Je sors du magasin, je sonne. Je croise le regard du vigile qui me demande d&rsquo;attendre\u00a0\u2014 il est d\u00e9j\u00e0 occup\u00e9 \u00e0 compter\u00a0les achats d&rsquo;un autre client.\u00a0Il\u00a0inspecte enfin mon sac, v\u00e9rifie mon ticket de caisse et compte mes articles : tout est en ordre. Je passe \u00e0 nouveau le seuil, et \u00e0 nouveau, je sonne.\u00a0Je hasarde &hellip; <a href=\"https:\/\/hyperbate.fr\/fatras\/2015\/08\/28\/le-jour-ou-jai-sonne\/\" class=\"more-link\">Continuer la lecture de <span class=\"screen-reader-text\">Le jour o\u00f9 j&rsquo;ai sonn\u00e9<\/span><\/a><\/p>\n","protected":false},"author":1,"featured_media":0,"comment_status":"open","ping_status":"open","sticky":false,"template":"","format":"standard","meta":{"footnotes":""},"categories":[1],"tags":[],"class_list":["post-1727","post","type-post","status-publish","format-standard","hentry","category-non-classe"],"_links":{"self":[{"href":"https:\/\/hyperbate.fr\/fatras\/wp-json\/wp\/v2\/posts\/1727","targetHints":{"allow":["GET"]}}],"collection":[{"href":"https:\/\/hyperbate.fr\/fatras\/wp-json\/wp\/v2\/posts"}],"about":[{"href":"https:\/\/hyperbate.fr\/fatras\/wp-json\/wp\/v2\/types\/post"}],"author":[{"embeddable":true,"href":"https:\/\/hyperbate.fr\/fatras\/wp-json\/wp\/v2\/users\/1"}],"replies":[{"embeddable":true,"href":"https:\/\/hyperbate.fr\/fatras\/wp-json\/wp\/v2\/comments?post=1727"}],"version-history":[{"count":0,"href":"https:\/\/hyperbate.fr\/fatras\/wp-json\/wp\/v2\/posts\/1727\/revisions"}],"wp:attachment":[{"href":"https:\/\/hyperbate.fr\/fatras\/wp-json\/wp\/v2\/media?parent=1727"}],"wp:term":[{"taxonomy":"category","embeddable":true,"href":"https:\/\/hyperbate.fr\/fatras\/wp-json\/wp\/v2\/categories?post=1727"},{"taxonomy":"post_tag","embeddable":true,"href":"https:\/\/hyperbate.fr\/fatras\/wp-json\/wp\/v2\/tags?post=1727"}],"curies":[{"name":"wp","href":"https:\/\/api.w.org\/{rel}","templated":true}]}}