{"id":1703,"date":"2015-08-27T20:26:53","date_gmt":"2015-08-27T20:26:53","guid":{"rendered":"http:\/\/hyperbate.fr\/fatras\/?p=1703"},"modified":"2015-08-27T20:26:53","modified_gmt":"2015-08-27T20:26:53","slug":"mireille-debarque","status":"publish","type":"post","link":"https:\/\/hyperbate.fr\/fatras\/2015\/08\/27\/mireille-debarque\/","title":{"rendered":"Mireille d\u00e9barque"},"content":{"rendered":"<p>J&rsquo;ai lu un article assez odieux et j&rsquo;avais envie d&rsquo;en parler en vid\u00e9o, plut\u00f4t que de consacrer un article \u00e0 un article,&#8230; Le sujet de ma vid\u00e9o, c&rsquo;est celui de ces gens qui se sentent opprim\u00e9s par la bienpensance, qui se jugent toujours trop g\u00e9n\u00e9reux, comme ces boulangers que j&rsquo;avais vu, le jour de leur installation, commencer par installer le panneau <em>\u00ab\u00a0La maison ne fais PLUS cr\u00e9dit\u00a0\u00bb<\/em> : sans savoir jamais eu l&rsquo;occasion de se montrer confiants, ils pensaient\u00a0d\u00e9j\u00e0 qu&rsquo;ils l&rsquo;\u00e9taient trop.<br \/>\nEt ce sont les gens qui donnent des le\u00e7ons de courage depuis leurs pantoufles.<\/p>\n<p><iframe src=\"https:\/\/www.youtube.com\/embed\/0HRwd6lYPQ4\" width=\"640\" height=\"480\" frameborder=\"0\" allowfullscreen=\"allowfullscreen\"><\/iframe><\/p>\n<p>Ma vid\u00e9o n&rsquo;est pas g\u00e9niale, on ne me voit pas (moi non plus je ne me voyais pas, en filmant, je surveillais juste l&rsquo;instant o\u00f9 la tablette allait tomber !), et en plus j&rsquo;oublie une partie de ce que je voulais dire en route. Mais je n&rsquo;ai pas le courage de la refaire !<br \/>\nJe m&rsquo;ach\u00e8terai une cam\u00e9ra, un jour.<\/p>\n","protected":false},"excerpt":{"rendered":"<p>J&rsquo;ai lu un article assez odieux et j&rsquo;avais envie d&rsquo;en parler en vid\u00e9o, plut\u00f4t que de consacrer un article \u00e0 un article,&#8230; Le sujet de ma vid\u00e9o, c&rsquo;est celui de ces gens qui se sentent opprim\u00e9s par la bienpensance, qui se jugent toujours trop g\u00e9n\u00e9reux, comme ces boulangers que j&rsquo;avais vu, le jour de leur &hellip; <a href=\"https:\/\/hyperbate.fr\/fatras\/2015\/08\/27\/mireille-debarque\/\" class=\"more-link\">Continuer la lecture de <span class=\"screen-reader-text\">Mireille d\u00e9barque<\/span><\/a><\/p>\n","protected":false},"author":1,"featured_media":0,"comment_status":"open","ping_status":"open","sticky":false,"template":"","format":"standard","meta":{"footnotes":""},"categories":[1],"tags":[],"class_list":["post-1703","post","type-post","status-publish","format-standard","hentry","category-non-classe"],"_links":{"self":[{"href":"https:\/\/hyperbate.fr\/fatras\/wp-json\/wp\/v2\/posts\/1703","targetHints":{"allow":["GET"]}}],"collection":[{"href":"https:\/\/hyperbate.fr\/fatras\/wp-json\/wp\/v2\/posts"}],"about":[{"href":"https:\/\/hyperbate.fr\/fatras\/wp-json\/wp\/v2\/types\/post"}],"author":[{"embeddable":true,"href":"https:\/\/hyperbate.fr\/fatras\/wp-json\/wp\/v2\/users\/1"}],"replies":[{"embeddable":true,"href":"https:\/\/hyperbate.fr\/fatras\/wp-json\/wp\/v2\/comments?post=1703"}],"version-history":[{"count":0,"href":"https:\/\/hyperbate.fr\/fatras\/wp-json\/wp\/v2\/posts\/1703\/revisions"}],"wp:attachment":[{"href":"https:\/\/hyperbate.fr\/fatras\/wp-json\/wp\/v2\/media?parent=1703"}],"wp:term":[{"taxonomy":"category","embeddable":true,"href":"https:\/\/hyperbate.fr\/fatras\/wp-json\/wp\/v2\/categories?post=1703"},{"taxonomy":"post_tag","embeddable":true,"href":"https:\/\/hyperbate.fr\/fatras\/wp-json\/wp\/v2\/tags?post=1703"}],"curies":[{"name":"wp","href":"https:\/\/api.w.org\/{rel}","templated":true}]}}