{"id":1500,"date":"2015-06-29T21:56:17","date_gmt":"2015-06-29T21:56:17","guid":{"rendered":"http:\/\/hyperbate.fr\/fatras\/?p=1500"},"modified":"2015-06-30T07:23:44","modified_gmt":"2015-06-30T07:23:44","slug":"ce-soir-jai-vu-la-canonisation-dun-ancien-ministre-de-linterieur","status":"publish","type":"post","link":"https:\/\/hyperbate.fr\/fatras\/2015\/06\/29\/ce-soir-jai-vu-la-canonisation-dun-ancien-ministre-de-linterieur\/","title":{"rendered":"Ce soir j&rsquo;ai assist\u00e9 \u00e0 la canonisation improvis\u00e9e d&rsquo;un ancien ministre de l&rsquo;Int\u00e9rieur"},"content":{"rendered":"<p>J&rsquo;ai regard\u00e9 BFM t\u00e9l\u00e9.<br \/>\nJ&rsquo;y ai appris que Charles Pasqua avait une faconde, une truculence, un accent pittoresque et un physique hors-norme. J&rsquo;ai appris que tout le monde l&rsquo;adorait, c&rsquo;est m\u00eame Balkany qui l&rsquo;a dit. Avoir Balkany pour faire son \u00e9loge fun\u00e8bre, quand m\u00eame, \u00e7a n&rsquo;inspire pas trop confiance, et lorsque ce m\u00eame\u00a0Balkany r\u00e9v\u00e8le\u00a0que c&rsquo;est\u00a0gr\u00e2ce \u00e0 Pasqua s&rsquo;il a fait\u00a0une <em>\u00ab\u00a0carri\u00e8re\u00a0\u00bb<\/em>\u00a0politique, on n&rsquo;a plus de doutes sur le fait\u00a0que l&rsquo;ancien VRP de Ricard m\u00e9ritait la\u00a0prison. J&rsquo;ai appris sur BFM que Pasqua \u00e9tait un <em>\u00ab\u00a0humaniste\u00a0\u00bb<\/em> car il \u00e9tait <em>\u00ab\u00a0attentif aux autres\u00a0\u00bb<\/em>, et la preuve de tant d&rsquo;humanisme, dixit un mec sur le plateau, c&rsquo;est qu&rsquo;il avait\u00a0senti venir avant les autres le vent de la droitisation et du repli des Fran\u00e7ais, qu&rsquo;il \u00e9tait souverainiste et pr\u00f4nait un rapprochement entre son parti et le Front National. J&rsquo;ai appris aussi que Pasqua avait \u00e9t\u00e9 un peu tracass\u00e9 par la justice mais bon, pas plus que \u00e7a, juste deux condamnationounettes et six non-lieux, autant dire rien du tout, statistiquement parlant.<\/p>\n<p><img decoding=\"async\" class=\"aligncenter size-full wp-image-1504\" src=\"https:\/\/hyperbate.fr\/fatras\/files\/2015\/06\/pasquarip.jpg\" alt=\"pasquarip\" width=\"630\" height=\"354\" srcset=\"https:\/\/hyperbate.fr\/fatras\/files\/2015\/06\/pasquarip.jpg 630w, https:\/\/hyperbate.fr\/fatras\/files\/2015\/06\/pasquarip-300x169.jpg 300w\" sizes=\"(max-width: 630px) 100vw, 630px\" \/><\/p>\n<p>Sur BFM, je n&rsquo;ai pas appris la teneur des condamnations, des accusations, des rumeurs, alors je ne saurai\u00a0pas si un homme politique r\u00e9cemment disparu a financ\u00e9 son parti gr\u00e2ce \u00e0 une milice li\u00e9e \u00e0 la p\u00e8gre et dont il a \u00e9t\u00e9 le co-fondateur, je ne saurai pas non plus\u00a0si ce monsieur\u00a0a un rapport avec le suicide atypique de Robert Boulin\u00a0(atypique car le suicide par noyade dans une flaque d&rsquo;eau, \u00e7a demande une certaine volont\u00e9). Par contre j&rsquo;aurai appris que pour avoir critiqu\u00e9\u00a0Charles Pasqua, il fallait vraiment \u00eatre un gauchiste sans c\u0153ur, born\u00e9 et de mauvaise foi. Je n&rsquo;aurai en revanche pas compris comment un type pareil a pu devenir ministre de l&rsquo;int\u00e9rieur ni\u00a0s&rsquo;il y a une\u00a0diff\u00e9rence, dans son\u00a0cas, entre \u00eatre condamn\u00e9 \u00e0 l&rsquo;in\u00e9ligibilit\u00e9 et prendre sa retraite de la vie\u00a0politique.\u00a0Enfin je ne saurais pas grand chose.<br \/>\nForc\u00e9ment, j&rsquo;ai regard\u00e9 BFM t\u00e9l\u00e9.<\/p>\n","protected":false},"excerpt":{"rendered":"<p>J&rsquo;ai regard\u00e9 BFM t\u00e9l\u00e9. J&rsquo;y ai appris que Charles Pasqua avait une faconde, une truculence, un accent pittoresque et un physique hors-norme. J&rsquo;ai appris que tout le monde l&rsquo;adorait, c&rsquo;est m\u00eame Balkany qui l&rsquo;a dit. Avoir Balkany pour faire son \u00e9loge fun\u00e8bre, quand m\u00eame, \u00e7a n&rsquo;inspire pas trop confiance, et lorsque ce m\u00eame\u00a0Balkany r\u00e9v\u00e8le\u00a0que c&rsquo;est\u00a0gr\u00e2ce &hellip; <a href=\"https:\/\/hyperbate.fr\/fatras\/2015\/06\/29\/ce-soir-jai-vu-la-canonisation-dun-ancien-ministre-de-linterieur\/\" class=\"more-link\">Continuer la lecture de <span class=\"screen-reader-text\">Ce soir j&rsquo;ai assist\u00e9 \u00e0 la canonisation improvis\u00e9e d&rsquo;un ancien ministre de l&rsquo;Int\u00e9rieur<\/span><\/a><\/p>\n","protected":false},"author":1,"featured_media":0,"comment_status":"open","ping_status":"open","sticky":false,"template":"","format":"standard","meta":{"footnotes":""},"categories":[1],"tags":[],"class_list":["post-1500","post","type-post","status-publish","format-standard","hentry","category-non-classe"],"_links":{"self":[{"href":"https:\/\/hyperbate.fr\/fatras\/wp-json\/wp\/v2\/posts\/1500","targetHints":{"allow":["GET"]}}],"collection":[{"href":"https:\/\/hyperbate.fr\/fatras\/wp-json\/wp\/v2\/posts"}],"about":[{"href":"https:\/\/hyperbate.fr\/fatras\/wp-json\/wp\/v2\/types\/post"}],"author":[{"embeddable":true,"href":"https:\/\/hyperbate.fr\/fatras\/wp-json\/wp\/v2\/users\/1"}],"replies":[{"embeddable":true,"href":"https:\/\/hyperbate.fr\/fatras\/wp-json\/wp\/v2\/comments?post=1500"}],"version-history":[{"count":0,"href":"https:\/\/hyperbate.fr\/fatras\/wp-json\/wp\/v2\/posts\/1500\/revisions"}],"wp:attachment":[{"href":"https:\/\/hyperbate.fr\/fatras\/wp-json\/wp\/v2\/media?parent=1500"}],"wp:term":[{"taxonomy":"category","embeddable":true,"href":"https:\/\/hyperbate.fr\/fatras\/wp-json\/wp\/v2\/categories?post=1500"},{"taxonomy":"post_tag","embeddable":true,"href":"https:\/\/hyperbate.fr\/fatras\/wp-json\/wp\/v2\/tags?post=1500"}],"curies":[{"name":"wp","href":"https:\/\/api.w.org\/{rel}","templated":true}]}}