{"id":1496,"date":"2015-06-29T10:49:12","date_gmt":"2015-06-29T10:49:12","guid":{"rendered":"http:\/\/hyperbate.fr\/fatras\/?p=1496"},"modified":"2015-06-29T10:58:23","modified_gmt":"2015-06-29T10:58:23","slug":"tribokz","status":"publish","type":"post","link":"https:\/\/hyperbate.fr\/fatras\/2015\/06\/29\/tribokz\/","title":{"rendered":"Tribokz"},"content":{"rendered":"<p>Ma m\u00e9moire \u00ab\u00a0\u00e9pisodique\u00a0\u00bb fonctionne assez mal. Je n&rsquo;ai que peu de souvenirs des faits de ma propre existence. Par ailleurs,\u00a0j&rsquo;oublie tr\u00e8s facilement les visages\u00a0\u2014\u00a0je reconnais plus les gens \u00e0 leur langage corporel, \u00e0 leur implantation capillaire, \u00e0 leur voix et \u00e0 leurs v\u00eatements. Quand je les reconnais.<\/p>\n<p><img decoding=\"async\" class=\"aligncenter size-full wp-image-1497\" src=\"https:\/\/hyperbate.fr\/fatras\/files\/2015\/06\/brumath_triboques.jpg\" alt=\"brumath_triboques\" width=\"1200\" height=\"800\" srcset=\"https:\/\/hyperbate.fr\/fatras\/files\/2015\/06\/brumath_triboques.jpg 1200w, https:\/\/hyperbate.fr\/fatras\/files\/2015\/06\/brumath_triboques-300x200.jpg 300w, https:\/\/hyperbate.fr\/fatras\/files\/2015\/06\/brumath_triboques-1024x683.jpg 1024w\" sizes=\"(max-width: 1200px) 100vw, 1200px\" \/><\/p>\n<p>En revanche,\u00a0j&rsquo;ai une\u00a0assez\u00a0bonne m\u00e9moire \u00ab\u00a0encyclop\u00e9dique\u00a0\u00bb\u00a0et\u00a0il est probable que je n&rsquo;oublierai jamais que la ville de Brumath a \u00e9t\u00e9 la capitales des Triboques, puisque je l&rsquo;ai lu sur un panneau annon\u00e7ant une exposition, alors que je traversais un canal \u00e0 Strasbourg. Brumath, capitale des Triboques ? Je pressens que celle-l\u00e0, je vais avoir du mal \u00e0 la caser dans une conversation.<\/p>\n","protected":false},"excerpt":{"rendered":"<p>Ma m\u00e9moire \u00ab\u00a0\u00e9pisodique\u00a0\u00bb fonctionne assez mal. Je n&rsquo;ai que peu de souvenirs des faits de ma propre existence. Par ailleurs,\u00a0j&rsquo;oublie tr\u00e8s facilement les visages\u00a0\u2014\u00a0je reconnais plus les gens \u00e0 leur langage corporel, \u00e0 leur implantation capillaire, \u00e0 leur voix et \u00e0 leurs v\u00eatements. Quand je les reconnais. En revanche,\u00a0j&rsquo;ai une\u00a0assez\u00a0bonne m\u00e9moire \u00ab\u00a0encyclop\u00e9dique\u00a0\u00bb\u00a0et\u00a0il est probable que &hellip; <a href=\"https:\/\/hyperbate.fr\/fatras\/2015\/06\/29\/tribokz\/\" class=\"more-link\">Continuer la lecture de <span class=\"screen-reader-text\">Tribokz<\/span><\/a><\/p>\n","protected":false},"author":1,"featured_media":0,"comment_status":"open","ping_status":"open","sticky":false,"template":"","format":"standard","meta":{"footnotes":""},"categories":[1],"tags":[],"class_list":["post-1496","post","type-post","status-publish","format-standard","hentry","category-non-classe"],"_links":{"self":[{"href":"https:\/\/hyperbate.fr\/fatras\/wp-json\/wp\/v2\/posts\/1496","targetHints":{"allow":["GET"]}}],"collection":[{"href":"https:\/\/hyperbate.fr\/fatras\/wp-json\/wp\/v2\/posts"}],"about":[{"href":"https:\/\/hyperbate.fr\/fatras\/wp-json\/wp\/v2\/types\/post"}],"author":[{"embeddable":true,"href":"https:\/\/hyperbate.fr\/fatras\/wp-json\/wp\/v2\/users\/1"}],"replies":[{"embeddable":true,"href":"https:\/\/hyperbate.fr\/fatras\/wp-json\/wp\/v2\/comments?post=1496"}],"version-history":[{"count":0,"href":"https:\/\/hyperbate.fr\/fatras\/wp-json\/wp\/v2\/posts\/1496\/revisions"}],"wp:attachment":[{"href":"https:\/\/hyperbate.fr\/fatras\/wp-json\/wp\/v2\/media?parent=1496"}],"wp:term":[{"taxonomy":"category","embeddable":true,"href":"https:\/\/hyperbate.fr\/fatras\/wp-json\/wp\/v2\/categories?post=1496"},{"taxonomy":"post_tag","embeddable":true,"href":"https:\/\/hyperbate.fr\/fatras\/wp-json\/wp\/v2\/tags?post=1496"}],"curies":[{"name":"wp","href":"https:\/\/api.w.org\/{rel}","templated":true}]}}