{"id":9703,"date":"2010-02-14T02:13:33","date_gmt":"2010-02-14T01:13:33","guid":{"rendered":"http:\/\/www.hyperbate.com\/dernier\/?p=9703"},"modified":"2010-02-14T02:13:33","modified_gmt":"2010-02-14T01:13:33","slug":"censure-a-lecole-nationale-superieure-des-beaux-arts-de-paris","status":"publish","type":"post","link":"https:\/\/hyperbate.fr\/dernier\/?p=9703","title":{"rendered":"Censure \u00e0 l&rsquo;\u00c9cole Nationale Sup\u00e9rieure des Beaux-Arts de Paris"},"content":{"rendered":"<p>Les faits : invit\u00e9e \u00e0 participer \u00e0 l&rsquo;exposition <em>Seven Day week end\/Week end de Sept Jours<\/em>, l&rsquo;artiste chinoise <a href=\"http:\/\/www.kosiulan.net\/\" target=\"_blank\">Siu Lan Ko<\/a> a eu la surprise de voir son \u0153uvre d\u00e9croch\u00e9e quelques heures avant\u00a0l&rsquo;inauguration\u00a0de l&rsquo;exposition. Il s&rsquo;agissait de deux\u00a0banderoles\u00a0\u00a0sur les faces desquelles \u00e9taient \u00e9crit les mots \u00ab\u00a0gagner\u00a0\u00bb, \u00ab\u00a0moins\u00a0\u00bb, \u00ab\u00a0plus\u00a0\u00bb, \u00ab\u00a0travailler\u00a0\u00bb, en r\u00e9f\u00e9rence \u00e0 un des plus c\u00e9l\u00e8bres slogans de la campagne pr\u00e9sidentielle de Nicolas Sarkozy en 2007, <em>\u00ab\u00a0Travailler plus pour gagner plus\u00a0\u00bb<\/em>. Selon le trajet et l&rsquo;orientation du spectateur, ces banderoles pouvaient se lire de diverses fa\u00e7ons : <em>Gagner plus travailler moins<\/em> ; <em>Plus gagner plus travailler<\/em> ; <em>Travailler plus gagner moins<\/em> ; etc.<br \/>\nLa direction de l&rsquo;\u00e9cole a refus\u00e9 de s&rsquo;expliquer sur ses motivations avant l&rsquo;ouverture de l&rsquo;exposition et a propos\u00e9 \u00e0 l&rsquo;artiste de montrer son travail \u00e0 l&rsquo;int\u00e9rieur de la galerie de l&rsquo;\u00e9cole des Beaux-Arts plut\u00f4t qu&rsquo;\u00e0 l&rsquo;ext\u00e9rieur, sur le quai Malaquais. Compromis aussi mesquin qu&rsquo;inacceptable.<\/p>\n<div id=\"attachment_9706\" style=\"width: 540px\" class=\"wp-caption alignnone\"><a href=\"http:\/\/www.arpla.fr\/canal20\/adnm\/?p=2104\" target=\"_blank\"><img decoding=\"async\" aria-describedby=\"caption-attachment-9706\" class=\"size-full wp-image-9706\" src=\"\/dernier\/files\/2010\/02\/Siu_Lan_Ko_by_jlb.jpg\" alt=\"\" width=\"530\" height=\"199\" srcset=\"https:\/\/hyperbate.fr\/dernier\/files\/2010\/02\/Siu_Lan_Ko_by_jlb.jpg 530w, https:\/\/hyperbate.fr\/dernier\/files\/2010\/02\/Siu_Lan_Ko_by_jlb-300x112.jpg 300w\" sizes=\"(max-width: 530px) 100vw, 530px\" \/><\/a><p id=\"caption-attachment-9706\" class=\"wp-caption-text\">\u00c0 gauche, Siu Lan Ko s&#039;explique devant la presse et le public ; \u00c0 droite, un extrait du catalogue. Photographies : J.-L. B., 2010.<\/p><\/div>\n<p>Comme tout le monde, l&rsquo;affaire m&rsquo;a scandalis\u00e9 mais je suis forc\u00e9 d&rsquo;admettre que je me d\u00e9lecte de l&rsquo;ironie de la situation.<br \/>\nEn fait j&rsquo;aime m\u00eame beaucoup cette histoire pour ce qu&rsquo;elle parvient \u00e0\u00a0r\u00e9v\u00e9ler\u00a0(qui a dit que l&rsquo;art contemporain n&rsquo;\u00e9tait plus capable de provoquer de r\u00e9actions ?), m\u00eame si ce qu&rsquo;elle r\u00e9v\u00e8le est pr\u00e9cis\u00e9ment tr\u00e8s inqui\u00e9tant.<br \/>\nIl y a d&rsquo;abord la l\u00e2chet\u00e9 d&rsquo;une institution qui ne s&rsquo;est subitement\u00a0plus sentie capable d&rsquo;assumer un clin d&rsquo;\u0153il taquin (mais pas franchement violent) au pr\u00e9sident de la R\u00e9publique, et qui n&rsquo;a m\u00eame pas assum\u00e9 sa pleutrerie, pr\u00e9tendant n&rsquo;avoir pas \u00e9t\u00e9 d\u00fbment avertie du caract\u00e8re politiquement provocateur de l&rsquo;\u0153uvre expos\u00e9e.<br \/>\nOn peut supposer qu&rsquo;il n&rsquo;y a eu aucune demande explicite de censure de la part de l&rsquo;\u00c9lys\u00e9e ni d&rsquo;aucun minist\u00e8re (le ministre de tutelle, Fr\u00e9d\u00e9ric Mitterrand a d&rsquo;ailleurs r\u00e9clam\u00e9 officiellement le retour de l&rsquo;\u0153uvre), mais Nicolas Sarkozy n&rsquo;a pas besoin de demander quoi que ce soit tant il semble avoir install\u00e9 un certain climat de terreur \u2014 on dit qu&rsquo;il est\u00a0extr\u00eamement\u00a0rancunier et qu&rsquo;il harc\u00e8le personnellement au t\u00e9l\u00e9phone les r\u00e9dactions pour r\u00e9primander les responsables d&rsquo;articles qui lui ont d\u00e9plu. Il n&rsquo;y a donc pas de censure, mais bien pire, une autocensure. La panique est telle que les ordres n&rsquo;ont pas besoin d&rsquo;avoir \u00e9t\u00e9 formul\u00e9s \u2014\u00a0ni m\u00eame peut-\u00eatre voulus \u2014\u00a0pour \u00eatre ex\u00e9cut\u00e9s.<\/p>\n<div id=\"attachment_9716\" style=\"width: 540px\" class=\"wp-caption alignnone\"><img decoding=\"async\" aria-describedby=\"caption-attachment-9716\" class=\"size-full wp-image-9716\" src=\"\/dernier\/files\/2010\/02\/pekin2008.jpg\" alt=\"\" width=\"530\" height=\"184\" srcset=\"https:\/\/hyperbate.fr\/dernier\/files\/2010\/02\/pekin2008.jpg 530w, https:\/\/hyperbate.fr\/dernier\/files\/2010\/02\/pekin2008-300x104.jpg 300w\" sizes=\"(max-width: 530px) 100vw, 530px\" \/><p id=\"caption-attachment-9716\" class=\"wp-caption-text\">Les manifestations organis\u00e9es par Reporters sans fronti\u00e8res \u00e0 l&#039;occasion des jeux olympiques de P\u00e9kin en 2008 pour protester contre le manque de libert\u00e9 d&#039;expression en Chine. Photos : Parispassion \/ FlickR (licence Creative Commons)<\/p><\/div>\n<p>L&rsquo;ironie de la situation, c&rsquo;est bien entendu que l&rsquo;artiste se trouve \u00eatre chinoise, c&rsquo;est \u00e0 dire qu&rsquo;elle vient d&rsquo;un pays que, depuis la vertueuse France des droits de l&rsquo;homme, on aime montrer du doigt. Pouvons nous continuer \u00e0 donner des le\u00e7ons \u00e0 la Chine avec la m\u00eame\u00a0l\u00e9g\u00e8ret\u00e9\u00a0lorsque l&rsquo;artiste censur\u00e9e ici explique qu&rsquo;<em>\u00ab\u00a0En Chine on parle beaucoup de censure mais moi, mon travail en Chine n&rsquo;a jamais \u00e9t\u00e9 censur\u00e9 de mani\u00e8re si brutale\u00a0\u00bb<\/em> ?<br \/>\nQuel est exactement l&rsquo;\u00e9tat de nos libert\u00e9s publiques \u00e0 quelques jours du vote solennel de la loi Loppsi qui va \u00e9tendre l&#8217;empire des techniques de contr\u00f4le et de surveillance par l&rsquo;\u00e9tat \u00e0 un degr\u00e9 jamais atteint jusqu&rsquo;ici ? Entre autres mesures, il est pr\u00e9vu que les policiers auront le droit de poser des \u00ab\u00a0mouchards\u00a0\u00bb logiciels sur les ordinateurs de citoyens, en s&rsquo;introduisant clandestinement chez eux. C&rsquo;est la premi\u00e8re fois que, hors flagrant d\u00e9lit, la police se voit offrir en France le droit d&rsquo;entrer dans le domicile d&rsquo;un citoyen sans invitation explicite \u2014 mais TF1 et Le Parisien n&rsquo;en parlent pas, ils pr\u00e9f\u00e8rent tourner des sujets sur la multiplication des cam\u00e9ras de \u00ab\u00a0protection\u00a0\u00bb (ils faut \u00e0 pr\u00e9sent \u00e9viter le mot \u00ab\u00a0surveillance\u00a0\u00bb apparemment) sur la voie publique.<br \/>\nBien qu&rsquo;elle soit d\u00e9j\u00e0 termin\u00e9e (les \u0153uvres seront expos\u00e9es, on oublie tout), je ne doute pas que l&rsquo;histoire de calicots de Siu Lan Ko fera le tour du monde, et \u00e7a ne sera pas vol\u00e9.<\/p>\n<h4>Digression confuse : le travail, libert\u00e9, temps libre, maternit\u00e9<\/h4>\n<p style=\"text-align: right\"><em>\u00ab\u00a0Un peu confus ton article,<br \/>\nj&rsquo;ai l&rsquo;impression que tu as voulu parler de trop de trucs en m\u00eame temps\u00a0\u00bb<\/em><br \/>\n(N.L.)<\/p>\n<div id=\"attachment_9724\" style=\"width: 540px\" class=\"wp-caption alignnone\"><img decoding=\"async\" aria-describedby=\"caption-attachment-9724\" class=\"size-full wp-image-9724\" src=\"\/dernier\/files\/2010\/02\/douteux.jpg\" alt=\"\" width=\"530\" height=\"203\" srcset=\"https:\/\/hyperbate.fr\/dernier\/files\/2010\/02\/douteux.jpg 530w, https:\/\/hyperbate.fr\/dernier\/files\/2010\/02\/douteux-300x114.jpg 300w\" sizes=\"(max-width: 530px) 100vw, 530px\" \/><p id=\"caption-attachment-9724\" class=\"wp-caption-text\">Attention, opposition d&#039;images de mauvais go\u00fbt (qui se comprendra dans la suite du texte). \u00c0 gauche, la c\u00e9l\u00e8bre inscription &quot;Arbeit Macht Frei&quot; (le travail rend libre) sous laquelle passaient les d\u00e9port\u00e9s d&#039;Auschwitz en entrant dans le camp (Photo Muu-karhu \/ Commons, licence Creative commons). \u00c0 droite, une publicit\u00e9 pour &quot;F\u00e9condit\u00e9&quot;, un texte de la s\u00e9rie des &quot;quatre \u00e9vangiles&quot; d&#039;\u00c9mile Zola qui s&#039;en prend aux couples qui ne veulent pas faire d&#039;enfants car il consid\u00e8re que la prosp\u00e9rit\u00e9 nait de la n\u00e9cessit\u00e9 de nourrir toujours plus d&#039;enfants.<\/p><\/div>\n<p>Il est peut-\u00eatre dommage que l&rsquo;on oublie au passage de parler de l&rsquo;\u0153uvre et du th\u00e8me de l&rsquo;exposition qui l&rsquo;accueille : la place du travail et des loisirs dans notre soci\u00e9t\u00e9. Le d\u00e9bat est d&rsquo;actualit\u00e9 depuis toujours, depuis que l&rsquo;industrie a eu besoin de bras, depuis Paul Lafargue<sup><a href=\"#footnote_1_9703\" id=\"identifier_1_9703\" class=\"footnote-link footnote-identifier-link\" title=\"Paul Lafargue, gendre de Marx, a publi&eacute; en 1880&nbsp;Le Droit &agrave; la Paresse, essai dans lequel on peut lire entre autres que&nbsp;&laquo;&nbsp;Pour qu&rsquo;il parvienne &agrave; la conscience de sa force, il faut que le prol&eacute;tariat foule aux pieds les pr&eacute;jug&eacute;s de la morale chr&eacute;tienne, &eacute;conomique, libre penseuse&nbsp;; il faut qu&rsquo;il retourne &agrave; ses instincts naturels, qu&rsquo;il proclame les Droits de la Paresse, mille et mille fois plus sacr&eacute;s que les phtisiques Droits de l&rsquo;Homme concoct&eacute;s par les avocats m&eacute;taphysiques de la r&eacute;volution bourgeoise&nbsp;; qu&rsquo;il se contraigne &agrave; ne travailler que trois heures par jour, &agrave; fain&eacute;anter et bombancer le reste de la journ&eacute;e et de la nuit.&nbsp;&raquo;.\">1<\/a><\/sup>, depuis le Front populaire, depuis les trente-neuf et les trente-cinq heures, depuis le fameux \u00ab\u00a0travailler plus\u00a0\u00bb, mais aussi depuis que l&rsquo;industrie a plus besoin de consommateurs que de producteurs.<br \/>\nCes questions ont connu une autre actualit\u00e9 r\u00e9cemment avec la parution du livre <em><a href=\"http:\/\/www.amazon.fr\/gp\/product\/2081231441?ie=UTF8&amp;tag=lederniblog-21&amp;linkCode=as2&amp;camp=1642&amp;creative=6746&amp;creativeASIN=2081231441\">Le conflit (la femme et la m\u00e8re)<\/a><img decoding=\"async\" style=\"border: none !important;margin: 0px !important\" src=\"http:\/\/www.assoc-amazon.fr\/e\/ir?t=lederniblog-21&amp;l=as2&amp;o=8&amp;a=2081231441\" border=\"0\" alt=\"\" width=\"1\" height=\"1\" \/><\/em>, d&rsquo;\u00c9lisabeth Badinter, et surtout avec les nombreuses r\u00e9actions que l&rsquo;ouvrage a suscit\u00e9<sup><a href=\"#footnote_2_9703\" id=\"identifier_2_9703\" class=\"footnote-link footnote-identifier-link\" title=\"&Agrave; titre personnel, je me sens un peu d&eacute;rang&eacute; par la violence de la charge d&rsquo;&Eacute;lisabeth Badinter (dont j&rsquo;avais beaucoup aim&eacute; XY, de l&rsquo;identit&eacute; masculine &agrave; sa sortie) contre l&rsquo;allaitement (qui fait de la femme un chimpanz&eacute;, dit-elle), car si la d&eacute;t&eacute;rioration des rapports entre hommes et femmes est peut-&ecirc;tre une r&eacute;alit&eacute; (dans certains milieux, pour certaines tranches d&rsquo;&acirc;ge,&hellip;), la parentalit&eacute; n&rsquo;en est pas moins une exp&eacute;rience pr&eacute;cieuse. J&rsquo;ai trouv&eacute; assez int&eacute;ressante la r&eacute;ponse de&nbsp;l&rsquo;anthropologue&nbsp;et primatologue Sarah Blaffer Hrdy qui rappelle que l&rsquo;instinct parental existe &agrave; un niveau neurologique et hormonal mais qui explique aussi que ce n&rsquo;est pas une exclusivit&eacute; des m&egrave;res biologiques : en pr&eacute;sence d&rsquo;un b&eacute;b&eacute;, m&ecirc;me un homme produit de la prolactine &mdash; l&rsquo;hormone qui intervient dans le processus de la lactation.&nbsp;\">2<\/a><\/sup>. Il semble (j&rsquo;ai lu plusieurs reviews et interviews mais pas le livre) que la th\u00e8se d\u00e9velopp\u00e9e par la philosophe f\u00e9ministe soit que l&rsquo;\u00e9mancipation f\u00e9minine est presque incompatible avec la maternit\u00e9, et qu&rsquo;au contraire c&rsquo;est le travail qui lib\u00e8re la femme. Le travail et tout ce qui permet de gagner plus (de temps) pour travailler plus : le biberon et les couches jetables notamment.<\/p>\n<ol class=\"footnotes\"><li id=\"footnote_1_9703\" class=\"footnote\"> Paul Lafargue, gendre de Marx, a publi\u00e9 en 1880\u00a0<em>Le Droit \u00e0 la Paresse<\/em>, essai dans lequel on peut lire entre autres que\u00a0<em>\u00ab\u00a0Pour qu\u2019il parvienne \u00e0 la conscience de sa force, il faut que le prol\u00e9tariat foule aux pieds les pr\u00e9jug\u00e9s de la morale chr\u00e9tienne, \u00e9conomique, libre penseuse\u00a0; il faut qu\u2019il retourne \u00e0 ses instincts naturels, qu\u2019il proclame les Droits de la Paresse, mille et mille fois plus sacr\u00e9s que les phtisiques Droits de l\u2019Homme concoct\u00e9s par les avocats m\u00e9taphysiques de la r\u00e9volution bourgeoise\u00a0; qu\u2019il se contraigne \u00e0 ne travailler que trois heures par jour, \u00e0 fain\u00e9anter et bombancer le reste de la journ\u00e9e et de la nuit.\u00a0\u00bb<\/em>. <span class=\"footnote-back-link-wrapper\"> [<a href=\"#identifier_1_9703\" class=\"footnote-link footnote-back-link\">&#8617;<\/a>]<\/span><\/li><li id=\"footnote_2_9703\" class=\"footnote\"> \u00c0 titre personnel, je me sens un peu d\u00e9rang\u00e9 par la violence de la charge d&rsquo;\u00c9lisabeth Badinter (dont j&rsquo;avais beaucoup aim\u00e9 <em><a href=\"http:\/\/www.amazon.fr\/gp\/product\/2253097837?ie=UTF8&amp;tag=lederniblog-21&amp;linkCode=as2&amp;camp=1642&amp;creative=6746&amp;creativeASIN=2253097837\">XY, de l&rsquo;identit\u00e9 masculine<\/a><img decoding=\"async\" style=\"border: none !important;margin: 0px !important\" src=\"http:\/\/www.assoc-amazon.fr\/e\/ir?t=lederniblog-21&amp;l=as2&amp;o=8&amp;a=2253097837\" border=\"0\" alt=\"\" width=\"1\" height=\"1\" \/><\/em> \u00e0 sa sortie) contre l&rsquo;allaitement (qui fait de la femme un chimpanz\u00e9, dit-elle), car si la d\u00e9t\u00e9rioration des rapports entre hommes et femmes est peut-\u00eatre une r\u00e9alit\u00e9 (dans certains milieux, pour certaines tranches d&rsquo;\u00e2ge,&#8230;), la parentalit\u00e9 n&rsquo;en est pas moins une exp\u00e9rience pr\u00e9cieuse. J&rsquo;ai trouv\u00e9 assez int\u00e9ressante <a href=\"http:\/\/bibliobs.nouvelobs.com\/20100212\/17721\/une-chercheuse-americaine-repond-a-elisabeth-badinter\" target=\"_blank\">la r\u00e9ponse de\u00a0l&rsquo;anthropologue\u00a0et primatologue Sarah Blaffer Hrdy<\/a> qui rappelle que l&rsquo;instinct parental existe \u00e0 un niveau neurologique et hormonal mais qui explique aussi que ce n&rsquo;est pas une exclusivit\u00e9 des m\u00e8res biologiques : en pr\u00e9sence d&rsquo;un b\u00e9b\u00e9, m\u00eame un homme produit de la prolactine \u2014 l&rsquo;hormone qui intervient dans le processus de la lactation.\u00a0<span class=\"footnote-back-link-wrapper\"> [<a href=\"#identifier_2_9703\" class=\"footnote-link footnote-back-link\">&#8617;<\/a>]<\/span><\/li><\/ol>","protected":false},"excerpt":{"rendered":"<p>Les faits : invit\u00e9e \u00e0 participer \u00e0 l&rsquo;exposition Seven Day week end\/Week end de Sept Jours, l&rsquo;artiste chinoise Siu Lan Ko a eu la surprise de voir son \u0153uvre d\u00e9croch\u00e9e quelques heures avant\u00a0l&rsquo;inauguration\u00a0de l&rsquo;exposition. Il s&rsquo;agissait de deux\u00a0banderoles\u00a0\u00a0sur les faces desquelles \u00e9taient \u00e9crit les mots \u00ab\u00a0gagner\u00a0\u00bb, \u00ab\u00a0moins\u00a0\u00bb, \u00ab\u00a0plus\u00a0\u00bb, \u00ab\u00a0travailler\u00a0\u00bb, en r\u00e9f\u00e9rence \u00e0 un des plus [&hellip;]<\/p>\n","protected":false},"author":1,"featured_media":0,"comment_status":"open","ping_status":"open","sticky":false,"template":"","format":"standard","meta":{"footnotes":""},"categories":[6,20,37,38],"tags":[],"class_list":["post-9703","post","type-post","status-publish","format-standard","hentry","category-breve","category-indices","category-parano","category-pas-gai"],"_links":{"self":[{"href":"https:\/\/hyperbate.fr\/dernier\/index.php?rest_route=\/wp\/v2\/posts\/9703","targetHints":{"allow":["GET"]}}],"collection":[{"href":"https:\/\/hyperbate.fr\/dernier\/index.php?rest_route=\/wp\/v2\/posts"}],"about":[{"href":"https:\/\/hyperbate.fr\/dernier\/index.php?rest_route=\/wp\/v2\/types\/post"}],"author":[{"embeddable":true,"href":"https:\/\/hyperbate.fr\/dernier\/index.php?rest_route=\/wp\/v2\/users\/1"}],"replies":[{"embeddable":true,"href":"https:\/\/hyperbate.fr\/dernier\/index.php?rest_route=%2Fwp%2Fv2%2Fcomments&post=9703"}],"version-history":[{"count":0,"href":"https:\/\/hyperbate.fr\/dernier\/index.php?rest_route=\/wp\/v2\/posts\/9703\/revisions"}],"wp:attachment":[{"href":"https:\/\/hyperbate.fr\/dernier\/index.php?rest_route=%2Fwp%2Fv2%2Fmedia&parent=9703"}],"wp:term":[{"taxonomy":"category","embeddable":true,"href":"https:\/\/hyperbate.fr\/dernier\/index.php?rest_route=%2Fwp%2Fv2%2Fcategories&post=9703"},{"taxonomy":"post_tag","embeddable":true,"href":"https:\/\/hyperbate.fr\/dernier\/index.php?rest_route=%2Fwp%2Fv2%2Ftags&post=9703"}],"curies":[{"name":"wp","href":"https:\/\/api.w.org\/{rel}","templated":true}]}}