{"id":5235,"date":"2009-04-12T00:49:51","date_gmt":"2009-04-11T23:49:51","guid":{"rendered":"http:\/\/www.hyperbate.com\/dernier\/?p=5235"},"modified":"2009-04-12T00:49:51","modified_gmt":"2009-04-11T23:49:51","slug":"zkm-you_ser-1","status":"publish","type":"post","link":"https:\/\/hyperbate.fr\/dernier\/?p=5235","title":{"rendered":"ZKM \/ YOU_ser (1)"},"content":{"rendered":"<p>Mercredi, nous avons visit\u00e9 deux expositions du ZKM en compagnie d&rsquo;une chercheuse venue du Portugal (mais s&rsquo;exprimant, pour nous, en fran\u00e7ais). La premi\u00e8re exposition, intitul\u00e9e\u00a0<em>YOU_ser<\/em> (jeu de mot entre \u00ab\u00a0you\u00a0\u00bb et \u00ab\u00a0user\u00a0\u00bb), se focalise sur la participation du spectateur dans l&rsquo;\u0153uvre. On y voit des travaux r\u00e9cents ou au contraire assez anciens, relevant tant\u00f4t de l&rsquo;art conceptuel plut\u00f4t traditionnel, tant\u00f4t de l&rsquo;art num\u00e9rique \u00e0 la pointe de la technologie.<\/p>\n<p>J&rsquo;ai \u00e9t\u00e9 frapp\u00e9 par deux oeuvres.<br \/>\nTout d&rsquo;abord, le travail du collectif\u00a0Telewissen, fond\u00e9\u00a0par\u00a0Herbert Schuhmacher, qui consiste en un camion r\u00e9gie (un Combi Volkswagen) \u00e9quip\u00e9 pour filmer les gens dans la rue et diffuser leur image en m\u00eame temps sur un t\u00e9l\u00e9viseur, \u00e0 une \u00e9poque o\u00f9 la vid\u00e9o \u00e9tait inconnue du public. Aujourd&rsquo;hui, c&rsquo;est l&rsquo;\u00e9merveillement qui se lit sur les visages des spectateurs-sujets qui nous \u00e9tonne et qui donne la mesure du chemin parcouru.<br \/>\nIl a exist\u00e9 une \u00e9poque o\u00f9 l&rsquo;image vid\u00e9o n&rsquo;\u00e9tait pas une chose banale.<\/p>\n<p><img decoding=\"async\" class=\"alignnone size-medium wp-image-5240\" src=\"\/dernier\/files\/2009\/04\/telewissen.jpg\" alt=\"\" width=\"530\" height=\"398\" srcset=\"https:\/\/hyperbate.fr\/dernier\/files\/2009\/04\/telewissen.jpg 530w, https:\/\/hyperbate.fr\/dernier\/files\/2009\/04\/telewissen-300x225.jpg 300w\" sizes=\"(max-width: 530px) 100vw, 530px\" \/><\/p>\n<p>La seconde \u0153uvre,\u00a0<em>MULTINODE_METAGAME<\/em> (2007), par Catalina Ossa et Enrique Rivera,\u00a0est un hommage artistique \u00e0 un projet politique, le Projet <em>Cybersyn <\/em>lanc\u00e9 sous le gouvernement du pr\u00e9sident chilien Salvador Allende par le cybern\u00e9ticien britannique Stafford Beer. Ce syst\u00e8me devait permettre des \u00e9changes d&rsquo;information en temps r\u00e9el entre le pouvoir politique et les lieux de production industrielle afin de coordonner efficacement les actions de chacun. Ce syst\u00e8me n&rsquo;a pas eu le temps d&rsquo;aboutir r\u00e9ellement mais il s&rsquo;est tout de m\u00eame av\u00e9r\u00e9 utile lors de la grande gr\u00e8ve des camioneurs qui a paralys\u00e9 le pays en 1972.<\/p>\n<p>Apr\u00e8s le 11 septembre 1973, date du d\u00e9c\u00e8s d&rsquo;Allende<sup><a href=\"#footnote_1_5235\" id=\"identifier_1_5235\" class=\"footnote-link footnote-identifier-link\" title=\"Salvador Allende s&rsquo;est suicid&eacute; apr&egrave;s avoir lu &agrave; la radio un discours destin&eacute; au peuple chilien et alors que le G&eacute;n&eacute;ral Pinochet, fort de l&rsquo;aide directe de la CIA, &eacute;tait en train de prendre le contr&ocirc;le du pays pour y installer une dictature sanglante. Salvador Allende avait eu le tort de d&eacute;fier les &Eacute;tats-Unis en nationalisant des industries chiliennes et en cherchant &agrave; &eacute;tablir une forme de socialisme (d&rsquo;inspiration plus keyn&eacute;sienne que communiste, semble-t-il) en Am&eacute;rique du sud\">1<\/a><\/sup>, Cybersyn a \u00e9t\u00e9 d\u00e9truit.<\/p>\n<p><img decoding=\"async\" class=\"alignnone size-medium wp-image-5242\" src=\"\/dernier\/files\/2009\/04\/cybersyn.jpg\" alt=\"\" width=\"530\" height=\"192\" \/><\/p>\n<p>Ce qui frappe dans ce projet, c&rsquo;est sa double modernit\u00e9. Il est d&rsquo;abord marqu\u00e9 par une v\u00e9ritable envie d&rsquo;organiser rationnellement le fonctionnement d&rsquo;un pays, non pas \u00e0 coup de lourdes planifications multi-annuelles ni \u00e0 coup d&rsquo;id\u00e9ologies, mais en utilisant au mieux la communication et la r\u00e9activit\u00e9 permises par la r\u00e9volution t\u00e9l\u00e9matique.<\/p>\n<p>Si je parle d&rsquo;une double-modernit\u00e9, c&rsquo;est parce que le mobilier pop et les interfaces de Cybersyn sortent tout droit d&rsquo;un film de science-fiction. On pense \u00e0\u00a0<em>2001 l&rsquo;odyss\u00e9e de l&rsquo;espace<\/em>, <em>Star Trek<\/em>,\u00a0<em>Soleil Vert<span style=\"font-style: normal\">, <\/span>UFO<\/em>,<em> <a href=\"http:\/\/www.hyperbate.fr\/dernier\/?p=16283\">Cosmos 1999<\/a><\/em> ou encore <em>Rollerball<\/em>&#8230;<\/p>\n<p>La visite de l&rsquo;exposition ne m&rsquo;a pas permis de comprendre pr\u00e9cis\u00e9ment quelle \u00e9tait la part de l&rsquo;hommage, de la reconstitution ou de la simulation dans cette \u00e9vocation du projet d&rsquo;un gouvernement cybern\u00e9tique et il n&rsquo;y avait pas de catalogue de l&rsquo;exposition, mais je compte bien me renseigner au sujet de Cybersyn.<\/p>\n<ol class=\"footnotes\"><li id=\"footnote_1_5235\" class=\"footnote\"> Salvador Allende s&rsquo;est suicid\u00e9 apr\u00e8s avoir lu \u00e0 la radio un discours destin\u00e9 au peuple chilien et alors que le G\u00e9n\u00e9ral Pinochet, fort de l&rsquo;aide directe de la CIA, \u00e9tait en train de prendre le contr\u00f4le du pays pour y installer une dictature sanglante. Salvador Allende avait eu le tort de d\u00e9fier les \u00c9tats-Unis en nationalisant des industries chiliennes et en cherchant \u00e0 \u00e9tablir une forme de socialisme (d&rsquo;inspiration plus keyn\u00e9sienne que communiste, semble-t-il) en Am\u00e9rique du sud <span class=\"footnote-back-link-wrapper\"> [<a href=\"#identifier_1_5235\" class=\"footnote-link footnote-back-link\">&#8617;<\/a>]<\/span><\/li><\/ol>","protected":false},"excerpt":{"rendered":"<p>Mercredi, nous avons visit\u00e9 deux expositions du ZKM en compagnie d&rsquo;une chercheuse venue du Portugal (mais s&rsquo;exprimant, pour nous, en fran\u00e7ais). La premi\u00e8re exposition, intitul\u00e9e\u00a0YOU_ser (jeu de mot entre \u00ab\u00a0you\u00a0\u00bb et \u00ab\u00a0user\u00a0\u00bb), se focalise sur la participation du spectateur dans l&rsquo;\u0153uvre. On y voit des travaux r\u00e9cents ou au contraire assez anciens, relevant tant\u00f4t de [&hellip;]<\/p>\n","protected":false},"author":1,"featured_media":0,"comment_status":"open","ping_status":"open","sticky":false,"template":"","format":"standard","meta":{"footnotes":""},"categories":[50],"tags":[],"class_list":["post-5235","post","type-post","status-publish","format-standard","hentry","category-voyage-a-karlsruhe-et-eindhoven"],"_links":{"self":[{"href":"https:\/\/hyperbate.fr\/dernier\/index.php?rest_route=\/wp\/v2\/posts\/5235","targetHints":{"allow":["GET"]}}],"collection":[{"href":"https:\/\/hyperbate.fr\/dernier\/index.php?rest_route=\/wp\/v2\/posts"}],"about":[{"href":"https:\/\/hyperbate.fr\/dernier\/index.php?rest_route=\/wp\/v2\/types\/post"}],"author":[{"embeddable":true,"href":"https:\/\/hyperbate.fr\/dernier\/index.php?rest_route=\/wp\/v2\/users\/1"}],"replies":[{"embeddable":true,"href":"https:\/\/hyperbate.fr\/dernier\/index.php?rest_route=%2Fwp%2Fv2%2Fcomments&post=5235"}],"version-history":[{"count":0,"href":"https:\/\/hyperbate.fr\/dernier\/index.php?rest_route=\/wp\/v2\/posts\/5235\/revisions"}],"wp:attachment":[{"href":"https:\/\/hyperbate.fr\/dernier\/index.php?rest_route=%2Fwp%2Fv2%2Fmedia&parent=5235"}],"wp:term":[{"taxonomy":"category","embeddable":true,"href":"https:\/\/hyperbate.fr\/dernier\/index.php?rest_route=%2Fwp%2Fv2%2Fcategories&post=5235"},{"taxonomy":"post_tag","embeddable":true,"href":"https:\/\/hyperbate.fr\/dernier\/index.php?rest_route=%2Fwp%2Fv2%2Ftags&post=5235"}],"curies":[{"name":"wp","href":"https:\/\/api.w.org\/{rel}","templated":true}]}}