{"id":42567,"date":"2023-02-12T15:23:17","date_gmt":"2023-02-12T14:23:17","guid":{"rendered":"https:\/\/hyperbate.fr\/dernier\/?p=42567"},"modified":"2023-02-12T15:23:18","modified_gmt":"2023-02-12T14:23:18","slug":"litteratures-graphiques-contemporaines-12-2-pascal-valty","status":"publish","type":"post","link":"https:\/\/hyperbate.fr\/dernier\/?p=42567","title":{"rendered":"Litt\u00e9ratures graphiques contemporaines #12.2 : Pascal Valty"},"content":{"rendered":"\n<p>Vendredi 17 f\u00e9vrier 2023, le&nbsp;<a href=\"https:\/\/hyperbate.fr\/dernier\/?p=41453\" data-type=\"post\" data-id=\"41453\">cycle de conf\u00e9rences Litt\u00e9ratures graphiques contemporaines<\/a>&nbsp;accueillera Pascal Valty.<\/p>\n\n\n<div class=\"wp-block-image\">\n<figure class=\"aligncenter size-medium\"><img decoding=\"async\" width=\"530\" height=\"229\" src=\"https:\/\/hyperbate.fr\/dernier\/files\/2023\/02\/image-2-530x229.png\" alt=\"\" class=\"wp-image-42573\" srcset=\"https:\/\/hyperbate.fr\/dernier\/files\/2023\/02\/image-2-530x229.png 530w, https:\/\/hyperbate.fr\/dernier\/files\/2023\/02\/image-2-1024x442.png 1024w, https:\/\/hyperbate.fr\/dernier\/files\/2023\/02\/image-2-768x332.png 768w, https:\/\/hyperbate.fr\/dernier\/files\/2023\/02\/image-2.png 1060w\" sizes=\"(max-width: 530px) 100vw, 530px\" \/><\/figure>\n<\/div>\n\n\n<p>Form\u00e9 au design, Pascal Valty a d&rsquo;abord men\u00e9 une carri\u00e8re de graphiste, de motion-designer, de sc\u00e9nographe et d&rsquo;auteur multim\u00e9dia. Il a notamment enseign\u00e9 ces disciplines \u00e0 l&rsquo;\u00e9cole d&rsquo;art et de design d&rsquo;Amiens et \u00e0 l&rsquo;\u00e9cole nationale sup\u00e9rieure de cr\u00e9ation industrielle \u00e0 Paris.<br>Plus r\u00e9cemment, il s&rsquo;est engag\u00e9 dans une activit\u00e9 d&rsquo;auteur et d&rsquo;\u00e9diteur de bande dessin\u00e9e.<\/p>\n\n\n<div class=\"wp-block-image\">\n<figure class=\"aligncenter size-medium\"><img decoding=\"async\" width=\"530\" height=\"530\" src=\"https:\/\/hyperbate.fr\/dernier\/files\/2023\/02\/image-3-530x530.png\" alt=\"\" class=\"wp-image-42575\" srcset=\"https:\/\/hyperbate.fr\/dernier\/files\/2023\/02\/image-3-530x530.png 530w, https:\/\/hyperbate.fr\/dernier\/files\/2023\/02\/image-3-1024x1024.png 1024w, https:\/\/hyperbate.fr\/dernier\/files\/2023\/02\/image-3-180x180.png 180w, https:\/\/hyperbate.fr\/dernier\/files\/2023\/02\/image-3-768x768.png 768w, https:\/\/hyperbate.fr\/dernier\/files\/2023\/02\/image-3.png 1060w\" sizes=\"(max-width: 530px) 100vw, 530px\" \/><\/figure>\n<\/div>\n\n\n<p>La rencontre aura lieu le vendredi 17 f\u00e9vrier \u00e0 15 heures, en salle A-1-175. Cette seconde s\u00e9ance de la douzi\u00e8me ann\u00e9e du cycle de conf\u00e9rences est ouverte au public ext\u00e9rieur, dans la mesure des places disponibles.<\/p>\n","protected":false},"excerpt":{"rendered":"<p>Vendredi 17 f\u00e9vrier 2023, le&nbsp;cycle de conf\u00e9rences Litt\u00e9ratures graphiques contemporaines&nbsp;accueillera Pascal Valty. Form\u00e9 au design, Pascal Valty a d&rsquo;abord men\u00e9 une carri\u00e8re de graphiste, de motion-designer, de sc\u00e9nographe et d&rsquo;auteur multim\u00e9dia. Il a notamment enseign\u00e9 ces disciplines \u00e0 l&rsquo;\u00e9cole d&rsquo;art et de design d&rsquo;Amiens et \u00e0 l&rsquo;\u00e9cole nationale sup\u00e9rieure de cr\u00e9ation industrielle \u00e0 Paris.Plus r\u00e9cemment, [&hellip;]<\/p>\n","protected":false},"author":1,"featured_media":0,"comment_status":"open","ping_status":"open","sticky":false,"template":"","format":"standard","meta":{"footnotes":""},"categories":[53,102],"tags":[],"class_list":["post-42567","post","type-post","status-publish","format-standard","hentry","category-bande-dessinee","category-conferences"],"_links":{"self":[{"href":"https:\/\/hyperbate.fr\/dernier\/index.php?rest_route=\/wp\/v2\/posts\/42567","targetHints":{"allow":["GET"]}}],"collection":[{"href":"https:\/\/hyperbate.fr\/dernier\/index.php?rest_route=\/wp\/v2\/posts"}],"about":[{"href":"https:\/\/hyperbate.fr\/dernier\/index.php?rest_route=\/wp\/v2\/types\/post"}],"author":[{"embeddable":true,"href":"https:\/\/hyperbate.fr\/dernier\/index.php?rest_route=\/wp\/v2\/users\/1"}],"replies":[{"embeddable":true,"href":"https:\/\/hyperbate.fr\/dernier\/index.php?rest_route=%2Fwp%2Fv2%2Fcomments&post=42567"}],"version-history":[{"count":3,"href":"https:\/\/hyperbate.fr\/dernier\/index.php?rest_route=\/wp\/v2\/posts\/42567\/revisions"}],"predecessor-version":[{"id":42577,"href":"https:\/\/hyperbate.fr\/dernier\/index.php?rest_route=\/wp\/v2\/posts\/42567\/revisions\/42577"}],"wp:attachment":[{"href":"https:\/\/hyperbate.fr\/dernier\/index.php?rest_route=%2Fwp%2Fv2%2Fmedia&parent=42567"}],"wp:term":[{"taxonomy":"category","embeddable":true,"href":"https:\/\/hyperbate.fr\/dernier\/index.php?rest_route=%2Fwp%2Fv2%2Fcategories&post=42567"},{"taxonomy":"post_tag","embeddable":true,"href":"https:\/\/hyperbate.fr\/dernier\/index.php?rest_route=%2Fwp%2Fv2%2Ftags&post=42567"}],"curies":[{"name":"wp","href":"https:\/\/api.w.org\/{rel}","templated":true}]}}