{"id":41167,"date":"2022-03-16T22:36:02","date_gmt":"2022-03-16T21:36:02","guid":{"rendered":"https:\/\/hyperbate.fr\/dernier\/?p=41167"},"modified":"2022-03-16T22:36:04","modified_gmt":"2022-03-16T21:36:04","slug":"litteratures-graphiques-contemporaines-11-4-anne-teuf","status":"publish","type":"post","link":"https:\/\/hyperbate.fr\/dernier\/?p=41167","title":{"rendered":"Litt\u00e9ratures graphiques contemporaines #11.4 : Anne Teuf"},"content":{"rendered":"\n<p>Vendredi 18 mars 2022, le\u00a0<a href=\"https:\/\/hyperbate.fr\/dernier\/?p=40544\">cycle de conf\u00e9rences Litt\u00e9ratures graphiques contemporaines<\/a>\u00a0accueillera Anne Teuf. <\/p>\n\n\n\n<div class=\"wp-block-image\"><figure class=\"aligncenter size-full is-resized\"><img decoding=\"async\" src=\"https:\/\/hyperbate.fr\/dernier\/files\/2022\/03\/anne_teuf_finnele_2.png\" alt=\"\" class=\"wp-image-41230\" width=\"530\" srcset=\"https:\/\/hyperbate.fr\/dernier\/files\/2022\/03\/anne_teuf_finnele_2.png 877w, https:\/\/hyperbate.fr\/dernier\/files\/2022\/03\/anne_teuf_finnele_2-530x352.png 530w, https:\/\/hyperbate.fr\/dernier\/files\/2022\/03\/anne_teuf_finnele_2-768x510.png 768w\" sizes=\"(max-width: 877px) 100vw, 877px\" \/><\/figure><\/div>\n\n\n\n<p>Ancienne \u00e9tudiante de l&rsquo;\u00e9cole des arts d\u00e9coratifs de Strasbourg, Anne Teuf est illustratrice jeunesse (Nathan, Hatier, Fleurus, Larousse) depuis les ann\u00e9es 1990. En 2014, elle publie le premier tome de sa bande dessin\u00e9e <em>Finnele<\/em> qui, prenant comme point de d\u00e9part la biographie d&rsquo;une de ses grand-m\u00e8res, raconte l&rsquo;Alsace de la premi\u00e8re moiti\u00e9 du XXe si\u00e8cle.<\/p>\n\n\n\n<div class=\"wp-block-image\"><figure class=\"aligncenter size-full is-resized\"><img decoding=\"async\" src=\"https:\/\/hyperbate.fr\/dernier\/files\/2022\/03\/anne_teuf_finnele_1.png\" alt=\"\" class=\"wp-image-41229\" width=\"530\" srcset=\"https:\/\/hyperbate.fr\/dernier\/files\/2022\/03\/anne_teuf_finnele_1.png 650w, https:\/\/hyperbate.fr\/dernier\/files\/2022\/03\/anne_teuf_finnele_1-530x335.png 530w\" sizes=\"(max-width: 650px) 100vw, 650px\" \/><\/figure><\/div>\n\n\n\n<p>La rencontre aura lieu le vendredi 18 mars \u00e0 15 heures, en salle A-1-175. Cette quatri\u00e8me s\u00e9ance de la onzi\u00e8me ann\u00e9e du cycle de conf\u00e9rences n&rsquo;est malheureusement pas ouverte au public, du fait des probl\u00e8mes de jauge des salles.  <\/p>\n","protected":false},"excerpt":{"rendered":"<p>Vendredi 18 mars 2022, le\u00a0cycle de conf\u00e9rences Litt\u00e9ratures graphiques contemporaines\u00a0accueillera Anne Teuf. Ancienne \u00e9tudiante de l&rsquo;\u00e9cole des arts d\u00e9coratifs de Strasbourg, Anne Teuf est illustratrice jeunesse (Nathan, Hatier, Fleurus, Larousse) depuis les ann\u00e9es 1990. En 2014, elle publie le premier tome de sa bande dessin\u00e9e Finnele qui, prenant comme point de d\u00e9part la biographie d&rsquo;une [&hellip;]<\/p>\n","protected":false},"author":1,"featured_media":0,"comment_status":"open","ping_status":"open","sticky":false,"template":"","format":"standard","meta":{"footnotes":""},"categories":[53,102],"tags":[],"class_list":["post-41167","post","type-post","status-publish","format-standard","hentry","category-bande-dessinee","category-conferences"],"_links":{"self":[{"href":"https:\/\/hyperbate.fr\/dernier\/index.php?rest_route=\/wp\/v2\/posts\/41167","targetHints":{"allow":["GET"]}}],"collection":[{"href":"https:\/\/hyperbate.fr\/dernier\/index.php?rest_route=\/wp\/v2\/posts"}],"about":[{"href":"https:\/\/hyperbate.fr\/dernier\/index.php?rest_route=\/wp\/v2\/types\/post"}],"author":[{"embeddable":true,"href":"https:\/\/hyperbate.fr\/dernier\/index.php?rest_route=\/wp\/v2\/users\/1"}],"replies":[{"embeddable":true,"href":"https:\/\/hyperbate.fr\/dernier\/index.php?rest_route=%2Fwp%2Fv2%2Fcomments&post=41167"}],"version-history":[{"count":3,"href":"https:\/\/hyperbate.fr\/dernier\/index.php?rest_route=\/wp\/v2\/posts\/41167\/revisions"}],"predecessor-version":[{"id":41231,"href":"https:\/\/hyperbate.fr\/dernier\/index.php?rest_route=\/wp\/v2\/posts\/41167\/revisions\/41231"}],"wp:attachment":[{"href":"https:\/\/hyperbate.fr\/dernier\/index.php?rest_route=%2Fwp%2Fv2%2Fmedia&parent=41167"}],"wp:term":[{"taxonomy":"category","embeddable":true,"href":"https:\/\/hyperbate.fr\/dernier\/index.php?rest_route=%2Fwp%2Fv2%2Fcategories&post=41167"},{"taxonomy":"post_tag","embeddable":true,"href":"https:\/\/hyperbate.fr\/dernier\/index.php?rest_route=%2Fwp%2Fv2%2Ftags&post=41167"}],"curies":[{"name":"wp","href":"https:\/\/api.w.org\/{rel}","templated":true}]}}